{"id":1552,"date":"2025-05-29T13:32:58","date_gmt":"2025-05-29T13:32:58","guid":{"rendered":"https:\/\/lanoticia507.com\/noticia\/?p=1552"},"modified":"2025-05-29T13:33:00","modified_gmt":"2025-05-29T13:33:00","slug":"sube-el-combustible-en-panama","status":"publish","type":"post","link":"https:\/\/lanoticia507.com\/noticia\/sube-el-combustible-en-panama\/","title":{"rendered":"Sube el combustible en Panam\u00e1"},"content":{"rendered":"\n<p>La Secretar\u00eda de Energ\u00eda anunci\u00f3 los precios de los combustibles que regir\u00e1n desde este viernes 30 de mayo.&nbsp;&nbsp;<\/p>\n\n\n\n<p>La gasolina de 95 octanos mantiene su precio en 0.91 centavos.<\/p>\n\n\n\n<p>La gasolina de 91 octanos sube su precio un centavo,&nbsp; quedando en 0.86 centavos por litro.&nbsp;<\/p>\n\n\n\n<p>Mientras que el di\u00e9sel bajo en azufre sube dos centavos y quedando en 0.77 centavos el litro.<\/p>\n\n\n\n<p>Estos precios regir\u00e1n hasta las 5:59 de la ma\u00f1ana del pr\u00f3ximo viernes 13 de junio.<\/p>\n","protected":false},"excerpt":{"rendered":"<p>La Secretar\u00eda de Energ\u00eda anunci\u00f3 los precios de los combustibles que regir\u00e1n desde este viernes 30 de mayo.&nbsp;&nbsp;<\/p>\n","protected":false},"author":2,"featured_media":1553,"comment_status":"open","ping_status":"open","sticky":false,"template":"","format":"standard","meta":{"footnotes":""},"categories":[4],"tags":[],"class_list":["post-1552","post","type-post","status-publish","format-standard","has-post-thumbnail","hentry","category-actualidad-panama"],"yoast_head":"<!-- This site is optimized with the Yoast SEO plugin v25.2 - https:\/\/yoast.com\/wordpress\/plugins\/seo\/ -->\n<title>Sube el combustible en Panam\u00e1 -<\/title>\n<meta name=\"robots\" content=\"index, follow, max-snippet:-1, max-image-preview:large, max-video-preview:-1\" \/>\n<link rel=\"canonical\" href=\"https:\/\/lanoticia507.com\/noticia\/sube-el-combustible-en-panama\/\" \/>\n<meta property=\"og:locale\" content=\"es_ES\" \/>\n<meta property=\"og:type\" content=\"article\" \/>\n<meta property=\"og:title\" content=\"Sube el combustible en Panam\u00e1 -\" \/>\n<meta property=\"og:description\" content=\"La Secretar\u00eda de Energ\u00eda anunci\u00f3 los precios de los combustibles que regir\u00e1n desde este viernes 30 de mayo.&nbsp;&nbsp;\" \/>\n<meta property=\"og:url\" content=\"https:\/\/lanoticia507.com\/noticia\/sube-el-combustible-en-panama\/\" \/>\n<meta property=\"article:published_time\" content=\"2025-05-29T13:32:58+00:00\" \/>\n<meta property=\"article:modified_time\" content=\"2025-05-29T13:33:00+00:00\" \/>\n<meta property=\"og:image\" content=\"https:\/\/lanoticia507.com\/noticia\/wp-content\/uploads\/2025\/05\/1000056224.jpg\" \/>\n\t<meta property=\"og:image:width\" content=\"736\" \/>\n\t<meta property=\"og:image:height\" content=\"680\" \/>\n\t<meta property=\"og:image:type\" content=\"image\/jpeg\" \/>\n<meta name=\"author\" content=\"lanoticia507\" \/>\n<meta name=\"twitter:card\" content=\"summary_large_image\" \/>\n<meta name=\"twitter:label1\" content=\"Escrito por\" \/>\n\t<meta name=\"twitter:data1\" content=\"lanoticia507\" \/>\n<script type=\"application\/ld+json\" class=\"yoast-schema-graph\">{\"@context\":\"https:\/\/schema.org\",\"@graph\":[{\"@type\":\"Article\",\"@id\":\"https:\/\/lanoticia507.com\/noticia\/sube-el-combustible-en-panama\/#article\",\"isPartOf\":{\"@id\":\"https:\/\/lanoticia507.com\/noticia\/sube-el-combustible-en-panama\/\"},\"author\":{\"name\":\"lanoticia507\",\"@id\":\"https:\/\/lanoticia507.com\/noticia\/#\/schema\/person\/ef09ab363a6586838f4fe9d2ba0f2f8b\"},\"headline\":\"Sube el combustible en Panam\u00e1\",\"datePublished\":\"2025-05-29T13:32:58+00:00\",\"dateModified\":\"2025-05-29T13:33:00+00:00\",\"mainEntityOfPage\":{\"@id\":\"https:\/\/lanoticia507.com\/noticia\/sube-el-combustible-en-panama\/\"},\"wordCount\":85,\"commentCount\":0,\"publisher\":{\"@id\":\"https:\/\/lanoticia507.com\/noticia\/#organization\"},\"image\":{\"@id\":\"https:\/\/lanoticia507.com\/noticia\/sube-el-combustible-en-panama\/#primaryimage\"},\"thumbnailUrl\":\"https:\/\/lanoticia507.com\/noticia\/wp-content\/uploads\/2025\/05\/1000056224.jpg\",\"articleSection\":[\"Actualidad Panam\u00e1\"],\"inLanguage\":\"es\",\"potentialAction\":[{\"@type\":\"CommentAction\",\"name\":\"Comment\",\"target\":[\"https:\/\/lanoticia507.com\/noticia\/sube-el-combustible-en-panama\/#respond\"]}]},{\"@type\":\"WebPage\",\"@id\":\"https:\/\/lanoticia507.com\/noticia\/sube-el-combustible-en-panama\/\",\"url\":\"https:\/\/lanoticia507.com\/noticia\/sube-el-combustible-en-panama\/\",\"name\":\"Sube el combustible en Panam\u00e1 -\",\"isPartOf\":{\"@id\":\"https:\/\/lanoticia507.com\/noticia\/#website\"},\"primaryImageOfPage\":{\"@id\":\"https:\/\/lanoticia507.com\/noticia\/sube-el-combustible-en-panama\/#primaryimage\"},\"image\":{\"@id\":\"https:\/\/lanoticia507.com\/noticia\/sube-el-combustible-en-panama\/#primaryimage\"},\"thumbnailUrl\":\"https:\/\/lanoticia507.com\/noticia\/wp-content\/uploads\/2025\/05\/1000056224.jpg\",\"datePublished\":\"2025-05-29T13:32:58+00:00\",\"dateModified\":\"2025-05-29T13:33:00+00:00\",\"breadcrumb\":{\"@id\":\"https:\/\/lanoticia507.com\/noticia\/sube-el-combustible-en-panama\/#breadcrumb\"},\"inLanguage\":\"es\",\"potentialAction\":[{\"@type\":\"ReadAction\",\"target\":[\"https:\/\/lanoticia507.com\/noticia\/sube-el-combustible-en-panama\/\"]}]},{\"@type\":\"ImageObject\",\"inLanguage\":\"es\",\"@id\":\"https:\/\/lanoticia507.com\/noticia\/sube-el-combustible-en-panama\/#primaryimage\",\"url\":\"https:\/\/lanoticia507.com\/noticia\/wp-content\/uploads\/2025\/05\/1000056224.jpg\",\"contentUrl\":\"https:\/\/lanoticia507.com\/noticia\/wp-content\/uploads\/2025\/05\/1000056224.jpg\",\"width\":736,\"height\":680},{\"@type\":\"BreadcrumbList\",\"@id\":\"https:\/\/lanoticia507.com\/noticia\/sube-el-combustible-en-panama\/#breadcrumb\",\"itemListElement\":[{\"@type\":\"ListItem\",\"position\":1,\"name\":\"Portada\",\"item\":\"https:\/\/lanoticia507.com\/noticia\/\"},{\"@type\":\"ListItem\",\"position\":2,\"name\":\"Sube el combustible en Panam\u00e1\"}]},{\"@type\":\"WebSite\",\"@id\":\"https:\/\/lanoticia507.com\/noticia\/#website\",\"url\":\"https:\/\/lanoticia507.com\/noticia\/\",\"name\":\"Noticias de Panam\u00e1 | \u00daltimas noticias de Panam\u00e1 | La Noticia 507\",\"description\":\"\",\"publisher\":{\"@id\":\"https:\/\/lanoticia507.com\/noticia\/#organization\"},\"potentialAction\":[{\"@type\":\"SearchAction\",\"target\":{\"@type\":\"EntryPoint\",\"urlTemplate\":\"https:\/\/lanoticia507.com\/noticia\/?s={search_term_string}\"},\"query-input\":{\"@type\":\"PropertyValueSpecification\",\"valueRequired\":true,\"valueName\":\"search_term_string\"}}],\"inLanguage\":\"es\"},{\"@type\":\"Organization\",\"@id\":\"https:\/\/lanoticia507.com\/noticia\/#organization\",\"name\":\"Noticias de Panam\u00e1 | \u00daltimas noticias de Panam\u00e1 | La Noticia 507\",\"url\":\"https:\/\/lanoticia507.com\/noticia\/\",\"logo\":{\"@type\":\"ImageObject\",\"inLanguage\":\"es\",\"@id\":\"https:\/\/lanoticia507.com\/noticia\/#\/schema\/logo\/image\/\",\"url\":\"https:\/\/lanoticia507.com\/noticia\/wp-content\/uploads\/2025\/04\/logo-la-noticia-507-150-sombra.png\",\"contentUrl\":\"https:\/\/lanoticia507.com\/noticia\/wp-content\/uploads\/2025\/04\/logo-la-noticia-507-150-sombra.png\",\"width\":170,\"height\":170,\"caption\":\"Noticias de Panam\u00e1 | \u00daltimas noticias de Panam\u00e1 | La Noticia 507\"},\"image\":{\"@id\":\"https:\/\/lanoticia507.com\/noticia\/#\/schema\/logo\/image\/\"},\"sameAs\":[\"https:\/\/www.instagram.com\/lanoticia507\",\"https:\/\/www.tiktok.com\/@lanoticia507\"]},{\"@type\":\"Person\",\"@id\":\"https:\/\/lanoticia507.com\/noticia\/#\/schema\/person\/ef09ab363a6586838f4fe9d2ba0f2f8b\",\"name\":\"lanoticia507\",\"image\":{\"@type\":\"ImageObject\",\"inLanguage\":\"es\",\"@id\":\"https:\/\/lanoticia507.com\/noticia\/#\/schema\/person\/image\/\",\"url\":\"https:\/\/secure.gravatar.com\/avatar\/e1934cbec687ee9715cc234eb1a6c727dfe980db8f0b92ad6e6bbb395ff2c52b?s=96&d=mm&r=g\",\"contentUrl\":\"https:\/\/secure.gravatar.com\/avatar\/e1934cbec687ee9715cc234eb1a6c727dfe980db8f0b92ad6e6bbb395ff2c52b?s=96&d=mm&r=g\",\"caption\":\"lanoticia507\"},\"url\":\"https:\/\/lanoticia507.com\/noticia\/author\/c2791082\/\"}]}<\/script>\n<!-- \/ Yoast SEO plugin. -->","yoast_head_json":{"title":"Sube el combustible en Panam\u00e1 -","robots":{"index":"index","follow":"follow","max-snippet":"max-snippet:-1","max-image-preview":"max-image-preview:large","max-video-preview":"max-video-preview:-1"},"canonical":"https:\/\/lanoticia507.com\/noticia\/sube-el-combustible-en-panama\/","og_locale":"es_ES","og_type":"article","og_title":"Sube el combustible en Panam\u00e1 -","og_description":"La Secretar\u00eda de Energ\u00eda anunci\u00f3 los precios de los combustibles que regir\u00e1n desde este viernes 30 de mayo.&nbsp;&nbsp;","og_url":"https:\/\/lanoticia507.com\/noticia\/sube-el-combustible-en-panama\/","article_published_time":"2025-05-29T13:32:58+00:00","article_modified_time":"2025-05-29T13:33:00+00:00","og_image":[{"width":736,"height":680,"url":"https:\/\/lanoticia507.com\/noticia\/wp-content\/uploads\/2025\/05\/1000056224.jpg","type":"image\/jpeg"}],"author":"lanoticia507","twitter_card":"summary_large_image","twitter_misc":{"Escrito por":"lanoticia507"},"schema":{"@context":"https:\/\/schema.org","@graph":[{"@type":"Article","@id":"https:\/\/lanoticia507.com\/noticia\/sube-el-combustible-en-panama\/#article","isPartOf":{"@id":"https:\/\/lanoticia507.com\/noticia\/sube-el-combustible-en-panama\/"},"author":{"name":"lanoticia507","@id":"https:\/\/lanoticia507.com\/noticia\/#\/schema\/person\/ef09ab363a6586838f4fe9d2ba0f2f8b"},"headline":"Sube el combustible en Panam\u00e1","datePublished":"2025-05-29T13:32:58+00:00","dateModified":"2025-05-29T13:33:00+00:00","mainEntityOfPage":{"@id":"https:\/\/lanoticia507.com\/noticia\/sube-el-combustible-en-panama\/"},"wordCount":85,"commentCount":0,"publisher":{"@id":"https:\/\/lanoticia507.com\/noticia\/#organization"},"image":{"@id":"https:\/\/lanoticia507.com\/noticia\/sube-el-combustible-en-panama\/#primaryimage"},"thumbnailUrl":"https:\/\/lanoticia507.com\/noticia\/wp-content\/uploads\/2025\/05\/1000056224.jpg","articleSection":["Actualidad Panam\u00e1"],"inLanguage":"es","potentialAction":[{"@type":"CommentAction","name":"Comment","target":["https:\/\/lanoticia507.com\/noticia\/sube-el-combustible-en-panama\/#respond"]}]},{"@type":"WebPage","@id":"https:\/\/lanoticia507.com\/noticia\/sube-el-combustible-en-panama\/","url":"https:\/\/lanoticia507.com\/noticia\/sube-el-combustible-en-panama\/","name":"Sube el combustible en Panam\u00e1 -","isPartOf":{"@id":"https:\/\/lanoticia507.com\/noticia\/#website"},"primaryImageOfPage":{"@id":"https:\/\/lanoticia507.com\/noticia\/sube-el-combustible-en-panama\/#primaryimage"},"image":{"@id":"https:\/\/lanoticia507.com\/noticia\/sube-el-combustible-en-panama\/#primaryimage"},"thumbnailUrl":"https:\/\/lanoticia507.com\/noticia\/wp-content\/uploads\/2025\/05\/1000056224.jpg","datePublished":"2025-05-29T13:32:58+00:00","dateModified":"2025-05-29T13:33:00+00:00","breadcrumb":{"@id":"https:\/\/lanoticia507.com\/noticia\/sube-el-combustible-en-panama\/#breadcrumb"},"inLanguage":"es","potentialAction":[{"@type":"ReadAction","target":["https:\/\/lanoticia507.com\/noticia\/sube-el-combustible-en-panama\/"]}]},{"@type":"ImageObject","inLanguage":"es","@id":"https:\/\/lanoticia507.com\/noticia\/sube-el-combustible-en-panama\/#primaryimage","url":"https:\/\/lanoticia507.com\/noticia\/wp-content\/uploads\/2025\/05\/1000056224.jpg","contentUrl":"https:\/\/lanoticia507.com\/noticia\/wp-content\/uploads\/2025\/05\/1000056224.jpg","width":736,"height":680},{"@type":"BreadcrumbList","@id":"https:\/\/lanoticia507.com\/noticia\/sube-el-combustible-en-panama\/#breadcrumb","itemListElement":[{"@type":"ListItem","position":1,"name":"Portada","item":"https:\/\/lanoticia507.com\/noticia\/"},{"@type":"ListItem","position":2,"name":"Sube el combustible en Panam\u00e1"}]},{"@type":"WebSite","@id":"https:\/\/lanoticia507.com\/noticia\/#website","url":"https:\/\/lanoticia507.com\/noticia\/","name":"Noticias de Panam\u00e1 | \u00daltimas noticias de Panam\u00e1 | La Noticia 507","description":"","publisher":{"@id":"https:\/\/lanoticia507.com\/noticia\/#organization"},"potentialAction":[{"@type":"SearchAction","target":{"@type":"EntryPoint","urlTemplate":"https:\/\/lanoticia507.com\/noticia\/?s={search_term_string}"},"query-input":{"@type":"PropertyValueSpecification","valueRequired":true,"valueName":"search_term_string"}}],"inLanguage":"es"},{"@type":"Organization","@id":"https:\/\/lanoticia507.com\/noticia\/#organization","name":"Noticias de Panam\u00e1 | \u00daltimas noticias de Panam\u00e1 | La Noticia 507","url":"https:\/\/lanoticia507.com\/noticia\/","logo":{"@type":"ImageObject","inLanguage":"es","@id":"https:\/\/lanoticia507.com\/noticia\/#\/schema\/logo\/image\/","url":"https:\/\/lanoticia507.com\/noticia\/wp-content\/uploads\/2025\/04\/logo-la-noticia-507-150-sombra.png","contentUrl":"https:\/\/lanoticia507.com\/noticia\/wp-content\/uploads\/2025\/04\/logo-la-noticia-507-150-sombra.png","width":170,"height":170,"caption":"Noticias de Panam\u00e1 | \u00daltimas noticias de Panam\u00e1 | La Noticia 507"},"image":{"@id":"https:\/\/lanoticia507.com\/noticia\/#\/schema\/logo\/image\/"},"sameAs":["https:\/\/www.instagram.com\/lanoticia507","https:\/\/www.tiktok.com\/@lanoticia507"]},{"@type":"Person","@id":"https:\/\/lanoticia507.com\/noticia\/#\/schema\/person\/ef09ab363a6586838f4fe9d2ba0f2f8b","name":"lanoticia507","image":{"@type":"ImageObject","inLanguage":"es","@id":"https:\/\/lanoticia507.com\/noticia\/#\/schema\/person\/image\/","url":"https:\/\/secure.gravatar.com\/avatar\/e1934cbec687ee9715cc234eb1a6c727dfe980db8f0b92ad6e6bbb395ff2c52b?s=96&d=mm&r=g","contentUrl":"https:\/\/secure.gravatar.com\/avatar\/e1934cbec687ee9715cc234eb1a6c727dfe980db8f0b92ad6e6bbb395ff2c52b?s=96&d=mm&r=g","caption":"lanoticia507"},"url":"https:\/\/lanoticia507.com\/noticia\/author\/c2791082\/"}]}},"featured_image_urls":{"full":["https:\/\/lanoticia507.com\/noticia\/wp-content\/uploads\/2025\/05\/1000056224.jpg",736,680,false],"thumbnail":["https:\/\/lanoticia507.com\/noticia\/wp-content\/uploads\/2025\/05\/1000056224-150x150.jpg",150,150,true],"medium":["https:\/\/lanoticia507.com\/noticia\/wp-content\/uploads\/2025\/05\/1000056224-300x277.jpg",300,277,true],"medium_large":["https:\/\/lanoticia507.com\/noticia\/wp-content\/uploads\/2025\/05\/1000056224.jpg",640,591,false],"large":["https:\/\/lanoticia507.com\/noticia\/wp-content\/uploads\/2025\/05\/1000056224.jpg",640,591,false],"1536x1536":["https:\/\/lanoticia507.com\/noticia\/wp-content\/uploads\/2025\/05\/1000056224.jpg",736,680,false],"2048x2048":["https:\/\/lanoticia507.com\/noticia\/wp-content\/uploads\/2025\/05\/1000056224.jpg",736,680,false],"morenews-featured":["https:\/\/lanoticia507.com\/noticia\/wp-content\/uploads\/2025\/05\/1000056224.jpg",736,680,false],"morenews-large":["https:\/\/lanoticia507.com\/noticia\/wp-content\/uploads\/2025\/05\/1000056224-736x575.jpg",736,575,true],"morenews-medium":["https:\/\/lanoticia507.com\/noticia\/wp-content\/uploads\/2025\/05\/1000056224-590x410.jpg",590,410,true]},"author_info":{"display_name":"lanoticia507","author_link":"https:\/\/lanoticia507.com\/noticia\/author\/c2791082\/"},"category_info":"<a href=\"https:\/\/lanoticia507.com\/noticia\/category\/actualidad-panama\/\" rel=\"category tag\">Actualidad Panam\u00e1<\/a>","tag_info":"Actualidad Panam\u00e1","comment_count":"0","_links":{"self":[{"href":"https:\/\/lanoticia507.com\/noticia\/wp-json\/wp\/v2\/posts\/1552","targetHints":{"allow":["GET"]}}],"collection":[{"href":"https:\/\/lanoticia507.com\/noticia\/wp-json\/wp\/v2\/posts"}],"about":[{"href":"https:\/\/lanoticia507.com\/noticia\/wp-json\/wp\/v2\/types\/post"}],"author":[{"embeddable":true,"href":"https:\/\/lanoticia507.com\/noticia\/wp-json\/wp\/v2\/users\/2"}],"replies":[{"embeddable":true,"href":"https:\/\/lanoticia507.com\/noticia\/wp-json\/wp\/v2\/comments?post=1552"}],"version-history":[{"count":1,"href":"https:\/\/lanoticia507.com\/noticia\/wp-json\/wp\/v2\/posts\/1552\/revisions"}],"predecessor-version":[{"id":1554,"href":"https:\/\/lanoticia507.com\/noticia\/wp-json\/wp\/v2\/posts\/1552\/revisions\/1554"}],"wp:featuredmedia":[{"embeddable":true,"href":"https:\/\/lanoticia507.com\/noticia\/wp-json\/wp\/v2\/media\/1553"}],"wp:attachment":[{"href":"https:\/\/lanoticia507.com\/noticia\/wp-json\/wp\/v2\/media?parent=1552"}],"wp:term":[{"taxonomy":"category","embeddable":true,"href":"https:\/\/lanoticia507.com\/noticia\/wp-json\/wp\/v2\/categories?post=1552"},{"taxonomy":"post_tag","embeddable":true,"href":"https:\/\/lanoticia507.com\/noticia\/wp-json\/wp\/v2\/tags?post=1552"}],"curies":[{"name":"wp","href":"https:\/\/api.w.org\/{rel}","templated":true}]}}