{"id":1671,"date":"2025-07-02T00:47:40","date_gmt":"2025-07-02T00:47:40","guid":{"rendered":"https:\/\/lanoticia507.com\/noticia\/?p=1671"},"modified":"2025-07-02T00:47:41","modified_gmt":"2025-07-02T00:47:41","slug":"discurso-de-mulino","status":"publish","type":"post","link":"https:\/\/lanoticia507.com\/noticia\/discurso-de-mulino\/","title":{"rendered":"Discurso de Mulino"},"content":{"rendered":"\n<p>Quiero cerrar este cap\u00edtulo diciendo que la nueva Ley de la Caja de Seguro Social es un paso vital para garantizar las pensiones de los paname\u00f1os y mejorar el sistema de salud.&nbsp;<\/p>\n\n\n\n<p>Por otro lado, el default de la Caja de Seguro Social llevar\u00eda al pa\u00eds al colapso financiero y, entonces, la realidad hubiese sido muy distinta.<\/p>\n\n\n\n<p>Esta reforma era indispensable para cuidar el bolsillo y la salud de los paname\u00f1os, as\u00ed como preservar nuestro grado de inversi\u00f3n, sostener la estabilidad macroecon\u00f3mica y enviar un mensaje claro a los mercados internacionales de que nonos rifar\u00edamos la naci\u00f3n.<\/p>\n\n\n\n<p>Compatriotas:<\/p>\n\n\n\n<p>Quiero referirme ahora a otro pseudo esc\u00e1ndalo, el Memorando de Entendimiento firmado con los Estados Unidos.&nbsp;<\/p>\n\n\n\n<p>Este documento, que ha sido objeto de interpretaciones malintencionadas, no viola nuestra soberan\u00eda bajo ning\u00fan concepto.&nbsp;<\/p>\n\n\n\n<p>Por el contrario, reafirma que todas las instalaciones de seguridad contin\u00faan siendo paname\u00f1as, que el control operativo corresponde exclusivamente al Ministerio de Seguridad P\u00fablica, y que cualquier colaboraci\u00f3n extranjera ser\u00e1 temporal y respetuosa de nuestra Constituci\u00f3n y nuestras leyes.&nbsp;<\/p>\n\n\n\n<p>El Memorando no contempla bases militares ni cesi\u00f3n territorial de ning\u00fan tipo, y puede ser cancelado por Panam\u00e1 de forma unilateral con seis meses de notificaci\u00f3n.&nbsp;<\/p>\n\n\n\n<p>Se trata de uno m\u00e1s, de al menos 23 acuerdos de cooperaci\u00f3n similares, que Panam\u00e1 ha suscrito con los Estados Unidos desde 1990, practicada por todos los gobiernos en defensa del inter\u00e9s nacional.<\/p>\n\n\n\n<p>Lo que s\u00ed va a pasar, es que vamos fuerte contra el narcotr\u00e1fico. Atacar este flagelo es defender a nuestra patria, se lo digo con toda honestidad y es muy grave la situaci\u00f3n.&nbsp;<\/p>\n\n\n\n<p>Miren, yo particip\u00e9 en la elaboraci\u00f3n de la Ley Org\u00e1nica del Canal que hoy tiene rango constitucional, y fui uno de los pocos l\u00edderes de oposici\u00f3n que vot\u00f3 a favor de la ampliaci\u00f3n del Canal. Creo, sin lugar a duda, que la neutralidad es y seguir\u00e1&nbsp; siendo su mejor defensa.&nbsp;<\/p>\n\n\n\n<p>Como siempre, el tiempo es el mejor ordenador y ha puesto las cosas en su lugar: Quedar\u00e1 claro que este gobierno no ha cedido, ni ceder\u00e1, un mil\u00edmetro de la soberan\u00eda paname\u00f1a.<\/p>\n\n\n\n<p>Tal es el apego a la Constituci\u00f3n Nacional, que hemos declarado el 2025 como el a\u00f1o de la \u00abAlfabetizaci\u00f3n Constitucional\u00bb con un gran trabajo de difusi\u00f3n en la ense\u00f1anza de nuestra Carta Magna, para luego iniciar la transformaci\u00f3n del Estado a trav\u00e9s de una Asamblea Nacional Constituyente como la 1946 que dot\u00f3 al pa\u00eds de una gran Constituci\u00f3n, jam\u00e1s superada.<\/p>\n\n\n\n<p>Tal es la defensa del Canal, que apoyo abiertamente en foros internacionales el Proyecto de Reservorio de R\u00edo Indio. La historia muestra el error que hubiese sido no ampliar en Canal.<\/p>\n\n\n\n<p>Ese Canal necesita m\u00e1s agua, nosotros necesitamos m\u00e1s agua para beber. No podemos afectar nuestra gran ventaja competitiva y nuestra estrat\u00e9gica posici\u00f3n geogr\u00e1fica.&nbsp;<\/p>\n\n\n\n<p>Los que se opusieron a la ampliaci\u00f3n buscando alg\u00fan r\u00e9dito pol\u00edtico, despu\u00e9s posaban re\u00eddos en cada foto de la inauguraci\u00f3n de esa mega obra que intentaron detener.&nbsp;<\/p>\n\n\n\n<p>Quien se opone a R\u00edo Indio se opone al progreso, se opone a tener m\u00e1s agua para la gente y a tener m\u00e1s recursos h\u00eddricos para el Canal.&nbsp;<\/p>\n\n\n\n<p>Esta obra no perjudica a nadie y estoy seguro de que la Autoridad del Canal de Panam\u00e1 har\u00e1 un trabajo humano, que garantice bienestar a las personas que puedan afectarse con la obra.<\/p>\n\n\n\n<p>Se\u00f1oras y se\u00f1ores:<\/p>\n\n\n\n<p>Ustedes saben que he sufrido en carne propia el odio generado por complejos de inferioridad en el poder. Eso dej\u00f3 algo claro en m\u00ed: jam\u00e1s mezclar\u00eda asuntos personales con decisiones p\u00fablicas.&nbsp;<\/p>\n\n\n\n<p>Lo que inicia un gobierno debe terminarlo el siguiente, porque se trata de recursos de los paname\u00f1os y del valor de la palabra empe\u00f1ada por parte del Estado con todo un pueblo.<\/p>\n\n\n\n<p>No voy a repetir esos errores del pasado de abandonar lasobras y anunciar muchas nuevas desperdiciando los recursos invertidos por mezquindades pol\u00edticas o, peor a\u00fan, por negocio.<\/p>\n\n\n\n<p>Eso es enga\u00f1ar al ciudadano, es una actitud arrogante y soberbia que se burla de la gente y les roba lo que es suyo.<\/p>\n\n\n\n<p>Yo puedo a ser algo duro, pero no soy hip\u00f3crita. Solo les pregunto: \u00bfDesear\u00edas otra vez un gobierno ausente y un presidente que posterga decisiones?<\/p>\n\n\n\n<p>S\u00e9 que la recuperaci\u00f3n est\u00e1 llevando m\u00e1s tiempo. Debo reconocer que fui un entusiasta, tal vez por la inocencia de no imaginar el tremendo desorden que nos dejaron.&nbsp;<\/p>\n\n\n\n<p>Tuvimos que apretar fuerte el cintur\u00f3n del gasto p\u00fablico. Pero este sacrificio nacional, producto de los excesos del pasado, es temporal. Estamos limpiando la mesa, corrigiendo vicios acumulados y reorganizando un sistema que ya no daba para m\u00e1s.&nbsp;<\/p>\n\n\n\n<p>Lamentablemente, eso implica asumir costos adicionales millonarios que no salen del bolsillo de un expresidente, un exvicepresidente ni de antiguos ministros, sino del bolsillo de ustedes, el pueblo paname\u00f1o.<\/p>\n\n\n\n<p>Las \u00faltimas dos gestiones acabaron con la bonanza: la econom\u00eda se estanc\u00f3, el matraqueo pol\u00edtico reemplaz\u00f3 las soluciones concretas para la gente. Le robaron su alegr\u00eda y su esperanza. Sin embargo, no hay casos resonantes, ni responsables subiendo y bajando escaleras.<\/p>\n\n\n\n<p>La ciudadan\u00eda, con junta raz\u00f3n, siente frustraci\u00f3n porque a\u00fan no ven que hay consecuencias por los delitos cometidos.Pero algo s\u00ed quiero destacar: yo no investigo ni juzgo a nadie.<\/p>\n\n\n\n<p>S\u00e9 lo grave de ese mal accionar administrativo, porque este primer a\u00f1o tuvimos que desactivar la bomba econ\u00f3mica, proteger el bolsillo de las familias y empujar sectores claves como la construcci\u00f3n, el turismo, la agricultura, la energ\u00eda y el emprendimiento.<\/p>\n\n\n\n<p>No es un camino f\u00e1cil, pero ya vemos resultados que mejoran la vida de la gente.&nbsp;<\/p>\n\n\n\n<p>Panam\u00e1 vuelve a crecer.&nbsp;<\/p>\n\n\n\n<p>Las proyecciones nos colocan en un crecimiento cercano al 4% del PIB este a\u00f1o. Esto es producto de una administraci\u00f3n responsable y del uso eficiente de los recursos p\u00fablicos.<\/p>\n\n\n\n<p>El Plan Estrat\u00e9gico de Gobierno, planificado por el Ministerio de Econom\u00eda y Finanzas revis\u00f3 m\u00e1s de 2,500 proyectos de inversi\u00f3n p\u00fablica. As\u00ed logramos reducir costos sin afectar obras y servicios.&nbsp; Adem\u00e1s, se logr\u00f3 generar nuevamente credibilidad en los mercados externos, muchos de ellos, acreedores importantes nuestros.<\/p>\n\n\n\n<p>A nivel internacional, vamos recuperando la confianza. Panam\u00e1 est\u00e1 dando pasos firmes para salir de la lista de la Uni\u00f3n Europea, gracias al trabajo coordinado de varias instituciones.&nbsp;<\/p>\n\n\n\n<p>Hemos incrementado nuestra interacci\u00f3n con la OCDE, no solo con miras a salir de esas listas discriminatorias, sino para iniciar nuestra ruta hacia el ingreso a ese importante grupo de Estados democr\u00e1ticos y econom\u00edas pr\u00f3speras.<\/p>\n\n\n\n<p>Esta semana en Sevilla me reun\u00ed con su Secretario General, Mat\u00edas Cormann con quien convenimos iniciar un proceso, que es largo, pero que se dise\u00f1a para nosotros con apoyo de organismos como el BID, para ir avanzando, etapa por etapa, en un proceso, que por s\u00ed solo va transformando esquemas.<\/p>\n\n\n\n<p>Panam\u00e1 asumi\u00f3 un rol destacado en el Consejo de Seguridad de la ONU, donde ejercer\u00e1 la presidencia en agosto. Se logr\u00f3 la designaci\u00f3n de Panam\u00e1 como sede regional del Proyecto COPERNICUS de la Uni\u00f3n Europea.<\/p>\n\n\n\n<p>En la OEA, Panam\u00e1 ejerce actualmente las presidencias pro tempore de la Comisi\u00f3n Interamericana de Mujeres y del Comit\u00e9 contra el Terrorismo.&nbsp;<\/p>\n\n\n\n<p>Nuestro pa\u00eds est\u00e1 recuperando el prestigio internacional perdido, y estamos orgullosos de eso. Es por esto que dedico mi agenda a proyectar a Panam\u00e1 en el mundo como pa\u00eds l\u00edder que avanza con trabajo y se distingue con resultados.<\/p>\n\n\n\n<p>Tambi\u00e9n dimos pasos importantes hacia la modernizaci\u00f3n del Estado. Por ejemplo, eliminamos m\u00e1s de 16,500 cheques f\u00edsicos con el sistema de \u201cCaja Digital\u201d, agilizando pagos de manera segura y transparente.<\/p>\n\n\n\n<p>A trav\u00e9s de la Direcci\u00f3n de Ingresos, reforzamos la fiscalizaci\u00f3n y la cobranza: solo este a\u00f1o se han gestionado m\u00e1s de 32 millones de d\u00f3lares en arreglos de pago. Y hemos mantenido el subsidio el\u00e9ctrico para aliviar la carga de las familias.<\/p>\n","protected":false},"excerpt":{"rendered":"<p>Quiero cerrar este cap\u00edtulo diciendo que la nueva Ley de la Caja de Seguro Social es un paso<\/p>\n","protected":false},"author":2,"featured_media":1672,"comment_status":"open","ping_status":"open","sticky":false,"template":"","format":"standard","meta":{"footnotes":""},"categories":[4],"tags":[],"class_list":["post-1671","post","type-post","status-publish","format-standard","has-post-thumbnail","hentry","category-actualidad-panama"],"yoast_head":"<!-- This site is optimized with the Yoast SEO plugin v25.2 - https:\/\/yoast.com\/wordpress\/plugins\/seo\/ -->\n<title>Discurso de Mulino -<\/title>\n<meta name=\"robots\" content=\"index, follow, max-snippet:-1, max-image-preview:large, max-video-preview:-1\" \/>\n<link rel=\"canonical\" href=\"https:\/\/lanoticia507.com\/noticia\/discurso-de-mulino\/\" \/>\n<meta property=\"og:locale\" content=\"es_ES\" \/>\n<meta property=\"og:type\" content=\"article\" \/>\n<meta property=\"og:title\" content=\"Discurso de Mulino -\" \/>\n<meta property=\"og:description\" content=\"Quiero cerrar este cap\u00edtulo diciendo que la nueva Ley de la Caja de Seguro Social es un paso\" \/>\n<meta property=\"og:url\" content=\"https:\/\/lanoticia507.com\/noticia\/discurso-de-mulino\/\" \/>\n<meta property=\"article:published_time\" content=\"2025-07-02T00:47:40+00:00\" \/>\n<meta property=\"article:modified_time\" content=\"2025-07-02T00:47:41+00:00\" \/>\n<meta property=\"og:image\" content=\"https:\/\/lanoticia507.com\/noticia\/wp-content\/uploads\/2025\/07\/1000263545-scaled.jpg\" \/>\n\t<meta property=\"og:image:width\" content=\"2560\" \/>\n\t<meta property=\"og:image:height\" content=\"1707\" \/>\n\t<meta property=\"og:image:type\" content=\"image\/jpeg\" \/>\n<meta name=\"author\" content=\"lanoticia507\" \/>\n<meta name=\"twitter:card\" content=\"summary_large_image\" \/>\n<meta name=\"twitter:label1\" content=\"Escrito por\" \/>\n\t<meta name=\"twitter:data1\" content=\"lanoticia507\" \/>\n\t<meta name=\"twitter:label2\" content=\"Tiempo de lectura\" \/>\n\t<meta name=\"twitter:data2\" content=\"7 minutos\" \/>\n<script type=\"application\/ld+json\" class=\"yoast-schema-graph\">{\"@context\":\"https:\/\/schema.org\",\"@graph\":[{\"@type\":\"Article\",\"@id\":\"https:\/\/lanoticia507.com\/noticia\/discurso-de-mulino\/#article\",\"isPartOf\":{\"@id\":\"https:\/\/lanoticia507.com\/noticia\/discurso-de-mulino\/\"},\"author\":{\"name\":\"lanoticia507\",\"@id\":\"https:\/\/lanoticia507.com\/noticia\/#\/schema\/person\/ef09ab363a6586838f4fe9d2ba0f2f8b\"},\"headline\":\"Discurso de Mulino\",\"datePublished\":\"2025-07-02T00:47:40+00:00\",\"dateModified\":\"2025-07-02T00:47:41+00:00\",\"mainEntityOfPage\":{\"@id\":\"https:\/\/lanoticia507.com\/noticia\/discurso-de-mulino\/\"},\"wordCount\":1406,\"commentCount\":0,\"publisher\":{\"@id\":\"https:\/\/lanoticia507.com\/noticia\/#organization\"},\"image\":{\"@id\":\"https:\/\/lanoticia507.com\/noticia\/discurso-de-mulino\/#primaryimage\"},\"thumbnailUrl\":\"https:\/\/lanoticia507.com\/noticia\/wp-content\/uploads\/2025\/07\/1000263545-scaled.jpg\",\"articleSection\":[\"Actualidad Panam\u00e1\"],\"inLanguage\":\"es\",\"potentialAction\":[{\"@type\":\"CommentAction\",\"name\":\"Comment\",\"target\":[\"https:\/\/lanoticia507.com\/noticia\/discurso-de-mulino\/#respond\"]}]},{\"@type\":\"WebPage\",\"@id\":\"https:\/\/lanoticia507.com\/noticia\/discurso-de-mulino\/\",\"url\":\"https:\/\/lanoticia507.com\/noticia\/discurso-de-mulino\/\",\"name\":\"Discurso de Mulino -\",\"isPartOf\":{\"@id\":\"https:\/\/lanoticia507.com\/noticia\/#website\"},\"primaryImageOfPage\":{\"@id\":\"https:\/\/lanoticia507.com\/noticia\/discurso-de-mulino\/#primaryimage\"},\"image\":{\"@id\":\"https:\/\/lanoticia507.com\/noticia\/discurso-de-mulino\/#primaryimage\"},\"thumbnailUrl\":\"https:\/\/lanoticia507.com\/noticia\/wp-content\/uploads\/2025\/07\/1000263545-scaled.jpg\",\"datePublished\":\"2025-07-02T00:47:40+00:00\",\"dateModified\":\"2025-07-02T00:47:41+00:00\",\"breadcrumb\":{\"@id\":\"https:\/\/lanoticia507.com\/noticia\/discurso-de-mulino\/#breadcrumb\"},\"inLanguage\":\"es\",\"potentialAction\":[{\"@type\":\"ReadAction\",\"target\":[\"https:\/\/lanoticia507.com\/noticia\/discurso-de-mulino\/\"]}]},{\"@type\":\"ImageObject\",\"inLanguage\":\"es\",\"@id\":\"https:\/\/lanoticia507.com\/noticia\/discurso-de-mulino\/#primaryimage\",\"url\":\"https:\/\/lanoticia507.com\/noticia\/wp-content\/uploads\/2025\/07\/1000263545-scaled.jpg\",\"contentUrl\":\"https:\/\/lanoticia507.com\/noticia\/wp-content\/uploads\/2025\/07\/1000263545-scaled.jpg\",\"width\":2560,\"height\":1707},{\"@type\":\"BreadcrumbList\",\"@id\":\"https:\/\/lanoticia507.com\/noticia\/discurso-de-mulino\/#breadcrumb\",\"itemListElement\":[{\"@type\":\"ListItem\",\"position\":1,\"name\":\"Portada\",\"item\":\"https:\/\/lanoticia507.com\/noticia\/\"},{\"@type\":\"ListItem\",\"position\":2,\"name\":\"Discurso de Mulino\"}]},{\"@type\":\"WebSite\",\"@id\":\"https:\/\/lanoticia507.com\/noticia\/#website\",\"url\":\"https:\/\/lanoticia507.com\/noticia\/\",\"name\":\"Noticias de Panam\u00e1 | \u00daltimas noticias de Panam\u00e1 | La Noticia 507\",\"description\":\"\",\"publisher\":{\"@id\":\"https:\/\/lanoticia507.com\/noticia\/#organization\"},\"potentialAction\":[{\"@type\":\"SearchAction\",\"target\":{\"@type\":\"EntryPoint\",\"urlTemplate\":\"https:\/\/lanoticia507.com\/noticia\/?s={search_term_string}\"},\"query-input\":{\"@type\":\"PropertyValueSpecification\",\"valueRequired\":true,\"valueName\":\"search_term_string\"}}],\"inLanguage\":\"es\"},{\"@type\":\"Organization\",\"@id\":\"https:\/\/lanoticia507.com\/noticia\/#organization\",\"name\":\"Noticias de Panam\u00e1 | \u00daltimas noticias de Panam\u00e1 | La Noticia 507\",\"url\":\"https:\/\/lanoticia507.com\/noticia\/\",\"logo\":{\"@type\":\"ImageObject\",\"inLanguage\":\"es\",\"@id\":\"https:\/\/lanoticia507.com\/noticia\/#\/schema\/logo\/image\/\",\"url\":\"https:\/\/lanoticia507.com\/noticia\/wp-content\/uploads\/2025\/04\/logo-la-noticia-507-150-sombra.png\",\"contentUrl\":\"https:\/\/lanoticia507.com\/noticia\/wp-content\/uploads\/2025\/04\/logo-la-noticia-507-150-sombra.png\",\"width\":170,\"height\":170,\"caption\":\"Noticias de Panam\u00e1 | \u00daltimas noticias de Panam\u00e1 | La Noticia 507\"},\"image\":{\"@id\":\"https:\/\/lanoticia507.com\/noticia\/#\/schema\/logo\/image\/\"},\"sameAs\":[\"https:\/\/www.instagram.com\/lanoticia507\",\"https:\/\/www.tiktok.com\/@lanoticia507\"]},{\"@type\":\"Person\",\"@id\":\"https:\/\/lanoticia507.com\/noticia\/#\/schema\/person\/ef09ab363a6586838f4fe9d2ba0f2f8b\",\"name\":\"lanoticia507\",\"image\":{\"@type\":\"ImageObject\",\"inLanguage\":\"es\",\"@id\":\"https:\/\/lanoticia507.com\/noticia\/#\/schema\/person\/image\/\",\"url\":\"https:\/\/secure.gravatar.com\/avatar\/e1934cbec687ee9715cc234eb1a6c727dfe980db8f0b92ad6e6bbb395ff2c52b?s=96&d=mm&r=g\",\"contentUrl\":\"https:\/\/secure.gravatar.com\/avatar\/e1934cbec687ee9715cc234eb1a6c727dfe980db8f0b92ad6e6bbb395ff2c52b?s=96&d=mm&r=g\",\"caption\":\"lanoticia507\"},\"url\":\"https:\/\/lanoticia507.com\/noticia\/author\/c2791082\/\"}]}<\/script>\n<!-- \/ Yoast SEO plugin. -->","yoast_head_json":{"title":"Discurso de Mulino -","robots":{"index":"index","follow":"follow","max-snippet":"max-snippet:-1","max-image-preview":"max-image-preview:large","max-video-preview":"max-video-preview:-1"},"canonical":"https:\/\/lanoticia507.com\/noticia\/discurso-de-mulino\/","og_locale":"es_ES","og_type":"article","og_title":"Discurso de Mulino -","og_description":"Quiero cerrar este cap\u00edtulo diciendo que la nueva Ley de la Caja de Seguro Social es un paso","og_url":"https:\/\/lanoticia507.com\/noticia\/discurso-de-mulino\/","article_published_time":"2025-07-02T00:47:40+00:00","article_modified_time":"2025-07-02T00:47:41+00:00","og_image":[{"width":2560,"height":1707,"url":"https:\/\/lanoticia507.com\/noticia\/wp-content\/uploads\/2025\/07\/1000263545-scaled.jpg","type":"image\/jpeg"}],"author":"lanoticia507","twitter_card":"summary_large_image","twitter_misc":{"Escrito por":"lanoticia507","Tiempo de lectura":"7 minutos"},"schema":{"@context":"https:\/\/schema.org","@graph":[{"@type":"Article","@id":"https:\/\/lanoticia507.com\/noticia\/discurso-de-mulino\/#article","isPartOf":{"@id":"https:\/\/lanoticia507.com\/noticia\/discurso-de-mulino\/"},"author":{"name":"lanoticia507","@id":"https:\/\/lanoticia507.com\/noticia\/#\/schema\/person\/ef09ab363a6586838f4fe9d2ba0f2f8b"},"headline":"Discurso de Mulino","datePublished":"2025-07-02T00:47:40+00:00","dateModified":"2025-07-02T00:47:41+00:00","mainEntityOfPage":{"@id":"https:\/\/lanoticia507.com\/noticia\/discurso-de-mulino\/"},"wordCount":1406,"commentCount":0,"publisher":{"@id":"https:\/\/lanoticia507.com\/noticia\/#organization"},"image":{"@id":"https:\/\/lanoticia507.com\/noticia\/discurso-de-mulino\/#primaryimage"},"thumbnailUrl":"https:\/\/lanoticia507.com\/noticia\/wp-content\/uploads\/2025\/07\/1000263545-scaled.jpg","articleSection":["Actualidad Panam\u00e1"],"inLanguage":"es","potentialAction":[{"@type":"CommentAction","name":"Comment","target":["https:\/\/lanoticia507.com\/noticia\/discurso-de-mulino\/#respond"]}]},{"@type":"WebPage","@id":"https:\/\/lanoticia507.com\/noticia\/discurso-de-mulino\/","url":"https:\/\/lanoticia507.com\/noticia\/discurso-de-mulino\/","name":"Discurso de Mulino -","isPartOf":{"@id":"https:\/\/lanoticia507.com\/noticia\/#website"},"primaryImageOfPage":{"@id":"https:\/\/lanoticia507.com\/noticia\/discurso-de-mulino\/#primaryimage"},"image":{"@id":"https:\/\/lanoticia507.com\/noticia\/discurso-de-mulino\/#primaryimage"},"thumbnailUrl":"https:\/\/lanoticia507.com\/noticia\/wp-content\/uploads\/2025\/07\/1000263545-scaled.jpg","datePublished":"2025-07-02T00:47:40+00:00","dateModified":"2025-07-02T00:47:41+00:00","breadcrumb":{"@id":"https:\/\/lanoticia507.com\/noticia\/discurso-de-mulino\/#breadcrumb"},"inLanguage":"es","potentialAction":[{"@type":"ReadAction","target":["https:\/\/lanoticia507.com\/noticia\/discurso-de-mulino\/"]}]},{"@type":"ImageObject","inLanguage":"es","@id":"https:\/\/lanoticia507.com\/noticia\/discurso-de-mulino\/#primaryimage","url":"https:\/\/lanoticia507.com\/noticia\/wp-content\/uploads\/2025\/07\/1000263545-scaled.jpg","contentUrl":"https:\/\/lanoticia507.com\/noticia\/wp-content\/uploads\/2025\/07\/1000263545-scaled.jpg","width":2560,"height":1707},{"@type":"BreadcrumbList","@id":"https:\/\/lanoticia507.com\/noticia\/discurso-de-mulino\/#breadcrumb","itemListElement":[{"@type":"ListItem","position":1,"name":"Portada","item":"https:\/\/lanoticia507.com\/noticia\/"},{"@type":"ListItem","position":2,"name":"Discurso de Mulino"}]},{"@type":"WebSite","@id":"https:\/\/lanoticia507.com\/noticia\/#website","url":"https:\/\/lanoticia507.com\/noticia\/","name":"Noticias de Panam\u00e1 | \u00daltimas noticias de Panam\u00e1 | La Noticia 507","description":"","publisher":{"@id":"https:\/\/lanoticia507.com\/noticia\/#organization"},"potentialAction":[{"@type":"SearchAction","target":{"@type":"EntryPoint","urlTemplate":"https:\/\/lanoticia507.com\/noticia\/?s={search_term_string}"},"query-input":{"@type":"PropertyValueSpecification","valueRequired":true,"valueName":"search_term_string"}}],"inLanguage":"es"},{"@type":"Organization","@id":"https:\/\/lanoticia507.com\/noticia\/#organization","name":"Noticias de Panam\u00e1 | \u00daltimas noticias de Panam\u00e1 | La Noticia 507","url":"https:\/\/lanoticia507.com\/noticia\/","logo":{"@type":"ImageObject","inLanguage":"es","@id":"https:\/\/lanoticia507.com\/noticia\/#\/schema\/logo\/image\/","url":"https:\/\/lanoticia507.com\/noticia\/wp-content\/uploads\/2025\/04\/logo-la-noticia-507-150-sombra.png","contentUrl":"https:\/\/lanoticia507.com\/noticia\/wp-content\/uploads\/2025\/04\/logo-la-noticia-507-150-sombra.png","width":170,"height":170,"caption":"Noticias de Panam\u00e1 | \u00daltimas noticias de Panam\u00e1 | La Noticia 507"},"image":{"@id":"https:\/\/lanoticia507.com\/noticia\/#\/schema\/logo\/image\/"},"sameAs":["https:\/\/www.instagram.com\/lanoticia507","https:\/\/www.tiktok.com\/@lanoticia507"]},{"@type":"Person","@id":"https:\/\/lanoticia507.com\/noticia\/#\/schema\/person\/ef09ab363a6586838f4fe9d2ba0f2f8b","name":"lanoticia507","image":{"@type":"ImageObject","inLanguage":"es","@id":"https:\/\/lanoticia507.com\/noticia\/#\/schema\/person\/image\/","url":"https:\/\/secure.gravatar.com\/avatar\/e1934cbec687ee9715cc234eb1a6c727dfe980db8f0b92ad6e6bbb395ff2c52b?s=96&d=mm&r=g","contentUrl":"https:\/\/secure.gravatar.com\/avatar\/e1934cbec687ee9715cc234eb1a6c727dfe980db8f0b92ad6e6bbb395ff2c52b?s=96&d=mm&r=g","caption":"lanoticia507"},"url":"https:\/\/lanoticia507.com\/noticia\/author\/c2791082\/"}]}},"featured_image_urls":{"full":["https:\/\/lanoticia507.com\/noticia\/wp-content\/uploads\/2025\/07\/1000263545-scaled.jpg",2560,1707,false],"thumbnail":["https:\/\/lanoticia507.com\/noticia\/wp-content\/uploads\/2025\/07\/1000263545-150x150.jpg",150,150,true],"medium":["https:\/\/lanoticia507.com\/noticia\/wp-content\/uploads\/2025\/07\/1000263545-300x200.jpg",300,200,true],"medium_large":["https:\/\/lanoticia507.com\/noticia\/wp-content\/uploads\/2025\/07\/1000263545-768x512.jpg",640,427,true],"large":["https:\/\/lanoticia507.com\/noticia\/wp-content\/uploads\/2025\/07\/1000263545-1024x683.jpg",640,427,true],"1536x1536":["https:\/\/lanoticia507.com\/noticia\/wp-content\/uploads\/2025\/07\/1000263545-1536x1024.jpg",1536,1024,true],"2048x2048":["https:\/\/lanoticia507.com\/noticia\/wp-content\/uploads\/2025\/07\/1000263545-2048x1365.jpg",2048,1365,true],"morenews-featured":["https:\/\/lanoticia507.com\/noticia\/wp-content\/uploads\/2025\/07\/1000263545-1024x683.jpg",1024,683,true],"morenews-large":["https:\/\/lanoticia507.com\/noticia\/wp-content\/uploads\/2025\/07\/1000263545-825x575.jpg",825,575,true],"morenews-medium":["https:\/\/lanoticia507.com\/noticia\/wp-content\/uploads\/2025\/07\/1000263545-590x410.jpg",590,410,true]},"author_info":{"display_name":"lanoticia507","author_link":"https:\/\/lanoticia507.com\/noticia\/author\/c2791082\/"},"category_info":"<a href=\"https:\/\/lanoticia507.com\/noticia\/category\/actualidad-panama\/\" rel=\"category tag\">Actualidad Panam\u00e1<\/a>","tag_info":"Actualidad Panam\u00e1","comment_count":"0","_links":{"self":[{"href":"https:\/\/lanoticia507.com\/noticia\/wp-json\/wp\/v2\/posts\/1671","targetHints":{"allow":["GET"]}}],"collection":[{"href":"https:\/\/lanoticia507.com\/noticia\/wp-json\/wp\/v2\/posts"}],"about":[{"href":"https:\/\/lanoticia507.com\/noticia\/wp-json\/wp\/v2\/types\/post"}],"author":[{"embeddable":true,"href":"https:\/\/lanoticia507.com\/noticia\/wp-json\/wp\/v2\/users\/2"}],"replies":[{"embeddable":true,"href":"https:\/\/lanoticia507.com\/noticia\/wp-json\/wp\/v2\/comments?post=1671"}],"version-history":[{"count":1,"href":"https:\/\/lanoticia507.com\/noticia\/wp-json\/wp\/v2\/posts\/1671\/revisions"}],"predecessor-version":[{"id":1673,"href":"https:\/\/lanoticia507.com\/noticia\/wp-json\/wp\/v2\/posts\/1671\/revisions\/1673"}],"wp:featuredmedia":[{"embeddable":true,"href":"https:\/\/lanoticia507.com\/noticia\/wp-json\/wp\/v2\/media\/1672"}],"wp:attachment":[{"href":"https:\/\/lanoticia507.com\/noticia\/wp-json\/wp\/v2\/media?parent=1671"}],"wp:term":[{"taxonomy":"category","embeddable":true,"href":"https:\/\/lanoticia507.com\/noticia\/wp-json\/wp\/v2\/categories?post=1671"},{"taxonomy":"post_tag","embeddable":true,"href":"https:\/\/lanoticia507.com\/noticia\/wp-json\/wp\/v2\/tags?post=1671"}],"curies":[{"name":"wp","href":"https:\/\/api.w.org\/{rel}","templated":true}]}}