{"id":1684,"date":"2025-07-08T02:01:02","date_gmt":"2025-07-08T02:01:02","guid":{"rendered":"https:\/\/lanoticia507.com\/noticia\/?p=1684"},"modified":"2025-07-08T02:01:04","modified_gmt":"2025-07-08T02:01:04","slug":"la-restauracion-del-suelo-marca-el-camino-del-desarrollo-sostenible","status":"publish","type":"post","link":"https:\/\/lanoticia507.com\/noticia\/la-restauracion-del-suelo-marca-el-camino-del-desarrollo-sostenible\/","title":{"rendered":"La restauraci\u00f3n del suelo marca el camino del desarrollo sostenible"},"content":{"rendered":"\n<p>-En el D\u00eda de la Conservaci\u00f3n de los Suelos, que se<br>celebra cada 7 de julio, el Ministerio de Ambiente (MiAMBIENTE) resalta la importancia<br>del manejo sostenible de la tierra como eje para enfrentar el cambio clim\u00e1tico, proteger<br>los ecosistemas y garantizar la seguridad h\u00eddrica y alimentaria. En Panam\u00e1, la degradaci\u00f3n<br>del suelo representa una amenaza directa para la calidad de vida y la resiliencia de los<br>territorios.<\/p>\n\n\n\n<p><br>Katima Lince, directora nacional de Seguridad H\u00eddrica, se\u00f1al\u00f3 que desde MiAMBIENTE se<br>impulsa una estrategia de intervenci\u00f3n basada en el manejo sostenible de la tierra,<br>enfocada en cuencas hidrogr\u00e1ficas con alta presi\u00f3n ambiental, tanto rurales como<br>urbanas. Las acciones incluyen restauraci\u00f3n ecol\u00f3gica, reforestaci\u00f3n con especies nativas,<br>implementaci\u00f3n de sistemas agroforestales y silvopastoriles, protecci\u00f3n de fuentes<br>h\u00eddricas y pr\u00e1cticas adaptadas a las condiciones de cada zona. Todo esto se desarrolla con<br>acompa\u00f1amiento t\u00e9cnico, participaci\u00f3n de actores locales y procesos de monitoreo que<br>fortalecen el uso responsable del suelo.<\/p>\n\n\n\n<p><br>En cuencas hidrogr\u00e1ficas como Pacora, en Panam\u00e1 Este; La\u202fVilla, en Herrera y Los Santos;<br>entre Tonos\u00ed y La\u202fVilla, en Los Santos; y Caimito, en Panam\u00e1 Oeste, se evidencia que el<br>deterioro del suelo afecta la calidad del agua, la productividad del territorio y la seguridad<br>de las comunidades. En el caso de la cuenca del r\u00edo La\u202fVilla, seriamente impactada por<br>deforestaci\u00f3n, uso desordenado del territorio y contaminaci\u00f3n, estas intervenciones son<br>urgentes. El suelo se est\u00e1 perdiendo m\u00e1s r\u00e1pido de lo que puede recuperarse, manifest\u00f3<br>Lince.<\/p>\n","protected":false},"excerpt":{"rendered":"<p>-En el D\u00eda de la Conservaci\u00f3n de los Suelos, que secelebra cada 7 de julio, el Ministerio de<\/p>\n","protected":false},"author":2,"featured_media":1685,"comment_status":"open","ping_status":"open","sticky":false,"template":"","format":"standard","meta":{"footnotes":""},"categories":[4],"tags":[],"class_list":["post-1684","post","type-post","status-publish","format-standard","has-post-thumbnail","hentry","category-actualidad-panama"],"yoast_head":"<!-- This site is optimized with the Yoast SEO plugin v25.2 - https:\/\/yoast.com\/wordpress\/plugins\/seo\/ -->\n<title>La restauraci\u00f3n del suelo marca el camino del desarrollo sostenible -<\/title>\n<meta name=\"robots\" content=\"index, follow, max-snippet:-1, max-image-preview:large, max-video-preview:-1\" \/>\n<link rel=\"canonical\" href=\"https:\/\/lanoticia507.com\/noticia\/la-restauracion-del-suelo-marca-el-camino-del-desarrollo-sostenible\/\" \/>\n<meta property=\"og:locale\" content=\"es_ES\" \/>\n<meta property=\"og:type\" content=\"article\" \/>\n<meta property=\"og:title\" content=\"La restauraci\u00f3n del suelo marca el camino del desarrollo sostenible -\" \/>\n<meta property=\"og:description\" content=\"-En el D\u00eda de la Conservaci\u00f3n de los Suelos, que secelebra cada 7 de julio, el Ministerio de\" \/>\n<meta property=\"og:url\" content=\"https:\/\/lanoticia507.com\/noticia\/la-restauracion-del-suelo-marca-el-camino-del-desarrollo-sostenible\/\" \/>\n<meta property=\"article:published_time\" content=\"2025-07-08T02:01:02+00:00\" \/>\n<meta property=\"article:modified_time\" content=\"2025-07-08T02:01:04+00:00\" \/>\n<meta property=\"og:image\" content=\"https:\/\/lanoticia507.com\/noticia\/wp-content\/uploads\/2025\/07\/WhatsApp-Image-2025-07-04-at-1.32.52-PM-5.jpeg\" \/>\n\t<meta property=\"og:image:width\" content=\"1600\" \/>\n\t<meta property=\"og:image:height\" content=\"1200\" \/>\n\t<meta property=\"og:image:type\" content=\"image\/jpeg\" \/>\n<meta name=\"author\" content=\"lanoticia507\" \/>\n<meta name=\"twitter:card\" content=\"summary_large_image\" \/>\n<meta name=\"twitter:label1\" content=\"Escrito por\" \/>\n\t<meta name=\"twitter:data1\" content=\"lanoticia507\" \/>\n\t<meta name=\"twitter:label2\" content=\"Tiempo de lectura\" \/>\n\t<meta name=\"twitter:data2\" content=\"2 minutos\" \/>\n<script type=\"application\/ld+json\" class=\"yoast-schema-graph\">{\"@context\":\"https:\/\/schema.org\",\"@graph\":[{\"@type\":\"Article\",\"@id\":\"https:\/\/lanoticia507.com\/noticia\/la-restauracion-del-suelo-marca-el-camino-del-desarrollo-sostenible\/#article\",\"isPartOf\":{\"@id\":\"https:\/\/lanoticia507.com\/noticia\/la-restauracion-del-suelo-marca-el-camino-del-desarrollo-sostenible\/\"},\"author\":{\"name\":\"lanoticia507\",\"@id\":\"https:\/\/lanoticia507.com\/noticia\/#\/schema\/person\/ef09ab363a6586838f4fe9d2ba0f2f8b\"},\"headline\":\"La restauraci\u00f3n del suelo marca el camino del desarrollo sostenible\",\"datePublished\":\"2025-07-08T02:01:02+00:00\",\"dateModified\":\"2025-07-08T02:01:04+00:00\",\"mainEntityOfPage\":{\"@id\":\"https:\/\/lanoticia507.com\/noticia\/la-restauracion-del-suelo-marca-el-camino-del-desarrollo-sostenible\/\"},\"wordCount\":265,\"commentCount\":0,\"publisher\":{\"@id\":\"https:\/\/lanoticia507.com\/noticia\/#organization\"},\"image\":{\"@id\":\"https:\/\/lanoticia507.com\/noticia\/la-restauracion-del-suelo-marca-el-camino-del-desarrollo-sostenible\/#primaryimage\"},\"thumbnailUrl\":\"https:\/\/lanoticia507.com\/noticia\/wp-content\/uploads\/2025\/07\/WhatsApp-Image-2025-07-04-at-1.32.52-PM-5.jpeg\",\"articleSection\":[\"Actualidad Panam\u00e1\"],\"inLanguage\":\"es\",\"potentialAction\":[{\"@type\":\"CommentAction\",\"name\":\"Comment\",\"target\":[\"https:\/\/lanoticia507.com\/noticia\/la-restauracion-del-suelo-marca-el-camino-del-desarrollo-sostenible\/#respond\"]}]},{\"@type\":\"WebPage\",\"@id\":\"https:\/\/lanoticia507.com\/noticia\/la-restauracion-del-suelo-marca-el-camino-del-desarrollo-sostenible\/\",\"url\":\"https:\/\/lanoticia507.com\/noticia\/la-restauracion-del-suelo-marca-el-camino-del-desarrollo-sostenible\/\",\"name\":\"La restauraci\u00f3n del suelo marca el camino del desarrollo sostenible -\",\"isPartOf\":{\"@id\":\"https:\/\/lanoticia507.com\/noticia\/#website\"},\"primaryImageOfPage\":{\"@id\":\"https:\/\/lanoticia507.com\/noticia\/la-restauracion-del-suelo-marca-el-camino-del-desarrollo-sostenible\/#primaryimage\"},\"image\":{\"@id\":\"https:\/\/lanoticia507.com\/noticia\/la-restauracion-del-suelo-marca-el-camino-del-desarrollo-sostenible\/#primaryimage\"},\"thumbnailUrl\":\"https:\/\/lanoticia507.com\/noticia\/wp-content\/uploads\/2025\/07\/WhatsApp-Image-2025-07-04-at-1.32.52-PM-5.jpeg\",\"datePublished\":\"2025-07-08T02:01:02+00:00\",\"dateModified\":\"2025-07-08T02:01:04+00:00\",\"breadcrumb\":{\"@id\":\"https:\/\/lanoticia507.com\/noticia\/la-restauracion-del-suelo-marca-el-camino-del-desarrollo-sostenible\/#breadcrumb\"},\"inLanguage\":\"es\",\"potentialAction\":[{\"@type\":\"ReadAction\",\"target\":[\"https:\/\/lanoticia507.com\/noticia\/la-restauracion-del-suelo-marca-el-camino-del-desarrollo-sostenible\/\"]}]},{\"@type\":\"ImageObject\",\"inLanguage\":\"es\",\"@id\":\"https:\/\/lanoticia507.com\/noticia\/la-restauracion-del-suelo-marca-el-camino-del-desarrollo-sostenible\/#primaryimage\",\"url\":\"https:\/\/lanoticia507.com\/noticia\/wp-content\/uploads\/2025\/07\/WhatsApp-Image-2025-07-04-at-1.32.52-PM-5.jpeg\",\"contentUrl\":\"https:\/\/lanoticia507.com\/noticia\/wp-content\/uploads\/2025\/07\/WhatsApp-Image-2025-07-04-at-1.32.52-PM-5.jpeg\",\"width\":1600,\"height\":1200},{\"@type\":\"BreadcrumbList\",\"@id\":\"https:\/\/lanoticia507.com\/noticia\/la-restauracion-del-suelo-marca-el-camino-del-desarrollo-sostenible\/#breadcrumb\",\"itemListElement\":[{\"@type\":\"ListItem\",\"position\":1,\"name\":\"Portada\",\"item\":\"https:\/\/lanoticia507.com\/noticia\/\"},{\"@type\":\"ListItem\",\"position\":2,\"name\":\"La restauraci\u00f3n del suelo marca el camino del desarrollo sostenible\"}]},{\"@type\":\"WebSite\",\"@id\":\"https:\/\/lanoticia507.com\/noticia\/#website\",\"url\":\"https:\/\/lanoticia507.com\/noticia\/\",\"name\":\"Noticias de Panam\u00e1 | \u00daltimas noticias de Panam\u00e1 | La Noticia 507\",\"description\":\"\",\"publisher\":{\"@id\":\"https:\/\/lanoticia507.com\/noticia\/#organization\"},\"potentialAction\":[{\"@type\":\"SearchAction\",\"target\":{\"@type\":\"EntryPoint\",\"urlTemplate\":\"https:\/\/lanoticia507.com\/noticia\/?s={search_term_string}\"},\"query-input\":{\"@type\":\"PropertyValueSpecification\",\"valueRequired\":true,\"valueName\":\"search_term_string\"}}],\"inLanguage\":\"es\"},{\"@type\":\"Organization\",\"@id\":\"https:\/\/lanoticia507.com\/noticia\/#organization\",\"name\":\"Noticias de Panam\u00e1 | \u00daltimas noticias de Panam\u00e1 | La Noticia 507\",\"url\":\"https:\/\/lanoticia507.com\/noticia\/\",\"logo\":{\"@type\":\"ImageObject\",\"inLanguage\":\"es\",\"@id\":\"https:\/\/lanoticia507.com\/noticia\/#\/schema\/logo\/image\/\",\"url\":\"https:\/\/lanoticia507.com\/noticia\/wp-content\/uploads\/2025\/04\/logo-la-noticia-507-150-sombra.png\",\"contentUrl\":\"https:\/\/lanoticia507.com\/noticia\/wp-content\/uploads\/2025\/04\/logo-la-noticia-507-150-sombra.png\",\"width\":170,\"height\":170,\"caption\":\"Noticias de Panam\u00e1 | \u00daltimas noticias de Panam\u00e1 | La Noticia 507\"},\"image\":{\"@id\":\"https:\/\/lanoticia507.com\/noticia\/#\/schema\/logo\/image\/\"},\"sameAs\":[\"https:\/\/www.instagram.com\/lanoticia507\",\"https:\/\/www.tiktok.com\/@lanoticia507\"]},{\"@type\":\"Person\",\"@id\":\"https:\/\/lanoticia507.com\/noticia\/#\/schema\/person\/ef09ab363a6586838f4fe9d2ba0f2f8b\",\"name\":\"lanoticia507\",\"image\":{\"@type\":\"ImageObject\",\"inLanguage\":\"es\",\"@id\":\"https:\/\/lanoticia507.com\/noticia\/#\/schema\/person\/image\/\",\"url\":\"https:\/\/secure.gravatar.com\/avatar\/e1934cbec687ee9715cc234eb1a6c727dfe980db8f0b92ad6e6bbb395ff2c52b?s=96&d=mm&r=g\",\"contentUrl\":\"https:\/\/secure.gravatar.com\/avatar\/e1934cbec687ee9715cc234eb1a6c727dfe980db8f0b92ad6e6bbb395ff2c52b?s=96&d=mm&r=g\",\"caption\":\"lanoticia507\"},\"url\":\"https:\/\/lanoticia507.com\/noticia\/author\/c2791082\/\"}]}<\/script>\n<!-- \/ Yoast SEO plugin. -->","yoast_head_json":{"title":"La restauraci\u00f3n del suelo marca el camino del desarrollo sostenible -","robots":{"index":"index","follow":"follow","max-snippet":"max-snippet:-1","max-image-preview":"max-image-preview:large","max-video-preview":"max-video-preview:-1"},"canonical":"https:\/\/lanoticia507.com\/noticia\/la-restauracion-del-suelo-marca-el-camino-del-desarrollo-sostenible\/","og_locale":"es_ES","og_type":"article","og_title":"La restauraci\u00f3n del suelo marca el camino del desarrollo sostenible -","og_description":"-En el D\u00eda de la Conservaci\u00f3n de los Suelos, que secelebra cada 7 de julio, el Ministerio de","og_url":"https:\/\/lanoticia507.com\/noticia\/la-restauracion-del-suelo-marca-el-camino-del-desarrollo-sostenible\/","article_published_time":"2025-07-08T02:01:02+00:00","article_modified_time":"2025-07-08T02:01:04+00:00","og_image":[{"width":1600,"height":1200,"url":"https:\/\/lanoticia507.com\/noticia\/wp-content\/uploads\/2025\/07\/WhatsApp-Image-2025-07-04-at-1.32.52-PM-5.jpeg","type":"image\/jpeg"}],"author":"lanoticia507","twitter_card":"summary_large_image","twitter_misc":{"Escrito por":"lanoticia507","Tiempo de lectura":"2 minutos"},"schema":{"@context":"https:\/\/schema.org","@graph":[{"@type":"Article","@id":"https:\/\/lanoticia507.com\/noticia\/la-restauracion-del-suelo-marca-el-camino-del-desarrollo-sostenible\/#article","isPartOf":{"@id":"https:\/\/lanoticia507.com\/noticia\/la-restauracion-del-suelo-marca-el-camino-del-desarrollo-sostenible\/"},"author":{"name":"lanoticia507","@id":"https:\/\/lanoticia507.com\/noticia\/#\/schema\/person\/ef09ab363a6586838f4fe9d2ba0f2f8b"},"headline":"La restauraci\u00f3n del suelo marca el camino del desarrollo sostenible","datePublished":"2025-07-08T02:01:02+00:00","dateModified":"2025-07-08T02:01:04+00:00","mainEntityOfPage":{"@id":"https:\/\/lanoticia507.com\/noticia\/la-restauracion-del-suelo-marca-el-camino-del-desarrollo-sostenible\/"},"wordCount":265,"commentCount":0,"publisher":{"@id":"https:\/\/lanoticia507.com\/noticia\/#organization"},"image":{"@id":"https:\/\/lanoticia507.com\/noticia\/la-restauracion-del-suelo-marca-el-camino-del-desarrollo-sostenible\/#primaryimage"},"thumbnailUrl":"https:\/\/lanoticia507.com\/noticia\/wp-content\/uploads\/2025\/07\/WhatsApp-Image-2025-07-04-at-1.32.52-PM-5.jpeg","articleSection":["Actualidad Panam\u00e1"],"inLanguage":"es","potentialAction":[{"@type":"CommentAction","name":"Comment","target":["https:\/\/lanoticia507.com\/noticia\/la-restauracion-del-suelo-marca-el-camino-del-desarrollo-sostenible\/#respond"]}]},{"@type":"WebPage","@id":"https:\/\/lanoticia507.com\/noticia\/la-restauracion-del-suelo-marca-el-camino-del-desarrollo-sostenible\/","url":"https:\/\/lanoticia507.com\/noticia\/la-restauracion-del-suelo-marca-el-camino-del-desarrollo-sostenible\/","name":"La restauraci\u00f3n del suelo marca el camino del desarrollo sostenible -","isPartOf":{"@id":"https:\/\/lanoticia507.com\/noticia\/#website"},"primaryImageOfPage":{"@id":"https:\/\/lanoticia507.com\/noticia\/la-restauracion-del-suelo-marca-el-camino-del-desarrollo-sostenible\/#primaryimage"},"image":{"@id":"https:\/\/lanoticia507.com\/noticia\/la-restauracion-del-suelo-marca-el-camino-del-desarrollo-sostenible\/#primaryimage"},"thumbnailUrl":"https:\/\/lanoticia507.com\/noticia\/wp-content\/uploads\/2025\/07\/WhatsApp-Image-2025-07-04-at-1.32.52-PM-5.jpeg","datePublished":"2025-07-08T02:01:02+00:00","dateModified":"2025-07-08T02:01:04+00:00","breadcrumb":{"@id":"https:\/\/lanoticia507.com\/noticia\/la-restauracion-del-suelo-marca-el-camino-del-desarrollo-sostenible\/#breadcrumb"},"inLanguage":"es","potentialAction":[{"@type":"ReadAction","target":["https:\/\/lanoticia507.com\/noticia\/la-restauracion-del-suelo-marca-el-camino-del-desarrollo-sostenible\/"]}]},{"@type":"ImageObject","inLanguage":"es","@id":"https:\/\/lanoticia507.com\/noticia\/la-restauracion-del-suelo-marca-el-camino-del-desarrollo-sostenible\/#primaryimage","url":"https:\/\/lanoticia507.com\/noticia\/wp-content\/uploads\/2025\/07\/WhatsApp-Image-2025-07-04-at-1.32.52-PM-5.jpeg","contentUrl":"https:\/\/lanoticia507.com\/noticia\/wp-content\/uploads\/2025\/07\/WhatsApp-Image-2025-07-04-at-1.32.52-PM-5.jpeg","width":1600,"height":1200},{"@type":"BreadcrumbList","@id":"https:\/\/lanoticia507.com\/noticia\/la-restauracion-del-suelo-marca-el-camino-del-desarrollo-sostenible\/#breadcrumb","itemListElement":[{"@type":"ListItem","position":1,"name":"Portada","item":"https:\/\/lanoticia507.com\/noticia\/"},{"@type":"ListItem","position":2,"name":"La restauraci\u00f3n del suelo marca el camino del desarrollo sostenible"}]},{"@type":"WebSite","@id":"https:\/\/lanoticia507.com\/noticia\/#website","url":"https:\/\/lanoticia507.com\/noticia\/","name":"Noticias de Panam\u00e1 | \u00daltimas noticias de Panam\u00e1 | La Noticia 507","description":"","publisher":{"@id":"https:\/\/lanoticia507.com\/noticia\/#organization"},"potentialAction":[{"@type":"SearchAction","target":{"@type":"EntryPoint","urlTemplate":"https:\/\/lanoticia507.com\/noticia\/?s={search_term_string}"},"query-input":{"@type":"PropertyValueSpecification","valueRequired":true,"valueName":"search_term_string"}}],"inLanguage":"es"},{"@type":"Organization","@id":"https:\/\/lanoticia507.com\/noticia\/#organization","name":"Noticias de Panam\u00e1 | \u00daltimas noticias de Panam\u00e1 | La Noticia 507","url":"https:\/\/lanoticia507.com\/noticia\/","logo":{"@type":"ImageObject","inLanguage":"es","@id":"https:\/\/lanoticia507.com\/noticia\/#\/schema\/logo\/image\/","url":"https:\/\/lanoticia507.com\/noticia\/wp-content\/uploads\/2025\/04\/logo-la-noticia-507-150-sombra.png","contentUrl":"https:\/\/lanoticia507.com\/noticia\/wp-content\/uploads\/2025\/04\/logo-la-noticia-507-150-sombra.png","width":170,"height":170,"caption":"Noticias de Panam\u00e1 | \u00daltimas noticias de Panam\u00e1 | La Noticia 507"},"image":{"@id":"https:\/\/lanoticia507.com\/noticia\/#\/schema\/logo\/image\/"},"sameAs":["https:\/\/www.instagram.com\/lanoticia507","https:\/\/www.tiktok.com\/@lanoticia507"]},{"@type":"Person","@id":"https:\/\/lanoticia507.com\/noticia\/#\/schema\/person\/ef09ab363a6586838f4fe9d2ba0f2f8b","name":"lanoticia507","image":{"@type":"ImageObject","inLanguage":"es","@id":"https:\/\/lanoticia507.com\/noticia\/#\/schema\/person\/image\/","url":"https:\/\/secure.gravatar.com\/avatar\/e1934cbec687ee9715cc234eb1a6c727dfe980db8f0b92ad6e6bbb395ff2c52b?s=96&d=mm&r=g","contentUrl":"https:\/\/secure.gravatar.com\/avatar\/e1934cbec687ee9715cc234eb1a6c727dfe980db8f0b92ad6e6bbb395ff2c52b?s=96&d=mm&r=g","caption":"lanoticia507"},"url":"https:\/\/lanoticia507.com\/noticia\/author\/c2791082\/"}]}},"featured_image_urls":{"full":["https:\/\/lanoticia507.com\/noticia\/wp-content\/uploads\/2025\/07\/WhatsApp-Image-2025-07-04-at-1.32.52-PM-5.jpeg",1600,1200,false],"thumbnail":["https:\/\/lanoticia507.com\/noticia\/wp-content\/uploads\/2025\/07\/WhatsApp-Image-2025-07-04-at-1.32.52-PM-5-150x150.jpeg",150,150,true],"medium":["https:\/\/lanoticia507.com\/noticia\/wp-content\/uploads\/2025\/07\/WhatsApp-Image-2025-07-04-at-1.32.52-PM-5-300x225.jpeg",300,225,true],"medium_large":["https:\/\/lanoticia507.com\/noticia\/wp-content\/uploads\/2025\/07\/WhatsApp-Image-2025-07-04-at-1.32.52-PM-5-768x576.jpeg",640,480,true],"large":["https:\/\/lanoticia507.com\/noticia\/wp-content\/uploads\/2025\/07\/WhatsApp-Image-2025-07-04-at-1.32.52-PM-5-1024x768.jpeg",640,480,true],"1536x1536":["https:\/\/lanoticia507.com\/noticia\/wp-content\/uploads\/2025\/07\/WhatsApp-Image-2025-07-04-at-1.32.52-PM-5-1536x1152.jpeg",1536,1152,true],"2048x2048":["https:\/\/lanoticia507.com\/noticia\/wp-content\/uploads\/2025\/07\/WhatsApp-Image-2025-07-04-at-1.32.52-PM-5.jpeg",1600,1200,false],"morenews-featured":["https:\/\/lanoticia507.com\/noticia\/wp-content\/uploads\/2025\/07\/WhatsApp-Image-2025-07-04-at-1.32.52-PM-5-1024x768.jpeg",1024,768,true],"morenews-large":["https:\/\/lanoticia507.com\/noticia\/wp-content\/uploads\/2025\/07\/WhatsApp-Image-2025-07-04-at-1.32.52-PM-5-825x575.jpeg",825,575,true],"morenews-medium":["https:\/\/lanoticia507.com\/noticia\/wp-content\/uploads\/2025\/07\/WhatsApp-Image-2025-07-04-at-1.32.52-PM-5-590x410.jpeg",590,410,true]},"author_info":{"display_name":"lanoticia507","author_link":"https:\/\/lanoticia507.com\/noticia\/author\/c2791082\/"},"category_info":"<a href=\"https:\/\/lanoticia507.com\/noticia\/category\/actualidad-panama\/\" rel=\"category tag\">Actualidad Panam\u00e1<\/a>","tag_info":"Actualidad Panam\u00e1","comment_count":"0","_links":{"self":[{"href":"https:\/\/lanoticia507.com\/noticia\/wp-json\/wp\/v2\/posts\/1684","targetHints":{"allow":["GET"]}}],"collection":[{"href":"https:\/\/lanoticia507.com\/noticia\/wp-json\/wp\/v2\/posts"}],"about":[{"href":"https:\/\/lanoticia507.com\/noticia\/wp-json\/wp\/v2\/types\/post"}],"author":[{"embeddable":true,"href":"https:\/\/lanoticia507.com\/noticia\/wp-json\/wp\/v2\/users\/2"}],"replies":[{"embeddable":true,"href":"https:\/\/lanoticia507.com\/noticia\/wp-json\/wp\/v2\/comments?post=1684"}],"version-history":[{"count":1,"href":"https:\/\/lanoticia507.com\/noticia\/wp-json\/wp\/v2\/posts\/1684\/revisions"}],"predecessor-version":[{"id":1686,"href":"https:\/\/lanoticia507.com\/noticia\/wp-json\/wp\/v2\/posts\/1684\/revisions\/1686"}],"wp:featuredmedia":[{"embeddable":true,"href":"https:\/\/lanoticia507.com\/noticia\/wp-json\/wp\/v2\/media\/1685"}],"wp:attachment":[{"href":"https:\/\/lanoticia507.com\/noticia\/wp-json\/wp\/v2\/media?parent=1684"}],"wp:term":[{"taxonomy":"category","embeddable":true,"href":"https:\/\/lanoticia507.com\/noticia\/wp-json\/wp\/v2\/categories?post=1684"},{"taxonomy":"post_tag","embeddable":true,"href":"https:\/\/lanoticia507.com\/noticia\/wp-json\/wp\/v2\/tags?post=1684"}],"curies":[{"name":"wp","href":"https:\/\/api.w.org\/{rel}","templated":true}]}}