{"id":1692,"date":"2025-07-15T16:28:34","date_gmt":"2025-07-15T16:28:34","guid":{"rendered":"https:\/\/lanoticia507.com\/noticia\/?p=1692"},"modified":"2025-07-15T16:28:35","modified_gmt":"2025-07-15T16:28:35","slug":"attt-prepara-boletera-a-nivel-nacional","status":"publish","type":"post","link":"https:\/\/lanoticia507.com\/noticia\/attt-prepara-boletera-a-nivel-nacional\/","title":{"rendered":"ATTT prepara boletera a nivel nacional"},"content":{"rendered":"\n<p>La Autoridad del Tr\u00e1nsito y Transporte Terrestre (ATTT), en coordinaci\u00f3n con la Direcci\u00f3n Nacional de Operaciones de Tr\u00e1nsito (DNOT), ha desplegado operativos de fiscalizaci\u00f3n en diferentes puntos y rutas del pa\u00eds, con el objetivo de garantizar un servicio seguro y regulado.<\/p>\n\n\n\n<p>Estos operativos se enfocan en:<\/p>\n\n\n\n<p><img decoding=\"async\" alt=\"\u2705\" src=\"https:\/\/fonts.gstatic.com\/s\/e\/notoemoji\/16.0\/2705\/72.png\">&nbsp;Verificar placas vigentes<\/p>\n\n\n\n<p><img decoding=\"async\" alt=\"\u2705\" src=\"https:\/\/fonts.gstatic.com\/s\/e\/notoemoji\/16.0\/2705\/72.png\">&nbsp;Comprobar la vigencia del seguro obligatorio<\/p>\n\n\n\n<p><img decoding=\"async\" alt=\"\u2705\" src=\"https:\/\/fonts.gstatic.com\/s\/e\/notoemoji\/16.0\/2705\/72.png\">&nbsp;Detectar y sancionar el transporte p\u00fablico no autorizado (pirataer\u00eda)<\/p>\n\n\n\n<p>Estas inspecciones forman parte de un esfuerzo conjunto para asegurar el cumplimiento de la normativa y garantizar un transporte confiable y seguro \u00a1La seguridad vial es responsabilidad de todos!<\/p>\n","protected":false},"excerpt":{"rendered":"<p>La Autoridad del Tr\u00e1nsito y Transporte Terrestre (ATTT), en coordinaci\u00f3n con la Direcci\u00f3n Nacional de Operaciones de Tr\u00e1nsito<\/p>\n","protected":false},"author":2,"featured_media":1693,"comment_status":"open","ping_status":"open","sticky":false,"template":"","format":"standard","meta":{"footnotes":""},"categories":[4],"tags":[],"class_list":["post-1692","post","type-post","status-publish","format-standard","has-post-thumbnail","hentry","category-actualidad-panama"],"yoast_head":"<!-- This site is optimized with the Yoast SEO plugin v25.2 - https:\/\/yoast.com\/wordpress\/plugins\/seo\/ -->\n<title>ATTT prepara boletera a nivel nacional -<\/title>\n<meta name=\"robots\" content=\"index, follow, max-snippet:-1, max-image-preview:large, max-video-preview:-1\" \/>\n<link rel=\"canonical\" href=\"https:\/\/lanoticia507.com\/noticia\/attt-prepara-boletera-a-nivel-nacional\/\" \/>\n<meta property=\"og:locale\" content=\"es_ES\" \/>\n<meta property=\"og:type\" content=\"article\" \/>\n<meta property=\"og:title\" content=\"ATTT prepara boletera a nivel nacional -\" \/>\n<meta property=\"og:description\" content=\"La Autoridad del Tr\u00e1nsito y Transporte Terrestre (ATTT), en coordinaci\u00f3n con la Direcci\u00f3n Nacional de Operaciones de Tr\u00e1nsito\" \/>\n<meta property=\"og:url\" content=\"https:\/\/lanoticia507.com\/noticia\/attt-prepara-boletera-a-nivel-nacional\/\" \/>\n<meta property=\"article:published_time\" content=\"2025-07-15T16:28:34+00:00\" \/>\n<meta property=\"article:modified_time\" content=\"2025-07-15T16:28:35+00:00\" \/>\n<meta property=\"og:image\" content=\"https:\/\/lanoticia507.com\/noticia\/wp-content\/uploads\/2025\/07\/1000287591.jpg\" \/>\n\t<meta property=\"og:image:width\" content=\"1080\" \/>\n\t<meta property=\"og:image:height\" content=\"1350\" \/>\n\t<meta property=\"og:image:type\" content=\"image\/jpeg\" \/>\n<meta name=\"author\" content=\"lanoticia507\" \/>\n<meta name=\"twitter:card\" content=\"summary_large_image\" \/>\n<meta name=\"twitter:label1\" content=\"Escrito por\" \/>\n\t<meta name=\"twitter:data1\" content=\"lanoticia507\" \/>\n\t<meta name=\"twitter:label2\" content=\"Tiempo de lectura\" \/>\n\t<meta name=\"twitter:data2\" content=\"2 minutos\" \/>\n<script type=\"application\/ld+json\" class=\"yoast-schema-graph\">{\"@context\":\"https:\/\/schema.org\",\"@graph\":[{\"@type\":\"Article\",\"@id\":\"https:\/\/lanoticia507.com\/noticia\/attt-prepara-boletera-a-nivel-nacional\/#article\",\"isPartOf\":{\"@id\":\"https:\/\/lanoticia507.com\/noticia\/attt-prepara-boletera-a-nivel-nacional\/\"},\"author\":{\"name\":\"lanoticia507\",\"@id\":\"https:\/\/lanoticia507.com\/noticia\/#\/schema\/person\/ef09ab363a6586838f4fe9d2ba0f2f8b\"},\"headline\":\"ATTT prepara boletera a nivel nacional\",\"datePublished\":\"2025-07-15T16:28:34+00:00\",\"dateModified\":\"2025-07-15T16:28:35+00:00\",\"mainEntityOfPage\":{\"@id\":\"https:\/\/lanoticia507.com\/noticia\/attt-prepara-boletera-a-nivel-nacional\/\"},\"wordCount\":110,\"commentCount\":0,\"publisher\":{\"@id\":\"https:\/\/lanoticia507.com\/noticia\/#organization\"},\"image\":{\"@id\":\"https:\/\/lanoticia507.com\/noticia\/attt-prepara-boletera-a-nivel-nacional\/#primaryimage\"},\"thumbnailUrl\":\"https:\/\/lanoticia507.com\/noticia\/wp-content\/uploads\/2025\/07\/1000287591.jpg\",\"articleSection\":[\"Actualidad Panam\u00e1\"],\"inLanguage\":\"es\",\"potentialAction\":[{\"@type\":\"CommentAction\",\"name\":\"Comment\",\"target\":[\"https:\/\/lanoticia507.com\/noticia\/attt-prepara-boletera-a-nivel-nacional\/#respond\"]}]},{\"@type\":\"WebPage\",\"@id\":\"https:\/\/lanoticia507.com\/noticia\/attt-prepara-boletera-a-nivel-nacional\/\",\"url\":\"https:\/\/lanoticia507.com\/noticia\/attt-prepara-boletera-a-nivel-nacional\/\",\"name\":\"ATTT prepara boletera a nivel nacional -\",\"isPartOf\":{\"@id\":\"https:\/\/lanoticia507.com\/noticia\/#website\"},\"primaryImageOfPage\":{\"@id\":\"https:\/\/lanoticia507.com\/noticia\/attt-prepara-boletera-a-nivel-nacional\/#primaryimage\"},\"image\":{\"@id\":\"https:\/\/lanoticia507.com\/noticia\/attt-prepara-boletera-a-nivel-nacional\/#primaryimage\"},\"thumbnailUrl\":\"https:\/\/lanoticia507.com\/noticia\/wp-content\/uploads\/2025\/07\/1000287591.jpg\",\"datePublished\":\"2025-07-15T16:28:34+00:00\",\"dateModified\":\"2025-07-15T16:28:35+00:00\",\"breadcrumb\":{\"@id\":\"https:\/\/lanoticia507.com\/noticia\/attt-prepara-boletera-a-nivel-nacional\/#breadcrumb\"},\"inLanguage\":\"es\",\"potentialAction\":[{\"@type\":\"ReadAction\",\"target\":[\"https:\/\/lanoticia507.com\/noticia\/attt-prepara-boletera-a-nivel-nacional\/\"]}]},{\"@type\":\"ImageObject\",\"inLanguage\":\"es\",\"@id\":\"https:\/\/lanoticia507.com\/noticia\/attt-prepara-boletera-a-nivel-nacional\/#primaryimage\",\"url\":\"https:\/\/lanoticia507.com\/noticia\/wp-content\/uploads\/2025\/07\/1000287591.jpg\",\"contentUrl\":\"https:\/\/lanoticia507.com\/noticia\/wp-content\/uploads\/2025\/07\/1000287591.jpg\",\"width\":1080,\"height\":1350},{\"@type\":\"BreadcrumbList\",\"@id\":\"https:\/\/lanoticia507.com\/noticia\/attt-prepara-boletera-a-nivel-nacional\/#breadcrumb\",\"itemListElement\":[{\"@type\":\"ListItem\",\"position\":1,\"name\":\"Portada\",\"item\":\"https:\/\/lanoticia507.com\/noticia\/\"},{\"@type\":\"ListItem\",\"position\":2,\"name\":\"ATTT prepara boletera a nivel nacional\"}]},{\"@type\":\"WebSite\",\"@id\":\"https:\/\/lanoticia507.com\/noticia\/#website\",\"url\":\"https:\/\/lanoticia507.com\/noticia\/\",\"name\":\"Noticias de Panam\u00e1 | \u00daltimas noticias de Panam\u00e1 | La Noticia 507\",\"description\":\"\",\"publisher\":{\"@id\":\"https:\/\/lanoticia507.com\/noticia\/#organization\"},\"potentialAction\":[{\"@type\":\"SearchAction\",\"target\":{\"@type\":\"EntryPoint\",\"urlTemplate\":\"https:\/\/lanoticia507.com\/noticia\/?s={search_term_string}\"},\"query-input\":{\"@type\":\"PropertyValueSpecification\",\"valueRequired\":true,\"valueName\":\"search_term_string\"}}],\"inLanguage\":\"es\"},{\"@type\":\"Organization\",\"@id\":\"https:\/\/lanoticia507.com\/noticia\/#organization\",\"name\":\"Noticias de Panam\u00e1 | \u00daltimas noticias de Panam\u00e1 | La Noticia 507\",\"url\":\"https:\/\/lanoticia507.com\/noticia\/\",\"logo\":{\"@type\":\"ImageObject\",\"inLanguage\":\"es\",\"@id\":\"https:\/\/lanoticia507.com\/noticia\/#\/schema\/logo\/image\/\",\"url\":\"https:\/\/lanoticia507.com\/noticia\/wp-content\/uploads\/2025\/04\/logo-la-noticia-507-150-sombra.png\",\"contentUrl\":\"https:\/\/lanoticia507.com\/noticia\/wp-content\/uploads\/2025\/04\/logo-la-noticia-507-150-sombra.png\",\"width\":170,\"height\":170,\"caption\":\"Noticias de Panam\u00e1 | \u00daltimas noticias de Panam\u00e1 | La Noticia 507\"},\"image\":{\"@id\":\"https:\/\/lanoticia507.com\/noticia\/#\/schema\/logo\/image\/\"},\"sameAs\":[\"https:\/\/www.instagram.com\/lanoticia507\",\"https:\/\/www.tiktok.com\/@lanoticia507\"]},{\"@type\":\"Person\",\"@id\":\"https:\/\/lanoticia507.com\/noticia\/#\/schema\/person\/ef09ab363a6586838f4fe9d2ba0f2f8b\",\"name\":\"lanoticia507\",\"image\":{\"@type\":\"ImageObject\",\"inLanguage\":\"es\",\"@id\":\"https:\/\/lanoticia507.com\/noticia\/#\/schema\/person\/image\/\",\"url\":\"https:\/\/secure.gravatar.com\/avatar\/e1934cbec687ee9715cc234eb1a6c727dfe980db8f0b92ad6e6bbb395ff2c52b?s=96&d=mm&r=g\",\"contentUrl\":\"https:\/\/secure.gravatar.com\/avatar\/e1934cbec687ee9715cc234eb1a6c727dfe980db8f0b92ad6e6bbb395ff2c52b?s=96&d=mm&r=g\",\"caption\":\"lanoticia507\"},\"url\":\"https:\/\/lanoticia507.com\/noticia\/author\/c2791082\/\"}]}<\/script>\n<!-- \/ Yoast SEO plugin. -->","yoast_head_json":{"title":"ATTT prepara boletera a nivel nacional -","robots":{"index":"index","follow":"follow","max-snippet":"max-snippet:-1","max-image-preview":"max-image-preview:large","max-video-preview":"max-video-preview:-1"},"canonical":"https:\/\/lanoticia507.com\/noticia\/attt-prepara-boletera-a-nivel-nacional\/","og_locale":"es_ES","og_type":"article","og_title":"ATTT prepara boletera a nivel nacional -","og_description":"La Autoridad del Tr\u00e1nsito y Transporte Terrestre (ATTT), en coordinaci\u00f3n con la Direcci\u00f3n Nacional de Operaciones de Tr\u00e1nsito","og_url":"https:\/\/lanoticia507.com\/noticia\/attt-prepara-boletera-a-nivel-nacional\/","article_published_time":"2025-07-15T16:28:34+00:00","article_modified_time":"2025-07-15T16:28:35+00:00","og_image":[{"width":1080,"height":1350,"url":"https:\/\/lanoticia507.com\/noticia\/wp-content\/uploads\/2025\/07\/1000287591.jpg","type":"image\/jpeg"}],"author":"lanoticia507","twitter_card":"summary_large_image","twitter_misc":{"Escrito por":"lanoticia507","Tiempo de lectura":"2 minutos"},"schema":{"@context":"https:\/\/schema.org","@graph":[{"@type":"Article","@id":"https:\/\/lanoticia507.com\/noticia\/attt-prepara-boletera-a-nivel-nacional\/#article","isPartOf":{"@id":"https:\/\/lanoticia507.com\/noticia\/attt-prepara-boletera-a-nivel-nacional\/"},"author":{"name":"lanoticia507","@id":"https:\/\/lanoticia507.com\/noticia\/#\/schema\/person\/ef09ab363a6586838f4fe9d2ba0f2f8b"},"headline":"ATTT prepara boletera a nivel nacional","datePublished":"2025-07-15T16:28:34+00:00","dateModified":"2025-07-15T16:28:35+00:00","mainEntityOfPage":{"@id":"https:\/\/lanoticia507.com\/noticia\/attt-prepara-boletera-a-nivel-nacional\/"},"wordCount":110,"commentCount":0,"publisher":{"@id":"https:\/\/lanoticia507.com\/noticia\/#organization"},"image":{"@id":"https:\/\/lanoticia507.com\/noticia\/attt-prepara-boletera-a-nivel-nacional\/#primaryimage"},"thumbnailUrl":"https:\/\/lanoticia507.com\/noticia\/wp-content\/uploads\/2025\/07\/1000287591.jpg","articleSection":["Actualidad Panam\u00e1"],"inLanguage":"es","potentialAction":[{"@type":"CommentAction","name":"Comment","target":["https:\/\/lanoticia507.com\/noticia\/attt-prepara-boletera-a-nivel-nacional\/#respond"]}]},{"@type":"WebPage","@id":"https:\/\/lanoticia507.com\/noticia\/attt-prepara-boletera-a-nivel-nacional\/","url":"https:\/\/lanoticia507.com\/noticia\/attt-prepara-boletera-a-nivel-nacional\/","name":"ATTT prepara boletera a nivel nacional -","isPartOf":{"@id":"https:\/\/lanoticia507.com\/noticia\/#website"},"primaryImageOfPage":{"@id":"https:\/\/lanoticia507.com\/noticia\/attt-prepara-boletera-a-nivel-nacional\/#primaryimage"},"image":{"@id":"https:\/\/lanoticia507.com\/noticia\/attt-prepara-boletera-a-nivel-nacional\/#primaryimage"},"thumbnailUrl":"https:\/\/lanoticia507.com\/noticia\/wp-content\/uploads\/2025\/07\/1000287591.jpg","datePublished":"2025-07-15T16:28:34+00:00","dateModified":"2025-07-15T16:28:35+00:00","breadcrumb":{"@id":"https:\/\/lanoticia507.com\/noticia\/attt-prepara-boletera-a-nivel-nacional\/#breadcrumb"},"inLanguage":"es","potentialAction":[{"@type":"ReadAction","target":["https:\/\/lanoticia507.com\/noticia\/attt-prepara-boletera-a-nivel-nacional\/"]}]},{"@type":"ImageObject","inLanguage":"es","@id":"https:\/\/lanoticia507.com\/noticia\/attt-prepara-boletera-a-nivel-nacional\/#primaryimage","url":"https:\/\/lanoticia507.com\/noticia\/wp-content\/uploads\/2025\/07\/1000287591.jpg","contentUrl":"https:\/\/lanoticia507.com\/noticia\/wp-content\/uploads\/2025\/07\/1000287591.jpg","width":1080,"height":1350},{"@type":"BreadcrumbList","@id":"https:\/\/lanoticia507.com\/noticia\/attt-prepara-boletera-a-nivel-nacional\/#breadcrumb","itemListElement":[{"@type":"ListItem","position":1,"name":"Portada","item":"https:\/\/lanoticia507.com\/noticia\/"},{"@type":"ListItem","position":2,"name":"ATTT prepara boletera a nivel nacional"}]},{"@type":"WebSite","@id":"https:\/\/lanoticia507.com\/noticia\/#website","url":"https:\/\/lanoticia507.com\/noticia\/","name":"Noticias de Panam\u00e1 | \u00daltimas noticias de Panam\u00e1 | La Noticia 507","description":"","publisher":{"@id":"https:\/\/lanoticia507.com\/noticia\/#organization"},"potentialAction":[{"@type":"SearchAction","target":{"@type":"EntryPoint","urlTemplate":"https:\/\/lanoticia507.com\/noticia\/?s={search_term_string}"},"query-input":{"@type":"PropertyValueSpecification","valueRequired":true,"valueName":"search_term_string"}}],"inLanguage":"es"},{"@type":"Organization","@id":"https:\/\/lanoticia507.com\/noticia\/#organization","name":"Noticias de Panam\u00e1 | \u00daltimas noticias de Panam\u00e1 | La Noticia 507","url":"https:\/\/lanoticia507.com\/noticia\/","logo":{"@type":"ImageObject","inLanguage":"es","@id":"https:\/\/lanoticia507.com\/noticia\/#\/schema\/logo\/image\/","url":"https:\/\/lanoticia507.com\/noticia\/wp-content\/uploads\/2025\/04\/logo-la-noticia-507-150-sombra.png","contentUrl":"https:\/\/lanoticia507.com\/noticia\/wp-content\/uploads\/2025\/04\/logo-la-noticia-507-150-sombra.png","width":170,"height":170,"caption":"Noticias de Panam\u00e1 | \u00daltimas noticias de Panam\u00e1 | La Noticia 507"},"image":{"@id":"https:\/\/lanoticia507.com\/noticia\/#\/schema\/logo\/image\/"},"sameAs":["https:\/\/www.instagram.com\/lanoticia507","https:\/\/www.tiktok.com\/@lanoticia507"]},{"@type":"Person","@id":"https:\/\/lanoticia507.com\/noticia\/#\/schema\/person\/ef09ab363a6586838f4fe9d2ba0f2f8b","name":"lanoticia507","image":{"@type":"ImageObject","inLanguage":"es","@id":"https:\/\/lanoticia507.com\/noticia\/#\/schema\/person\/image\/","url":"https:\/\/secure.gravatar.com\/avatar\/e1934cbec687ee9715cc234eb1a6c727dfe980db8f0b92ad6e6bbb395ff2c52b?s=96&d=mm&r=g","contentUrl":"https:\/\/secure.gravatar.com\/avatar\/e1934cbec687ee9715cc234eb1a6c727dfe980db8f0b92ad6e6bbb395ff2c52b?s=96&d=mm&r=g","caption":"lanoticia507"},"url":"https:\/\/lanoticia507.com\/noticia\/author\/c2791082\/"}]}},"featured_image_urls":{"full":["https:\/\/lanoticia507.com\/noticia\/wp-content\/uploads\/2025\/07\/1000287591.jpg",1080,1350,false],"thumbnail":["https:\/\/lanoticia507.com\/noticia\/wp-content\/uploads\/2025\/07\/1000287591-150x150.jpg",150,150,true],"medium":["https:\/\/lanoticia507.com\/noticia\/wp-content\/uploads\/2025\/07\/1000287591-240x300.jpg",240,300,true],"medium_large":["https:\/\/lanoticia507.com\/noticia\/wp-content\/uploads\/2025\/07\/1000287591-768x960.jpg",640,800,true],"large":["https:\/\/lanoticia507.com\/noticia\/wp-content\/uploads\/2025\/07\/1000287591-819x1024.jpg",640,800,true],"1536x1536":["https:\/\/lanoticia507.com\/noticia\/wp-content\/uploads\/2025\/07\/1000287591.jpg",1080,1350,false],"2048x2048":["https:\/\/lanoticia507.com\/noticia\/wp-content\/uploads\/2025\/07\/1000287591.jpg",1080,1350,false],"morenews-featured":["https:\/\/lanoticia507.com\/noticia\/wp-content\/uploads\/2025\/07\/1000287591-1024x1280.jpg",1024,1280,true],"morenews-large":["https:\/\/lanoticia507.com\/noticia\/wp-content\/uploads\/2025\/07\/1000287591-825x575.jpg",825,575,true],"morenews-medium":["https:\/\/lanoticia507.com\/noticia\/wp-content\/uploads\/2025\/07\/1000287591-590x410.jpg",590,410,true]},"author_info":{"display_name":"lanoticia507","author_link":"https:\/\/lanoticia507.com\/noticia\/author\/c2791082\/"},"category_info":"<a href=\"https:\/\/lanoticia507.com\/noticia\/category\/actualidad-panama\/\" rel=\"category tag\">Actualidad Panam\u00e1<\/a>","tag_info":"Actualidad Panam\u00e1","comment_count":"0","_links":{"self":[{"href":"https:\/\/lanoticia507.com\/noticia\/wp-json\/wp\/v2\/posts\/1692","targetHints":{"allow":["GET"]}}],"collection":[{"href":"https:\/\/lanoticia507.com\/noticia\/wp-json\/wp\/v2\/posts"}],"about":[{"href":"https:\/\/lanoticia507.com\/noticia\/wp-json\/wp\/v2\/types\/post"}],"author":[{"embeddable":true,"href":"https:\/\/lanoticia507.com\/noticia\/wp-json\/wp\/v2\/users\/2"}],"replies":[{"embeddable":true,"href":"https:\/\/lanoticia507.com\/noticia\/wp-json\/wp\/v2\/comments?post=1692"}],"version-history":[{"count":1,"href":"https:\/\/lanoticia507.com\/noticia\/wp-json\/wp\/v2\/posts\/1692\/revisions"}],"predecessor-version":[{"id":1694,"href":"https:\/\/lanoticia507.com\/noticia\/wp-json\/wp\/v2\/posts\/1692\/revisions\/1694"}],"wp:featuredmedia":[{"embeddable":true,"href":"https:\/\/lanoticia507.com\/noticia\/wp-json\/wp\/v2\/media\/1693"}],"wp:attachment":[{"href":"https:\/\/lanoticia507.com\/noticia\/wp-json\/wp\/v2\/media?parent=1692"}],"wp:term":[{"taxonomy":"category","embeddable":true,"href":"https:\/\/lanoticia507.com\/noticia\/wp-json\/wp\/v2\/categories?post=1692"},{"taxonomy":"post_tag","embeddable":true,"href":"https:\/\/lanoticia507.com\/noticia\/wp-json\/wp\/v2\/tags?post=1692"}],"curies":[{"name":"wp","href":"https:\/\/api.w.org\/{rel}","templated":true}]}}