{"id":1695,"date":"2025-07-15T16:32:20","date_gmt":"2025-07-15T16:32:20","guid":{"rendered":"https:\/\/lanoticia507.com\/noticia\/?p=1695"},"modified":"2025-07-15T16:32:21","modified_gmt":"2025-07-15T16:32:21","slug":"hombre-vendia-carne-de-armadillo","status":"publish","type":"post","link":"https:\/\/lanoticia507.com\/noticia\/hombre-vendia-carne-de-armadillo\/","title":{"rendered":"Hombre vend\u00eda carne de armadillo"},"content":{"rendered":"\n<p>Una persona fue aprehendida durante un operativo<br>conjunto del Equipo Multidisciplinario Especializado Ambiental y la Direcci\u00f3n Regional del<br>Ministerio de Ambiente (MiAMBIENTE) de Panam\u00e1 Oeste, tras ser sorprendida ofreciendo<br>carne de animales silvestres a trav\u00e9s de redes sociales.<\/p>\n\n\n\n<p><br>Esto se desarroll\u00f3 en el \u00e1rea de Nuevo Arraij\u00e1n, como resultado de un operativo de<br>compra controlada, producto de labores de monitoreo y seguimiento a actividades il\u00edcitas<br>que atentan contra la fauna silvestre. Al momento de la revisi\u00f3n, se le decomis\u00f3 al sujeto<br>un producto c\u00e1rnico que, seg\u00fan indicios preliminares, corresponder\u00eda a armadillo<br>(Dasypus novemcinctus).<\/p>\n\n\n\n<p><br>El individuo fue puesto a \u00f3rdenes del Ministerio P\u00fablico por la presunta comisi\u00f3n del<br>delito ambiental contra la fauna silvestre, seg\u00fan lo establecido en la Ley 24 de 7 de junio<br>de 1995, \u201cPor la cual se establece la legislaci\u00f3n de vida silvestre en la Rep\u00fablica de<br>Panam\u00e1 y se dictan otras disposiciones\u201d, normativa que proh\u00edbe expresamente la caza,<br>comercializaci\u00f3n y consumo de especies de vida silvestre.<\/p>\n","protected":false},"excerpt":{"rendered":"<p>Una persona fue aprehendida durante un operativoconjunto del Equipo Multidisciplinario Especializado Ambiental y la Direcci\u00f3n Regional delMinisterio de<\/p>\n","protected":false},"author":2,"featured_media":1696,"comment_status":"open","ping_status":"open","sticky":false,"template":"","format":"standard","meta":{"footnotes":""},"categories":[9],"tags":[],"class_list":["post-1695","post","type-post","status-publish","format-standard","has-post-thumbnail","hentry","category-denuncialo"],"yoast_head":"<!-- This site is optimized with the Yoast SEO plugin v25.2 - https:\/\/yoast.com\/wordpress\/plugins\/seo\/ -->\n<title>Hombre vend\u00eda carne de armadillo -<\/title>\n<meta name=\"robots\" content=\"index, follow, max-snippet:-1, max-image-preview:large, max-video-preview:-1\" \/>\n<link rel=\"canonical\" href=\"https:\/\/lanoticia507.com\/noticia\/hombre-vendia-carne-de-armadillo\/\" \/>\n<meta property=\"og:locale\" content=\"es_ES\" \/>\n<meta property=\"og:type\" content=\"article\" \/>\n<meta property=\"og:title\" content=\"Hombre vend\u00eda carne de armadillo -\" \/>\n<meta property=\"og:description\" content=\"Una persona fue aprehendida durante un operativoconjunto del Equipo Multidisciplinario Especializado Ambiental y la Direcci\u00f3n Regional delMinisterio de\" \/>\n<meta property=\"og:url\" content=\"https:\/\/lanoticia507.com\/noticia\/hombre-vendia-carne-de-armadillo\/\" \/>\n<meta property=\"article:published_time\" content=\"2025-07-15T16:32:20+00:00\" \/>\n<meta property=\"article:modified_time\" content=\"2025-07-15T16:32:21+00:00\" \/>\n<meta property=\"og:image\" content=\"https:\/\/lanoticia507.com\/noticia\/wp-content\/uploads\/2025\/07\/WhatsApp-Image-2025-07-11-at-10.18.17-AM.jpeg\" \/>\n\t<meta property=\"og:image:width\" content=\"900\" \/>\n\t<meta property=\"og:image:height\" content=\"1600\" \/>\n\t<meta property=\"og:image:type\" content=\"image\/jpeg\" \/>\n<meta name=\"author\" content=\"lanoticia507\" \/>\n<meta name=\"twitter:card\" content=\"summary_large_image\" \/>\n<meta name=\"twitter:label1\" content=\"Escrito por\" \/>\n\t<meta name=\"twitter:data1\" content=\"lanoticia507\" \/>\n\t<meta name=\"twitter:label2\" content=\"Tiempo de lectura\" \/>\n\t<meta name=\"twitter:data2\" content=\"1 minuto\" \/>\n<script type=\"application\/ld+json\" class=\"yoast-schema-graph\">{\"@context\":\"https:\/\/schema.org\",\"@graph\":[{\"@type\":\"Article\",\"@id\":\"https:\/\/lanoticia507.com\/noticia\/hombre-vendia-carne-de-armadillo\/#article\",\"isPartOf\":{\"@id\":\"https:\/\/lanoticia507.com\/noticia\/hombre-vendia-carne-de-armadillo\/\"},\"author\":{\"name\":\"lanoticia507\",\"@id\":\"https:\/\/lanoticia507.com\/noticia\/#\/schema\/person\/ef09ab363a6586838f4fe9d2ba0f2f8b\"},\"headline\":\"Hombre vend\u00eda carne de armadillo\",\"datePublished\":\"2025-07-15T16:32:20+00:00\",\"dateModified\":\"2025-07-15T16:32:21+00:00\",\"mainEntityOfPage\":{\"@id\":\"https:\/\/lanoticia507.com\/noticia\/hombre-vendia-carne-de-armadillo\/\"},\"wordCount\":169,\"commentCount\":0,\"publisher\":{\"@id\":\"https:\/\/lanoticia507.com\/noticia\/#organization\"},\"image\":{\"@id\":\"https:\/\/lanoticia507.com\/noticia\/hombre-vendia-carne-de-armadillo\/#primaryimage\"},\"thumbnailUrl\":\"https:\/\/lanoticia507.com\/noticia\/wp-content\/uploads\/2025\/07\/WhatsApp-Image-2025-07-11-at-10.18.17-AM.jpeg\",\"articleSection\":[\"Den\u00fancialo\"],\"inLanguage\":\"es\",\"potentialAction\":[{\"@type\":\"CommentAction\",\"name\":\"Comment\",\"target\":[\"https:\/\/lanoticia507.com\/noticia\/hombre-vendia-carne-de-armadillo\/#respond\"]}]},{\"@type\":\"WebPage\",\"@id\":\"https:\/\/lanoticia507.com\/noticia\/hombre-vendia-carne-de-armadillo\/\",\"url\":\"https:\/\/lanoticia507.com\/noticia\/hombre-vendia-carne-de-armadillo\/\",\"name\":\"Hombre vend\u00eda carne de armadillo -\",\"isPartOf\":{\"@id\":\"https:\/\/lanoticia507.com\/noticia\/#website\"},\"primaryImageOfPage\":{\"@id\":\"https:\/\/lanoticia507.com\/noticia\/hombre-vendia-carne-de-armadillo\/#primaryimage\"},\"image\":{\"@id\":\"https:\/\/lanoticia507.com\/noticia\/hombre-vendia-carne-de-armadillo\/#primaryimage\"},\"thumbnailUrl\":\"https:\/\/lanoticia507.com\/noticia\/wp-content\/uploads\/2025\/07\/WhatsApp-Image-2025-07-11-at-10.18.17-AM.jpeg\",\"datePublished\":\"2025-07-15T16:32:20+00:00\",\"dateModified\":\"2025-07-15T16:32:21+00:00\",\"breadcrumb\":{\"@id\":\"https:\/\/lanoticia507.com\/noticia\/hombre-vendia-carne-de-armadillo\/#breadcrumb\"},\"inLanguage\":\"es\",\"potentialAction\":[{\"@type\":\"ReadAction\",\"target\":[\"https:\/\/lanoticia507.com\/noticia\/hombre-vendia-carne-de-armadillo\/\"]}]},{\"@type\":\"ImageObject\",\"inLanguage\":\"es\",\"@id\":\"https:\/\/lanoticia507.com\/noticia\/hombre-vendia-carne-de-armadillo\/#primaryimage\",\"url\":\"https:\/\/lanoticia507.com\/noticia\/wp-content\/uploads\/2025\/07\/WhatsApp-Image-2025-07-11-at-10.18.17-AM.jpeg\",\"contentUrl\":\"https:\/\/lanoticia507.com\/noticia\/wp-content\/uploads\/2025\/07\/WhatsApp-Image-2025-07-11-at-10.18.17-AM.jpeg\",\"width\":900,\"height\":1600},{\"@type\":\"BreadcrumbList\",\"@id\":\"https:\/\/lanoticia507.com\/noticia\/hombre-vendia-carne-de-armadillo\/#breadcrumb\",\"itemListElement\":[{\"@type\":\"ListItem\",\"position\":1,\"name\":\"Portada\",\"item\":\"https:\/\/lanoticia507.com\/noticia\/\"},{\"@type\":\"ListItem\",\"position\":2,\"name\":\"Hombre vend\u00eda carne de armadillo\"}]},{\"@type\":\"WebSite\",\"@id\":\"https:\/\/lanoticia507.com\/noticia\/#website\",\"url\":\"https:\/\/lanoticia507.com\/noticia\/\",\"name\":\"Noticias de Panam\u00e1 | \u00daltimas noticias de Panam\u00e1 | La Noticia 507\",\"description\":\"\",\"publisher\":{\"@id\":\"https:\/\/lanoticia507.com\/noticia\/#organization\"},\"potentialAction\":[{\"@type\":\"SearchAction\",\"target\":{\"@type\":\"EntryPoint\",\"urlTemplate\":\"https:\/\/lanoticia507.com\/noticia\/?s={search_term_string}\"},\"query-input\":{\"@type\":\"PropertyValueSpecification\",\"valueRequired\":true,\"valueName\":\"search_term_string\"}}],\"inLanguage\":\"es\"},{\"@type\":\"Organization\",\"@id\":\"https:\/\/lanoticia507.com\/noticia\/#organization\",\"name\":\"Noticias de Panam\u00e1 | \u00daltimas noticias de Panam\u00e1 | La Noticia 507\",\"url\":\"https:\/\/lanoticia507.com\/noticia\/\",\"logo\":{\"@type\":\"ImageObject\",\"inLanguage\":\"es\",\"@id\":\"https:\/\/lanoticia507.com\/noticia\/#\/schema\/logo\/image\/\",\"url\":\"https:\/\/lanoticia507.com\/noticia\/wp-content\/uploads\/2025\/04\/logo-la-noticia-507-150-sombra.png\",\"contentUrl\":\"https:\/\/lanoticia507.com\/noticia\/wp-content\/uploads\/2025\/04\/logo-la-noticia-507-150-sombra.png\",\"width\":170,\"height\":170,\"caption\":\"Noticias de Panam\u00e1 | \u00daltimas noticias de Panam\u00e1 | La Noticia 507\"},\"image\":{\"@id\":\"https:\/\/lanoticia507.com\/noticia\/#\/schema\/logo\/image\/\"},\"sameAs\":[\"https:\/\/www.instagram.com\/lanoticia507\",\"https:\/\/www.tiktok.com\/@lanoticia507\"]},{\"@type\":\"Person\",\"@id\":\"https:\/\/lanoticia507.com\/noticia\/#\/schema\/person\/ef09ab363a6586838f4fe9d2ba0f2f8b\",\"name\":\"lanoticia507\",\"image\":{\"@type\":\"ImageObject\",\"inLanguage\":\"es\",\"@id\":\"https:\/\/lanoticia507.com\/noticia\/#\/schema\/person\/image\/\",\"url\":\"https:\/\/secure.gravatar.com\/avatar\/e1934cbec687ee9715cc234eb1a6c727dfe980db8f0b92ad6e6bbb395ff2c52b?s=96&d=mm&r=g\",\"contentUrl\":\"https:\/\/secure.gravatar.com\/avatar\/e1934cbec687ee9715cc234eb1a6c727dfe980db8f0b92ad6e6bbb395ff2c52b?s=96&d=mm&r=g\",\"caption\":\"lanoticia507\"},\"url\":\"https:\/\/lanoticia507.com\/noticia\/author\/c2791082\/\"}]}<\/script>\n<!-- \/ Yoast SEO plugin. -->","yoast_head_json":{"title":"Hombre vend\u00eda carne de armadillo -","robots":{"index":"index","follow":"follow","max-snippet":"max-snippet:-1","max-image-preview":"max-image-preview:large","max-video-preview":"max-video-preview:-1"},"canonical":"https:\/\/lanoticia507.com\/noticia\/hombre-vendia-carne-de-armadillo\/","og_locale":"es_ES","og_type":"article","og_title":"Hombre vend\u00eda carne de armadillo -","og_description":"Una persona fue aprehendida durante un operativoconjunto del Equipo Multidisciplinario Especializado Ambiental y la Direcci\u00f3n Regional delMinisterio de","og_url":"https:\/\/lanoticia507.com\/noticia\/hombre-vendia-carne-de-armadillo\/","article_published_time":"2025-07-15T16:32:20+00:00","article_modified_time":"2025-07-15T16:32:21+00:00","og_image":[{"width":900,"height":1600,"url":"https:\/\/lanoticia507.com\/noticia\/wp-content\/uploads\/2025\/07\/WhatsApp-Image-2025-07-11-at-10.18.17-AM.jpeg","type":"image\/jpeg"}],"author":"lanoticia507","twitter_card":"summary_large_image","twitter_misc":{"Escrito por":"lanoticia507","Tiempo de lectura":"1 minuto"},"schema":{"@context":"https:\/\/schema.org","@graph":[{"@type":"Article","@id":"https:\/\/lanoticia507.com\/noticia\/hombre-vendia-carne-de-armadillo\/#article","isPartOf":{"@id":"https:\/\/lanoticia507.com\/noticia\/hombre-vendia-carne-de-armadillo\/"},"author":{"name":"lanoticia507","@id":"https:\/\/lanoticia507.com\/noticia\/#\/schema\/person\/ef09ab363a6586838f4fe9d2ba0f2f8b"},"headline":"Hombre vend\u00eda carne de armadillo","datePublished":"2025-07-15T16:32:20+00:00","dateModified":"2025-07-15T16:32:21+00:00","mainEntityOfPage":{"@id":"https:\/\/lanoticia507.com\/noticia\/hombre-vendia-carne-de-armadillo\/"},"wordCount":169,"commentCount":0,"publisher":{"@id":"https:\/\/lanoticia507.com\/noticia\/#organization"},"image":{"@id":"https:\/\/lanoticia507.com\/noticia\/hombre-vendia-carne-de-armadillo\/#primaryimage"},"thumbnailUrl":"https:\/\/lanoticia507.com\/noticia\/wp-content\/uploads\/2025\/07\/WhatsApp-Image-2025-07-11-at-10.18.17-AM.jpeg","articleSection":["Den\u00fancialo"],"inLanguage":"es","potentialAction":[{"@type":"CommentAction","name":"Comment","target":["https:\/\/lanoticia507.com\/noticia\/hombre-vendia-carne-de-armadillo\/#respond"]}]},{"@type":"WebPage","@id":"https:\/\/lanoticia507.com\/noticia\/hombre-vendia-carne-de-armadillo\/","url":"https:\/\/lanoticia507.com\/noticia\/hombre-vendia-carne-de-armadillo\/","name":"Hombre vend\u00eda carne de armadillo -","isPartOf":{"@id":"https:\/\/lanoticia507.com\/noticia\/#website"},"primaryImageOfPage":{"@id":"https:\/\/lanoticia507.com\/noticia\/hombre-vendia-carne-de-armadillo\/#primaryimage"},"image":{"@id":"https:\/\/lanoticia507.com\/noticia\/hombre-vendia-carne-de-armadillo\/#primaryimage"},"thumbnailUrl":"https:\/\/lanoticia507.com\/noticia\/wp-content\/uploads\/2025\/07\/WhatsApp-Image-2025-07-11-at-10.18.17-AM.jpeg","datePublished":"2025-07-15T16:32:20+00:00","dateModified":"2025-07-15T16:32:21+00:00","breadcrumb":{"@id":"https:\/\/lanoticia507.com\/noticia\/hombre-vendia-carne-de-armadillo\/#breadcrumb"},"inLanguage":"es","potentialAction":[{"@type":"ReadAction","target":["https:\/\/lanoticia507.com\/noticia\/hombre-vendia-carne-de-armadillo\/"]}]},{"@type":"ImageObject","inLanguage":"es","@id":"https:\/\/lanoticia507.com\/noticia\/hombre-vendia-carne-de-armadillo\/#primaryimage","url":"https:\/\/lanoticia507.com\/noticia\/wp-content\/uploads\/2025\/07\/WhatsApp-Image-2025-07-11-at-10.18.17-AM.jpeg","contentUrl":"https:\/\/lanoticia507.com\/noticia\/wp-content\/uploads\/2025\/07\/WhatsApp-Image-2025-07-11-at-10.18.17-AM.jpeg","width":900,"height":1600},{"@type":"BreadcrumbList","@id":"https:\/\/lanoticia507.com\/noticia\/hombre-vendia-carne-de-armadillo\/#breadcrumb","itemListElement":[{"@type":"ListItem","position":1,"name":"Portada","item":"https:\/\/lanoticia507.com\/noticia\/"},{"@type":"ListItem","position":2,"name":"Hombre vend\u00eda carne de armadillo"}]},{"@type":"WebSite","@id":"https:\/\/lanoticia507.com\/noticia\/#website","url":"https:\/\/lanoticia507.com\/noticia\/","name":"Noticias de Panam\u00e1 | \u00daltimas noticias de Panam\u00e1 | La Noticia 507","description":"","publisher":{"@id":"https:\/\/lanoticia507.com\/noticia\/#organization"},"potentialAction":[{"@type":"SearchAction","target":{"@type":"EntryPoint","urlTemplate":"https:\/\/lanoticia507.com\/noticia\/?s={search_term_string}"},"query-input":{"@type":"PropertyValueSpecification","valueRequired":true,"valueName":"search_term_string"}}],"inLanguage":"es"},{"@type":"Organization","@id":"https:\/\/lanoticia507.com\/noticia\/#organization","name":"Noticias de Panam\u00e1 | \u00daltimas noticias de Panam\u00e1 | La Noticia 507","url":"https:\/\/lanoticia507.com\/noticia\/","logo":{"@type":"ImageObject","inLanguage":"es","@id":"https:\/\/lanoticia507.com\/noticia\/#\/schema\/logo\/image\/","url":"https:\/\/lanoticia507.com\/noticia\/wp-content\/uploads\/2025\/04\/logo-la-noticia-507-150-sombra.png","contentUrl":"https:\/\/lanoticia507.com\/noticia\/wp-content\/uploads\/2025\/04\/logo-la-noticia-507-150-sombra.png","width":170,"height":170,"caption":"Noticias de Panam\u00e1 | \u00daltimas noticias de Panam\u00e1 | La Noticia 507"},"image":{"@id":"https:\/\/lanoticia507.com\/noticia\/#\/schema\/logo\/image\/"},"sameAs":["https:\/\/www.instagram.com\/lanoticia507","https:\/\/www.tiktok.com\/@lanoticia507"]},{"@type":"Person","@id":"https:\/\/lanoticia507.com\/noticia\/#\/schema\/person\/ef09ab363a6586838f4fe9d2ba0f2f8b","name":"lanoticia507","image":{"@type":"ImageObject","inLanguage":"es","@id":"https:\/\/lanoticia507.com\/noticia\/#\/schema\/person\/image\/","url":"https:\/\/secure.gravatar.com\/avatar\/e1934cbec687ee9715cc234eb1a6c727dfe980db8f0b92ad6e6bbb395ff2c52b?s=96&d=mm&r=g","contentUrl":"https:\/\/secure.gravatar.com\/avatar\/e1934cbec687ee9715cc234eb1a6c727dfe980db8f0b92ad6e6bbb395ff2c52b?s=96&d=mm&r=g","caption":"lanoticia507"},"url":"https:\/\/lanoticia507.com\/noticia\/author\/c2791082\/"}]}},"featured_image_urls":{"full":["https:\/\/lanoticia507.com\/noticia\/wp-content\/uploads\/2025\/07\/WhatsApp-Image-2025-07-11-at-10.18.17-AM.jpeg",900,1600,false],"thumbnail":["https:\/\/lanoticia507.com\/noticia\/wp-content\/uploads\/2025\/07\/WhatsApp-Image-2025-07-11-at-10.18.17-AM-150x150.jpeg",150,150,true],"medium":["https:\/\/lanoticia507.com\/noticia\/wp-content\/uploads\/2025\/07\/WhatsApp-Image-2025-07-11-at-10.18.17-AM-169x300.jpeg",169,300,true],"medium_large":["https:\/\/lanoticia507.com\/noticia\/wp-content\/uploads\/2025\/07\/WhatsApp-Image-2025-07-11-at-10.18.17-AM-768x1365.jpeg",640,1138,true],"large":["https:\/\/lanoticia507.com\/noticia\/wp-content\/uploads\/2025\/07\/WhatsApp-Image-2025-07-11-at-10.18.17-AM-576x1024.jpeg",576,1024,true],"1536x1536":["https:\/\/lanoticia507.com\/noticia\/wp-content\/uploads\/2025\/07\/WhatsApp-Image-2025-07-11-at-10.18.17-AM-864x1536.jpeg",864,1536,true],"2048x2048":["https:\/\/lanoticia507.com\/noticia\/wp-content\/uploads\/2025\/07\/WhatsApp-Image-2025-07-11-at-10.18.17-AM.jpeg",900,1600,false],"morenews-featured":["https:\/\/lanoticia507.com\/noticia\/wp-content\/uploads\/2025\/07\/WhatsApp-Image-2025-07-11-at-10.18.17-AM.jpeg",900,1600,false],"morenews-large":["https:\/\/lanoticia507.com\/noticia\/wp-content\/uploads\/2025\/07\/WhatsApp-Image-2025-07-11-at-10.18.17-AM-825x575.jpeg",825,575,true],"morenews-medium":["https:\/\/lanoticia507.com\/noticia\/wp-content\/uploads\/2025\/07\/WhatsApp-Image-2025-07-11-at-10.18.17-AM-590x410.jpeg",590,410,true]},"author_info":{"display_name":"lanoticia507","author_link":"https:\/\/lanoticia507.com\/noticia\/author\/c2791082\/"},"category_info":"<a href=\"https:\/\/lanoticia507.com\/noticia\/category\/denuncialo\/\" rel=\"category tag\">Den\u00fancialo<\/a>","tag_info":"Den\u00fancialo","comment_count":"0","_links":{"self":[{"href":"https:\/\/lanoticia507.com\/noticia\/wp-json\/wp\/v2\/posts\/1695","targetHints":{"allow":["GET"]}}],"collection":[{"href":"https:\/\/lanoticia507.com\/noticia\/wp-json\/wp\/v2\/posts"}],"about":[{"href":"https:\/\/lanoticia507.com\/noticia\/wp-json\/wp\/v2\/types\/post"}],"author":[{"embeddable":true,"href":"https:\/\/lanoticia507.com\/noticia\/wp-json\/wp\/v2\/users\/2"}],"replies":[{"embeddable":true,"href":"https:\/\/lanoticia507.com\/noticia\/wp-json\/wp\/v2\/comments?post=1695"}],"version-history":[{"count":1,"href":"https:\/\/lanoticia507.com\/noticia\/wp-json\/wp\/v2\/posts\/1695\/revisions"}],"predecessor-version":[{"id":1697,"href":"https:\/\/lanoticia507.com\/noticia\/wp-json\/wp\/v2\/posts\/1695\/revisions\/1697"}],"wp:featuredmedia":[{"embeddable":true,"href":"https:\/\/lanoticia507.com\/noticia\/wp-json\/wp\/v2\/media\/1696"}],"wp:attachment":[{"href":"https:\/\/lanoticia507.com\/noticia\/wp-json\/wp\/v2\/media?parent=1695"}],"wp:term":[{"taxonomy":"category","embeddable":true,"href":"https:\/\/lanoticia507.com\/noticia\/wp-json\/wp\/v2\/categories?post=1695"},{"taxonomy":"post_tag","embeddable":true,"href":"https:\/\/lanoticia507.com\/noticia\/wp-json\/wp\/v2\/tags?post=1695"}],"curies":[{"name":"wp","href":"https:\/\/api.w.org\/{rel}","templated":true}]}}