{"id":1701,"date":"2025-07-19T01:21:40","date_gmt":"2025-07-19T01:21:40","guid":{"rendered":"https:\/\/lanoticia507.com\/noticia\/?p=1701"},"modified":"2025-07-19T01:21:42","modified_gmt":"2025-07-19T01:21:42","slug":"policia-ambiental-rescata-a-216-gatos-y-26-perros-en-cautiverio-en-varios-puntos-del-pais","status":"publish","type":"post","link":"https:\/\/lanoticia507.com\/noticia\/policia-ambiental-rescata-a-216-gatos-y-26-perros-en-cautiverio-en-varios-puntos-del-pais\/","title":{"rendered":"POLIC\u00cdA AMBIENTAL, RESCATA A 216 GATOS Y 26 PERROS EN CAUTIVERIO EN VARIOS PUNTOS DEL PA\u00cdS"},"content":{"rendered":"\n<p>La Polic\u00eda Nacional a trav\u00e9s del Servicio Policial Ambiental en conjunto con el MINSA, Mi Ambiente y el Ministerio P\u00fablico rescataron a 216 gatos y 26 perros que viv\u00edan en albergues clandestinos ubicados en los sectores del corregimiento de Juan D\u00edaz y el distrito de Arraij\u00e1n. <\/p>\n\n\n\n<p>Por este hecho en Juan D\u00edaz fueron aprehendidas dos mujeres de nacionalidad colombiana para investigaci\u00f3n por la presunta comisi\u00f3n del delito contra los animales dom\u00e9sticos en su modalidad de maltrato animal.<\/p>\n\n\n\n<p>Este operativo se realiz\u00f3 tras alerta ciudadana y denuncias de los propietarios de los animales, indicando que los gatos hab\u00edan sido sustra\u00eddos de sus casas. Los animales fueron trasladados para recibir atenci\u00f3n veterinaria a fin de determinar su condici\u00f3n de salud.<\/p>\n\n\n\n<p>La Polic\u00eda Nacional contin\u00faa con sus operativos y campa\u00f1as de sensibilizaci\u00f3n sobre el cuidado y protecci\u00f3n de los animales; exhortamos a la comunidad a denunciar estos casos al 104.<\/p>\n","protected":false},"excerpt":{"rendered":"<p>La Polic\u00eda Nacional a trav\u00e9s del Servicio Policial Ambiental en conjunto con el MINSA, Mi Ambiente y el<\/p>\n","protected":false},"author":2,"featured_media":1702,"comment_status":"open","ping_status":"open","sticky":false,"template":"","format":"standard","meta":{"footnotes":""},"categories":[5],"tags":[],"class_list":["post-1701","post","type-post","status-publish","format-standard","has-post-thumbnail","hentry","category-sucesos"],"yoast_head":"<!-- This site is optimized with the Yoast SEO plugin v25.2 - https:\/\/yoast.com\/wordpress\/plugins\/seo\/ -->\n<title>POLIC\u00cdA AMBIENTAL, RESCATA A 216 GATOS Y 26 PERROS EN CAUTIVERIO EN VARIOS PUNTOS DEL PA\u00cdS -<\/title>\n<meta name=\"robots\" content=\"index, follow, max-snippet:-1, max-image-preview:large, max-video-preview:-1\" \/>\n<link rel=\"canonical\" href=\"https:\/\/lanoticia507.com\/noticia\/policia-ambiental-rescata-a-216-gatos-y-26-perros-en-cautiverio-en-varios-puntos-del-pais\/\" \/>\n<meta property=\"og:locale\" content=\"es_ES\" \/>\n<meta property=\"og:type\" content=\"article\" \/>\n<meta property=\"og:title\" content=\"POLIC\u00cdA AMBIENTAL, RESCATA A 216 GATOS Y 26 PERROS EN CAUTIVERIO EN VARIOS PUNTOS DEL PA\u00cdS -\" \/>\n<meta property=\"og:description\" content=\"La Polic\u00eda Nacional a trav\u00e9s del Servicio Policial Ambiental en conjunto con el MINSA, Mi Ambiente y el\" \/>\n<meta property=\"og:url\" content=\"https:\/\/lanoticia507.com\/noticia\/policia-ambiental-rescata-a-216-gatos-y-26-perros-en-cautiverio-en-varios-puntos-del-pais\/\" \/>\n<meta property=\"article:published_time\" content=\"2025-07-19T01:21:40+00:00\" \/>\n<meta property=\"article:modified_time\" content=\"2025-07-19T01:21:42+00:00\" \/>\n<meta property=\"og:image\" content=\"https:\/\/lanoticia507.com\/noticia\/wp-content\/uploads\/2025\/07\/1000295577.jpg\" \/>\n\t<meta property=\"og:image:width\" content=\"1200\" \/>\n\t<meta property=\"og:image:height\" content=\"1600\" \/>\n\t<meta property=\"og:image:type\" content=\"image\/jpeg\" \/>\n<meta name=\"author\" content=\"lanoticia507\" \/>\n<meta name=\"twitter:card\" content=\"summary_large_image\" \/>\n<meta name=\"twitter:label1\" content=\"Escrito por\" \/>\n\t<meta name=\"twitter:data1\" content=\"lanoticia507\" \/>\n\t<meta name=\"twitter:label2\" content=\"Tiempo de lectura\" \/>\n\t<meta name=\"twitter:data2\" content=\"1 minuto\" \/>\n<script type=\"application\/ld+json\" class=\"yoast-schema-graph\">{\"@context\":\"https:\/\/schema.org\",\"@graph\":[{\"@type\":\"Article\",\"@id\":\"https:\/\/lanoticia507.com\/noticia\/policia-ambiental-rescata-a-216-gatos-y-26-perros-en-cautiverio-en-varios-puntos-del-pais\/#article\",\"isPartOf\":{\"@id\":\"https:\/\/lanoticia507.com\/noticia\/policia-ambiental-rescata-a-216-gatos-y-26-perros-en-cautiverio-en-varios-puntos-del-pais\/\"},\"author\":{\"name\":\"lanoticia507\",\"@id\":\"https:\/\/lanoticia507.com\/noticia\/#\/schema\/person\/ef09ab363a6586838f4fe9d2ba0f2f8b\"},\"headline\":\"POLIC\u00cdA AMBIENTAL, RESCATA A 216 GATOS Y 26 PERROS EN CAUTIVERIO EN VARIOS PUNTOS DEL PA\u00cdS\",\"datePublished\":\"2025-07-19T01:21:40+00:00\",\"dateModified\":\"2025-07-19T01:21:42+00:00\",\"mainEntityOfPage\":{\"@id\":\"https:\/\/lanoticia507.com\/noticia\/policia-ambiental-rescata-a-216-gatos-y-26-perros-en-cautiverio-en-varios-puntos-del-pais\/\"},\"wordCount\":179,\"commentCount\":0,\"publisher\":{\"@id\":\"https:\/\/lanoticia507.com\/noticia\/#organization\"},\"image\":{\"@id\":\"https:\/\/lanoticia507.com\/noticia\/policia-ambiental-rescata-a-216-gatos-y-26-perros-en-cautiverio-en-varios-puntos-del-pais\/#primaryimage\"},\"thumbnailUrl\":\"https:\/\/lanoticia507.com\/noticia\/wp-content\/uploads\/2025\/07\/1000295577.jpg\",\"articleSection\":[\"Sucesos\"],\"inLanguage\":\"es\",\"potentialAction\":[{\"@type\":\"CommentAction\",\"name\":\"Comment\",\"target\":[\"https:\/\/lanoticia507.com\/noticia\/policia-ambiental-rescata-a-216-gatos-y-26-perros-en-cautiverio-en-varios-puntos-del-pais\/#respond\"]}]},{\"@type\":\"WebPage\",\"@id\":\"https:\/\/lanoticia507.com\/noticia\/policia-ambiental-rescata-a-216-gatos-y-26-perros-en-cautiverio-en-varios-puntos-del-pais\/\",\"url\":\"https:\/\/lanoticia507.com\/noticia\/policia-ambiental-rescata-a-216-gatos-y-26-perros-en-cautiverio-en-varios-puntos-del-pais\/\",\"name\":\"POLIC\u00cdA AMBIENTAL, RESCATA A 216 GATOS Y 26 PERROS EN CAUTIVERIO EN VARIOS PUNTOS DEL PA\u00cdS -\",\"isPartOf\":{\"@id\":\"https:\/\/lanoticia507.com\/noticia\/#website\"},\"primaryImageOfPage\":{\"@id\":\"https:\/\/lanoticia507.com\/noticia\/policia-ambiental-rescata-a-216-gatos-y-26-perros-en-cautiverio-en-varios-puntos-del-pais\/#primaryimage\"},\"image\":{\"@id\":\"https:\/\/lanoticia507.com\/noticia\/policia-ambiental-rescata-a-216-gatos-y-26-perros-en-cautiverio-en-varios-puntos-del-pais\/#primaryimage\"},\"thumbnailUrl\":\"https:\/\/lanoticia507.com\/noticia\/wp-content\/uploads\/2025\/07\/1000295577.jpg\",\"datePublished\":\"2025-07-19T01:21:40+00:00\",\"dateModified\":\"2025-07-19T01:21:42+00:00\",\"breadcrumb\":{\"@id\":\"https:\/\/lanoticia507.com\/noticia\/policia-ambiental-rescata-a-216-gatos-y-26-perros-en-cautiverio-en-varios-puntos-del-pais\/#breadcrumb\"},\"inLanguage\":\"es\",\"potentialAction\":[{\"@type\":\"ReadAction\",\"target\":[\"https:\/\/lanoticia507.com\/noticia\/policia-ambiental-rescata-a-216-gatos-y-26-perros-en-cautiverio-en-varios-puntos-del-pais\/\"]}]},{\"@type\":\"ImageObject\",\"inLanguage\":\"es\",\"@id\":\"https:\/\/lanoticia507.com\/noticia\/policia-ambiental-rescata-a-216-gatos-y-26-perros-en-cautiverio-en-varios-puntos-del-pais\/#primaryimage\",\"url\":\"https:\/\/lanoticia507.com\/noticia\/wp-content\/uploads\/2025\/07\/1000295577.jpg\",\"contentUrl\":\"https:\/\/lanoticia507.com\/noticia\/wp-content\/uploads\/2025\/07\/1000295577.jpg\",\"width\":1200,\"height\":1600},{\"@type\":\"BreadcrumbList\",\"@id\":\"https:\/\/lanoticia507.com\/noticia\/policia-ambiental-rescata-a-216-gatos-y-26-perros-en-cautiverio-en-varios-puntos-del-pais\/#breadcrumb\",\"itemListElement\":[{\"@type\":\"ListItem\",\"position\":1,\"name\":\"Portada\",\"item\":\"https:\/\/lanoticia507.com\/noticia\/\"},{\"@type\":\"ListItem\",\"position\":2,\"name\":\"POLIC\u00cdA AMBIENTAL, RESCATA A 216 GATOS Y 26 PERROS EN CAUTIVERIO EN VARIOS PUNTOS DEL PA\u00cdS\"}]},{\"@type\":\"WebSite\",\"@id\":\"https:\/\/lanoticia507.com\/noticia\/#website\",\"url\":\"https:\/\/lanoticia507.com\/noticia\/\",\"name\":\"Noticias de Panam\u00e1 | \u00daltimas noticias de Panam\u00e1 | La Noticia 507\",\"description\":\"\",\"publisher\":{\"@id\":\"https:\/\/lanoticia507.com\/noticia\/#organization\"},\"potentialAction\":[{\"@type\":\"SearchAction\",\"target\":{\"@type\":\"EntryPoint\",\"urlTemplate\":\"https:\/\/lanoticia507.com\/noticia\/?s={search_term_string}\"},\"query-input\":{\"@type\":\"PropertyValueSpecification\",\"valueRequired\":true,\"valueName\":\"search_term_string\"}}],\"inLanguage\":\"es\"},{\"@type\":\"Organization\",\"@id\":\"https:\/\/lanoticia507.com\/noticia\/#organization\",\"name\":\"Noticias de Panam\u00e1 | \u00daltimas noticias de Panam\u00e1 | La Noticia 507\",\"url\":\"https:\/\/lanoticia507.com\/noticia\/\",\"logo\":{\"@type\":\"ImageObject\",\"inLanguage\":\"es\",\"@id\":\"https:\/\/lanoticia507.com\/noticia\/#\/schema\/logo\/image\/\",\"url\":\"https:\/\/lanoticia507.com\/noticia\/wp-content\/uploads\/2025\/04\/logo-la-noticia-507-150-sombra.png\",\"contentUrl\":\"https:\/\/lanoticia507.com\/noticia\/wp-content\/uploads\/2025\/04\/logo-la-noticia-507-150-sombra.png\",\"width\":170,\"height\":170,\"caption\":\"Noticias de Panam\u00e1 | \u00daltimas noticias de Panam\u00e1 | La Noticia 507\"},\"image\":{\"@id\":\"https:\/\/lanoticia507.com\/noticia\/#\/schema\/logo\/image\/\"},\"sameAs\":[\"https:\/\/www.instagram.com\/lanoticia507\",\"https:\/\/www.tiktok.com\/@lanoticia507\"]},{\"@type\":\"Person\",\"@id\":\"https:\/\/lanoticia507.com\/noticia\/#\/schema\/person\/ef09ab363a6586838f4fe9d2ba0f2f8b\",\"name\":\"lanoticia507\",\"image\":{\"@type\":\"ImageObject\",\"inLanguage\":\"es\",\"@id\":\"https:\/\/lanoticia507.com\/noticia\/#\/schema\/person\/image\/\",\"url\":\"https:\/\/secure.gravatar.com\/avatar\/e1934cbec687ee9715cc234eb1a6c727dfe980db8f0b92ad6e6bbb395ff2c52b?s=96&d=mm&r=g\",\"contentUrl\":\"https:\/\/secure.gravatar.com\/avatar\/e1934cbec687ee9715cc234eb1a6c727dfe980db8f0b92ad6e6bbb395ff2c52b?s=96&d=mm&r=g\",\"caption\":\"lanoticia507\"},\"url\":\"https:\/\/lanoticia507.com\/noticia\/author\/c2791082\/\"}]}<\/script>\n<!-- \/ Yoast SEO plugin. -->","yoast_head_json":{"title":"POLIC\u00cdA AMBIENTAL, RESCATA A 216 GATOS Y 26 PERROS EN CAUTIVERIO EN VARIOS PUNTOS DEL PA\u00cdS -","robots":{"index":"index","follow":"follow","max-snippet":"max-snippet:-1","max-image-preview":"max-image-preview:large","max-video-preview":"max-video-preview:-1"},"canonical":"https:\/\/lanoticia507.com\/noticia\/policia-ambiental-rescata-a-216-gatos-y-26-perros-en-cautiverio-en-varios-puntos-del-pais\/","og_locale":"es_ES","og_type":"article","og_title":"POLIC\u00cdA AMBIENTAL, RESCATA A 216 GATOS Y 26 PERROS EN CAUTIVERIO EN VARIOS PUNTOS DEL PA\u00cdS -","og_description":"La Polic\u00eda Nacional a trav\u00e9s del Servicio Policial Ambiental en conjunto con el MINSA, Mi Ambiente y el","og_url":"https:\/\/lanoticia507.com\/noticia\/policia-ambiental-rescata-a-216-gatos-y-26-perros-en-cautiverio-en-varios-puntos-del-pais\/","article_published_time":"2025-07-19T01:21:40+00:00","article_modified_time":"2025-07-19T01:21:42+00:00","og_image":[{"width":1200,"height":1600,"url":"https:\/\/lanoticia507.com\/noticia\/wp-content\/uploads\/2025\/07\/1000295577.jpg","type":"image\/jpeg"}],"author":"lanoticia507","twitter_card":"summary_large_image","twitter_misc":{"Escrito por":"lanoticia507","Tiempo de lectura":"1 minuto"},"schema":{"@context":"https:\/\/schema.org","@graph":[{"@type":"Article","@id":"https:\/\/lanoticia507.com\/noticia\/policia-ambiental-rescata-a-216-gatos-y-26-perros-en-cautiverio-en-varios-puntos-del-pais\/#article","isPartOf":{"@id":"https:\/\/lanoticia507.com\/noticia\/policia-ambiental-rescata-a-216-gatos-y-26-perros-en-cautiverio-en-varios-puntos-del-pais\/"},"author":{"name":"lanoticia507","@id":"https:\/\/lanoticia507.com\/noticia\/#\/schema\/person\/ef09ab363a6586838f4fe9d2ba0f2f8b"},"headline":"POLIC\u00cdA AMBIENTAL, RESCATA A 216 GATOS Y 26 PERROS EN CAUTIVERIO EN VARIOS PUNTOS DEL PA\u00cdS","datePublished":"2025-07-19T01:21:40+00:00","dateModified":"2025-07-19T01:21:42+00:00","mainEntityOfPage":{"@id":"https:\/\/lanoticia507.com\/noticia\/policia-ambiental-rescata-a-216-gatos-y-26-perros-en-cautiverio-en-varios-puntos-del-pais\/"},"wordCount":179,"commentCount":0,"publisher":{"@id":"https:\/\/lanoticia507.com\/noticia\/#organization"},"image":{"@id":"https:\/\/lanoticia507.com\/noticia\/policia-ambiental-rescata-a-216-gatos-y-26-perros-en-cautiverio-en-varios-puntos-del-pais\/#primaryimage"},"thumbnailUrl":"https:\/\/lanoticia507.com\/noticia\/wp-content\/uploads\/2025\/07\/1000295577.jpg","articleSection":["Sucesos"],"inLanguage":"es","potentialAction":[{"@type":"CommentAction","name":"Comment","target":["https:\/\/lanoticia507.com\/noticia\/policia-ambiental-rescata-a-216-gatos-y-26-perros-en-cautiverio-en-varios-puntos-del-pais\/#respond"]}]},{"@type":"WebPage","@id":"https:\/\/lanoticia507.com\/noticia\/policia-ambiental-rescata-a-216-gatos-y-26-perros-en-cautiverio-en-varios-puntos-del-pais\/","url":"https:\/\/lanoticia507.com\/noticia\/policia-ambiental-rescata-a-216-gatos-y-26-perros-en-cautiverio-en-varios-puntos-del-pais\/","name":"POLIC\u00cdA AMBIENTAL, RESCATA A 216 GATOS Y 26 PERROS EN CAUTIVERIO EN VARIOS PUNTOS DEL PA\u00cdS -","isPartOf":{"@id":"https:\/\/lanoticia507.com\/noticia\/#website"},"primaryImageOfPage":{"@id":"https:\/\/lanoticia507.com\/noticia\/policia-ambiental-rescata-a-216-gatos-y-26-perros-en-cautiverio-en-varios-puntos-del-pais\/#primaryimage"},"image":{"@id":"https:\/\/lanoticia507.com\/noticia\/policia-ambiental-rescata-a-216-gatos-y-26-perros-en-cautiverio-en-varios-puntos-del-pais\/#primaryimage"},"thumbnailUrl":"https:\/\/lanoticia507.com\/noticia\/wp-content\/uploads\/2025\/07\/1000295577.jpg","datePublished":"2025-07-19T01:21:40+00:00","dateModified":"2025-07-19T01:21:42+00:00","breadcrumb":{"@id":"https:\/\/lanoticia507.com\/noticia\/policia-ambiental-rescata-a-216-gatos-y-26-perros-en-cautiverio-en-varios-puntos-del-pais\/#breadcrumb"},"inLanguage":"es","potentialAction":[{"@type":"ReadAction","target":["https:\/\/lanoticia507.com\/noticia\/policia-ambiental-rescata-a-216-gatos-y-26-perros-en-cautiverio-en-varios-puntos-del-pais\/"]}]},{"@type":"ImageObject","inLanguage":"es","@id":"https:\/\/lanoticia507.com\/noticia\/policia-ambiental-rescata-a-216-gatos-y-26-perros-en-cautiverio-en-varios-puntos-del-pais\/#primaryimage","url":"https:\/\/lanoticia507.com\/noticia\/wp-content\/uploads\/2025\/07\/1000295577.jpg","contentUrl":"https:\/\/lanoticia507.com\/noticia\/wp-content\/uploads\/2025\/07\/1000295577.jpg","width":1200,"height":1600},{"@type":"BreadcrumbList","@id":"https:\/\/lanoticia507.com\/noticia\/policia-ambiental-rescata-a-216-gatos-y-26-perros-en-cautiverio-en-varios-puntos-del-pais\/#breadcrumb","itemListElement":[{"@type":"ListItem","position":1,"name":"Portada","item":"https:\/\/lanoticia507.com\/noticia\/"},{"@type":"ListItem","position":2,"name":"POLIC\u00cdA AMBIENTAL, RESCATA A 216 GATOS Y 26 PERROS EN CAUTIVERIO EN VARIOS PUNTOS DEL PA\u00cdS"}]},{"@type":"WebSite","@id":"https:\/\/lanoticia507.com\/noticia\/#website","url":"https:\/\/lanoticia507.com\/noticia\/","name":"Noticias de Panam\u00e1 | \u00daltimas noticias de Panam\u00e1 | La Noticia 507","description":"","publisher":{"@id":"https:\/\/lanoticia507.com\/noticia\/#organization"},"potentialAction":[{"@type":"SearchAction","target":{"@type":"EntryPoint","urlTemplate":"https:\/\/lanoticia507.com\/noticia\/?s={search_term_string}"},"query-input":{"@type":"PropertyValueSpecification","valueRequired":true,"valueName":"search_term_string"}}],"inLanguage":"es"},{"@type":"Organization","@id":"https:\/\/lanoticia507.com\/noticia\/#organization","name":"Noticias de Panam\u00e1 | \u00daltimas noticias de Panam\u00e1 | La Noticia 507","url":"https:\/\/lanoticia507.com\/noticia\/","logo":{"@type":"ImageObject","inLanguage":"es","@id":"https:\/\/lanoticia507.com\/noticia\/#\/schema\/logo\/image\/","url":"https:\/\/lanoticia507.com\/noticia\/wp-content\/uploads\/2025\/04\/logo-la-noticia-507-150-sombra.png","contentUrl":"https:\/\/lanoticia507.com\/noticia\/wp-content\/uploads\/2025\/04\/logo-la-noticia-507-150-sombra.png","width":170,"height":170,"caption":"Noticias de Panam\u00e1 | \u00daltimas noticias de Panam\u00e1 | La Noticia 507"},"image":{"@id":"https:\/\/lanoticia507.com\/noticia\/#\/schema\/logo\/image\/"},"sameAs":["https:\/\/www.instagram.com\/lanoticia507","https:\/\/www.tiktok.com\/@lanoticia507"]},{"@type":"Person","@id":"https:\/\/lanoticia507.com\/noticia\/#\/schema\/person\/ef09ab363a6586838f4fe9d2ba0f2f8b","name":"lanoticia507","image":{"@type":"ImageObject","inLanguage":"es","@id":"https:\/\/lanoticia507.com\/noticia\/#\/schema\/person\/image\/","url":"https:\/\/secure.gravatar.com\/avatar\/e1934cbec687ee9715cc234eb1a6c727dfe980db8f0b92ad6e6bbb395ff2c52b?s=96&d=mm&r=g","contentUrl":"https:\/\/secure.gravatar.com\/avatar\/e1934cbec687ee9715cc234eb1a6c727dfe980db8f0b92ad6e6bbb395ff2c52b?s=96&d=mm&r=g","caption":"lanoticia507"},"url":"https:\/\/lanoticia507.com\/noticia\/author\/c2791082\/"}]}},"featured_image_urls":{"full":["https:\/\/lanoticia507.com\/noticia\/wp-content\/uploads\/2025\/07\/1000295577.jpg",1200,1600,false],"thumbnail":["https:\/\/lanoticia507.com\/noticia\/wp-content\/uploads\/2025\/07\/1000295577-150x150.jpg",150,150,true],"medium":["https:\/\/lanoticia507.com\/noticia\/wp-content\/uploads\/2025\/07\/1000295577-225x300.jpg",225,300,true],"medium_large":["https:\/\/lanoticia507.com\/noticia\/wp-content\/uploads\/2025\/07\/1000295577-768x1024.jpg",640,853,true],"large":["https:\/\/lanoticia507.com\/noticia\/wp-content\/uploads\/2025\/07\/1000295577-768x1024.jpg",640,853,true],"1536x1536":["https:\/\/lanoticia507.com\/noticia\/wp-content\/uploads\/2025\/07\/1000295577-1152x1536.jpg",1152,1536,true],"2048x2048":["https:\/\/lanoticia507.com\/noticia\/wp-content\/uploads\/2025\/07\/1000295577.jpg",1200,1600,false],"morenews-featured":["https:\/\/lanoticia507.com\/noticia\/wp-content\/uploads\/2025\/07\/1000295577-1024x1365.jpg",1024,1365,true],"morenews-large":["https:\/\/lanoticia507.com\/noticia\/wp-content\/uploads\/2025\/07\/1000295577-825x575.jpg",825,575,true],"morenews-medium":["https:\/\/lanoticia507.com\/noticia\/wp-content\/uploads\/2025\/07\/1000295577-590x410.jpg",590,410,true]},"author_info":{"display_name":"lanoticia507","author_link":"https:\/\/lanoticia507.com\/noticia\/author\/c2791082\/"},"category_info":"<a href=\"https:\/\/lanoticia507.com\/noticia\/category\/sucesos\/\" rel=\"category tag\">Sucesos<\/a>","tag_info":"Sucesos","comment_count":"0","_links":{"self":[{"href":"https:\/\/lanoticia507.com\/noticia\/wp-json\/wp\/v2\/posts\/1701","targetHints":{"allow":["GET"]}}],"collection":[{"href":"https:\/\/lanoticia507.com\/noticia\/wp-json\/wp\/v2\/posts"}],"about":[{"href":"https:\/\/lanoticia507.com\/noticia\/wp-json\/wp\/v2\/types\/post"}],"author":[{"embeddable":true,"href":"https:\/\/lanoticia507.com\/noticia\/wp-json\/wp\/v2\/users\/2"}],"replies":[{"embeddable":true,"href":"https:\/\/lanoticia507.com\/noticia\/wp-json\/wp\/v2\/comments?post=1701"}],"version-history":[{"count":1,"href":"https:\/\/lanoticia507.com\/noticia\/wp-json\/wp\/v2\/posts\/1701\/revisions"}],"predecessor-version":[{"id":1703,"href":"https:\/\/lanoticia507.com\/noticia\/wp-json\/wp\/v2\/posts\/1701\/revisions\/1703"}],"wp:featuredmedia":[{"embeddable":true,"href":"https:\/\/lanoticia507.com\/noticia\/wp-json\/wp\/v2\/media\/1702"}],"wp:attachment":[{"href":"https:\/\/lanoticia507.com\/noticia\/wp-json\/wp\/v2\/media?parent=1701"}],"wp:term":[{"taxonomy":"category","embeddable":true,"href":"https:\/\/lanoticia507.com\/noticia\/wp-json\/wp\/v2\/categories?post=1701"},{"taxonomy":"post_tag","embeddable":true,"href":"https:\/\/lanoticia507.com\/noticia\/wp-json\/wp\/v2\/tags?post=1701"}],"curies":[{"name":"wp","href":"https:\/\/api.w.org\/{rel}","templated":true}]}}