{"id":1711,"date":"2025-07-23T02:07:57","date_gmt":"2025-07-23T02:07:57","guid":{"rendered":"https:\/\/lanoticia507.com\/noticia\/?p=1711"},"modified":"2025-07-23T02:07:59","modified_gmt":"2025-07-23T02:07:59","slug":"le-dan-calle-a-patria-portugal","status":"publish","type":"post","link":"https:\/\/lanoticia507.com\/noticia\/le-dan-calle-a-patria-portugal\/","title":{"rendered":"Le dan calle a Patria Portugal"},"content":{"rendered":"\n<p>El presidente de la Rep\u00fablica de Panam\u00e1, Jos\u00e9 Ra\u00fal Mulino, concedi\u00f3 rebaja de pena a 166 personas condenadas por delitos comunes, y entre los beneficiados est\u00e1 la exdefensora del Pueblo, Patria Portugal.<\/p>\n\n\n\n<p>El Ministerio de Gobierno hab\u00eda dado a conocer una lista de 188 candidatos, para que las v\u00edctimas tuvieran la oportunidad de presentar sus oposiciones.<\/p>\n","protected":false},"excerpt":{"rendered":"<p>El presidente de la Rep\u00fablica de Panam\u00e1, Jos\u00e9 Ra\u00fal Mulino, concedi\u00f3 rebaja de pena a 166 personas condenadas<\/p>\n","protected":false},"author":2,"featured_media":1712,"comment_status":"open","ping_status":"open","sticky":false,"template":"","format":"standard","meta":{"footnotes":""},"categories":[4],"tags":[],"class_list":["post-1711","post","type-post","status-publish","format-standard","has-post-thumbnail","hentry","category-actualidad-panama"],"yoast_head":"<!-- This site is optimized with the Yoast SEO plugin v25.2 - https:\/\/yoast.com\/wordpress\/plugins\/seo\/ -->\n<title>Le dan calle a Patria Portugal -<\/title>\n<meta name=\"robots\" content=\"index, follow, max-snippet:-1, max-image-preview:large, max-video-preview:-1\" \/>\n<link rel=\"canonical\" href=\"https:\/\/lanoticia507.com\/noticia\/le-dan-calle-a-patria-portugal\/\" \/>\n<meta property=\"og:locale\" content=\"es_ES\" \/>\n<meta property=\"og:type\" content=\"article\" \/>\n<meta property=\"og:title\" content=\"Le dan calle a Patria Portugal -\" \/>\n<meta property=\"og:description\" content=\"El presidente de la Rep\u00fablica de Panam\u00e1, Jos\u00e9 Ra\u00fal Mulino, concedi\u00f3 rebaja de pena a 166 personas condenadas\" \/>\n<meta property=\"og:url\" content=\"https:\/\/lanoticia507.com\/noticia\/le-dan-calle-a-patria-portugal\/\" \/>\n<meta property=\"article:published_time\" content=\"2025-07-23T02:07:57+00:00\" \/>\n<meta property=\"article:modified_time\" content=\"2025-07-23T02:07:59+00:00\" \/>\n<meta property=\"og:image\" content=\"https:\/\/lanoticia507.com\/noticia\/wp-content\/uploads\/2025\/07\/1000302981.jpg\" \/>\n\t<meta property=\"og:image:width\" content=\"700\" \/>\n\t<meta property=\"og:image:height\" content=\"393\" \/>\n\t<meta property=\"og:image:type\" content=\"image\/jpeg\" \/>\n<meta name=\"author\" content=\"lanoticia507\" \/>\n<meta name=\"twitter:card\" content=\"summary_large_image\" \/>\n<meta name=\"twitter:label1\" content=\"Escrito por\" \/>\n\t<meta name=\"twitter:data1\" content=\"lanoticia507\" \/>\n\t<meta name=\"twitter:label2\" content=\"Tiempo de lectura\" \/>\n\t<meta name=\"twitter:data2\" content=\"1 minuto\" \/>\n<script type=\"application\/ld+json\" class=\"yoast-schema-graph\">{\"@context\":\"https:\/\/schema.org\",\"@graph\":[{\"@type\":\"Article\",\"@id\":\"https:\/\/lanoticia507.com\/noticia\/le-dan-calle-a-patria-portugal\/#article\",\"isPartOf\":{\"@id\":\"https:\/\/lanoticia507.com\/noticia\/le-dan-calle-a-patria-portugal\/\"},\"author\":{\"name\":\"lanoticia507\",\"@id\":\"https:\/\/lanoticia507.com\/noticia\/#\/schema\/person\/ef09ab363a6586838f4fe9d2ba0f2f8b\"},\"headline\":\"Le dan calle a Patria Portugal\",\"datePublished\":\"2025-07-23T02:07:57+00:00\",\"dateModified\":\"2025-07-23T02:07:59+00:00\",\"mainEntityOfPage\":{\"@id\":\"https:\/\/lanoticia507.com\/noticia\/le-dan-calle-a-patria-portugal\/\"},\"wordCount\":64,\"commentCount\":0,\"publisher\":{\"@id\":\"https:\/\/lanoticia507.com\/noticia\/#organization\"},\"image\":{\"@id\":\"https:\/\/lanoticia507.com\/noticia\/le-dan-calle-a-patria-portugal\/#primaryimage\"},\"thumbnailUrl\":\"https:\/\/lanoticia507.com\/noticia\/wp-content\/uploads\/2025\/07\/1000302981.jpg\",\"articleSection\":[\"Actualidad Panam\u00e1\"],\"inLanguage\":\"es\",\"potentialAction\":[{\"@type\":\"CommentAction\",\"name\":\"Comment\",\"target\":[\"https:\/\/lanoticia507.com\/noticia\/le-dan-calle-a-patria-portugal\/#respond\"]}]},{\"@type\":\"WebPage\",\"@id\":\"https:\/\/lanoticia507.com\/noticia\/le-dan-calle-a-patria-portugal\/\",\"url\":\"https:\/\/lanoticia507.com\/noticia\/le-dan-calle-a-patria-portugal\/\",\"name\":\"Le dan calle a Patria Portugal -\",\"isPartOf\":{\"@id\":\"https:\/\/lanoticia507.com\/noticia\/#website\"},\"primaryImageOfPage\":{\"@id\":\"https:\/\/lanoticia507.com\/noticia\/le-dan-calle-a-patria-portugal\/#primaryimage\"},\"image\":{\"@id\":\"https:\/\/lanoticia507.com\/noticia\/le-dan-calle-a-patria-portugal\/#primaryimage\"},\"thumbnailUrl\":\"https:\/\/lanoticia507.com\/noticia\/wp-content\/uploads\/2025\/07\/1000302981.jpg\",\"datePublished\":\"2025-07-23T02:07:57+00:00\",\"dateModified\":\"2025-07-23T02:07:59+00:00\",\"breadcrumb\":{\"@id\":\"https:\/\/lanoticia507.com\/noticia\/le-dan-calle-a-patria-portugal\/#breadcrumb\"},\"inLanguage\":\"es\",\"potentialAction\":[{\"@type\":\"ReadAction\",\"target\":[\"https:\/\/lanoticia507.com\/noticia\/le-dan-calle-a-patria-portugal\/\"]}]},{\"@type\":\"ImageObject\",\"inLanguage\":\"es\",\"@id\":\"https:\/\/lanoticia507.com\/noticia\/le-dan-calle-a-patria-portugal\/#primaryimage\",\"url\":\"https:\/\/lanoticia507.com\/noticia\/wp-content\/uploads\/2025\/07\/1000302981.jpg\",\"contentUrl\":\"https:\/\/lanoticia507.com\/noticia\/wp-content\/uploads\/2025\/07\/1000302981.jpg\",\"width\":700,\"height\":393},{\"@type\":\"BreadcrumbList\",\"@id\":\"https:\/\/lanoticia507.com\/noticia\/le-dan-calle-a-patria-portugal\/#breadcrumb\",\"itemListElement\":[{\"@type\":\"ListItem\",\"position\":1,\"name\":\"Portada\",\"item\":\"https:\/\/lanoticia507.com\/noticia\/\"},{\"@type\":\"ListItem\",\"position\":2,\"name\":\"Le dan calle a Patria Portugal\"}]},{\"@type\":\"WebSite\",\"@id\":\"https:\/\/lanoticia507.com\/noticia\/#website\",\"url\":\"https:\/\/lanoticia507.com\/noticia\/\",\"name\":\"Noticias de Panam\u00e1 | \u00daltimas noticias de Panam\u00e1 | La Noticia 507\",\"description\":\"\",\"publisher\":{\"@id\":\"https:\/\/lanoticia507.com\/noticia\/#organization\"},\"potentialAction\":[{\"@type\":\"SearchAction\",\"target\":{\"@type\":\"EntryPoint\",\"urlTemplate\":\"https:\/\/lanoticia507.com\/noticia\/?s={search_term_string}\"},\"query-input\":{\"@type\":\"PropertyValueSpecification\",\"valueRequired\":true,\"valueName\":\"search_term_string\"}}],\"inLanguage\":\"es\"},{\"@type\":\"Organization\",\"@id\":\"https:\/\/lanoticia507.com\/noticia\/#organization\",\"name\":\"Noticias de Panam\u00e1 | \u00daltimas noticias de Panam\u00e1 | La Noticia 507\",\"url\":\"https:\/\/lanoticia507.com\/noticia\/\",\"logo\":{\"@type\":\"ImageObject\",\"inLanguage\":\"es\",\"@id\":\"https:\/\/lanoticia507.com\/noticia\/#\/schema\/logo\/image\/\",\"url\":\"https:\/\/lanoticia507.com\/noticia\/wp-content\/uploads\/2025\/04\/logo-la-noticia-507-150-sombra.png\",\"contentUrl\":\"https:\/\/lanoticia507.com\/noticia\/wp-content\/uploads\/2025\/04\/logo-la-noticia-507-150-sombra.png\",\"width\":170,\"height\":170,\"caption\":\"Noticias de Panam\u00e1 | \u00daltimas noticias de Panam\u00e1 | La Noticia 507\"},\"image\":{\"@id\":\"https:\/\/lanoticia507.com\/noticia\/#\/schema\/logo\/image\/\"},\"sameAs\":[\"https:\/\/www.instagram.com\/lanoticia507\",\"https:\/\/www.tiktok.com\/@lanoticia507\"]},{\"@type\":\"Person\",\"@id\":\"https:\/\/lanoticia507.com\/noticia\/#\/schema\/person\/ef09ab363a6586838f4fe9d2ba0f2f8b\",\"name\":\"lanoticia507\",\"image\":{\"@type\":\"ImageObject\",\"inLanguage\":\"es\",\"@id\":\"https:\/\/lanoticia507.com\/noticia\/#\/schema\/person\/image\/\",\"url\":\"https:\/\/secure.gravatar.com\/avatar\/e1934cbec687ee9715cc234eb1a6c727dfe980db8f0b92ad6e6bbb395ff2c52b?s=96&d=mm&r=g\",\"contentUrl\":\"https:\/\/secure.gravatar.com\/avatar\/e1934cbec687ee9715cc234eb1a6c727dfe980db8f0b92ad6e6bbb395ff2c52b?s=96&d=mm&r=g\",\"caption\":\"lanoticia507\"},\"url\":\"https:\/\/lanoticia507.com\/noticia\/author\/c2791082\/\"}]}<\/script>\n<!-- \/ Yoast SEO plugin. -->","yoast_head_json":{"title":"Le dan calle a Patria Portugal -","robots":{"index":"index","follow":"follow","max-snippet":"max-snippet:-1","max-image-preview":"max-image-preview:large","max-video-preview":"max-video-preview:-1"},"canonical":"https:\/\/lanoticia507.com\/noticia\/le-dan-calle-a-patria-portugal\/","og_locale":"es_ES","og_type":"article","og_title":"Le dan calle a Patria Portugal -","og_description":"El presidente de la Rep\u00fablica de Panam\u00e1, Jos\u00e9 Ra\u00fal Mulino, concedi\u00f3 rebaja de pena a 166 personas condenadas","og_url":"https:\/\/lanoticia507.com\/noticia\/le-dan-calle-a-patria-portugal\/","article_published_time":"2025-07-23T02:07:57+00:00","article_modified_time":"2025-07-23T02:07:59+00:00","og_image":[{"width":700,"height":393,"url":"https:\/\/lanoticia507.com\/noticia\/wp-content\/uploads\/2025\/07\/1000302981.jpg","type":"image\/jpeg"}],"author":"lanoticia507","twitter_card":"summary_large_image","twitter_misc":{"Escrito por":"lanoticia507","Tiempo de lectura":"1 minuto"},"schema":{"@context":"https:\/\/schema.org","@graph":[{"@type":"Article","@id":"https:\/\/lanoticia507.com\/noticia\/le-dan-calle-a-patria-portugal\/#article","isPartOf":{"@id":"https:\/\/lanoticia507.com\/noticia\/le-dan-calle-a-patria-portugal\/"},"author":{"name":"lanoticia507","@id":"https:\/\/lanoticia507.com\/noticia\/#\/schema\/person\/ef09ab363a6586838f4fe9d2ba0f2f8b"},"headline":"Le dan calle a Patria Portugal","datePublished":"2025-07-23T02:07:57+00:00","dateModified":"2025-07-23T02:07:59+00:00","mainEntityOfPage":{"@id":"https:\/\/lanoticia507.com\/noticia\/le-dan-calle-a-patria-portugal\/"},"wordCount":64,"commentCount":0,"publisher":{"@id":"https:\/\/lanoticia507.com\/noticia\/#organization"},"image":{"@id":"https:\/\/lanoticia507.com\/noticia\/le-dan-calle-a-patria-portugal\/#primaryimage"},"thumbnailUrl":"https:\/\/lanoticia507.com\/noticia\/wp-content\/uploads\/2025\/07\/1000302981.jpg","articleSection":["Actualidad Panam\u00e1"],"inLanguage":"es","potentialAction":[{"@type":"CommentAction","name":"Comment","target":["https:\/\/lanoticia507.com\/noticia\/le-dan-calle-a-patria-portugal\/#respond"]}]},{"@type":"WebPage","@id":"https:\/\/lanoticia507.com\/noticia\/le-dan-calle-a-patria-portugal\/","url":"https:\/\/lanoticia507.com\/noticia\/le-dan-calle-a-patria-portugal\/","name":"Le dan calle a Patria Portugal -","isPartOf":{"@id":"https:\/\/lanoticia507.com\/noticia\/#website"},"primaryImageOfPage":{"@id":"https:\/\/lanoticia507.com\/noticia\/le-dan-calle-a-patria-portugal\/#primaryimage"},"image":{"@id":"https:\/\/lanoticia507.com\/noticia\/le-dan-calle-a-patria-portugal\/#primaryimage"},"thumbnailUrl":"https:\/\/lanoticia507.com\/noticia\/wp-content\/uploads\/2025\/07\/1000302981.jpg","datePublished":"2025-07-23T02:07:57+00:00","dateModified":"2025-07-23T02:07:59+00:00","breadcrumb":{"@id":"https:\/\/lanoticia507.com\/noticia\/le-dan-calle-a-patria-portugal\/#breadcrumb"},"inLanguage":"es","potentialAction":[{"@type":"ReadAction","target":["https:\/\/lanoticia507.com\/noticia\/le-dan-calle-a-patria-portugal\/"]}]},{"@type":"ImageObject","inLanguage":"es","@id":"https:\/\/lanoticia507.com\/noticia\/le-dan-calle-a-patria-portugal\/#primaryimage","url":"https:\/\/lanoticia507.com\/noticia\/wp-content\/uploads\/2025\/07\/1000302981.jpg","contentUrl":"https:\/\/lanoticia507.com\/noticia\/wp-content\/uploads\/2025\/07\/1000302981.jpg","width":700,"height":393},{"@type":"BreadcrumbList","@id":"https:\/\/lanoticia507.com\/noticia\/le-dan-calle-a-patria-portugal\/#breadcrumb","itemListElement":[{"@type":"ListItem","position":1,"name":"Portada","item":"https:\/\/lanoticia507.com\/noticia\/"},{"@type":"ListItem","position":2,"name":"Le dan calle a Patria Portugal"}]},{"@type":"WebSite","@id":"https:\/\/lanoticia507.com\/noticia\/#website","url":"https:\/\/lanoticia507.com\/noticia\/","name":"Noticias de Panam\u00e1 | \u00daltimas noticias de Panam\u00e1 | La Noticia 507","description":"","publisher":{"@id":"https:\/\/lanoticia507.com\/noticia\/#organization"},"potentialAction":[{"@type":"SearchAction","target":{"@type":"EntryPoint","urlTemplate":"https:\/\/lanoticia507.com\/noticia\/?s={search_term_string}"},"query-input":{"@type":"PropertyValueSpecification","valueRequired":true,"valueName":"search_term_string"}}],"inLanguage":"es"},{"@type":"Organization","@id":"https:\/\/lanoticia507.com\/noticia\/#organization","name":"Noticias de Panam\u00e1 | \u00daltimas noticias de Panam\u00e1 | La Noticia 507","url":"https:\/\/lanoticia507.com\/noticia\/","logo":{"@type":"ImageObject","inLanguage":"es","@id":"https:\/\/lanoticia507.com\/noticia\/#\/schema\/logo\/image\/","url":"https:\/\/lanoticia507.com\/noticia\/wp-content\/uploads\/2025\/04\/logo-la-noticia-507-150-sombra.png","contentUrl":"https:\/\/lanoticia507.com\/noticia\/wp-content\/uploads\/2025\/04\/logo-la-noticia-507-150-sombra.png","width":170,"height":170,"caption":"Noticias de Panam\u00e1 | \u00daltimas noticias de Panam\u00e1 | La Noticia 507"},"image":{"@id":"https:\/\/lanoticia507.com\/noticia\/#\/schema\/logo\/image\/"},"sameAs":["https:\/\/www.instagram.com\/lanoticia507","https:\/\/www.tiktok.com\/@lanoticia507"]},{"@type":"Person","@id":"https:\/\/lanoticia507.com\/noticia\/#\/schema\/person\/ef09ab363a6586838f4fe9d2ba0f2f8b","name":"lanoticia507","image":{"@type":"ImageObject","inLanguage":"es","@id":"https:\/\/lanoticia507.com\/noticia\/#\/schema\/person\/image\/","url":"https:\/\/secure.gravatar.com\/avatar\/e1934cbec687ee9715cc234eb1a6c727dfe980db8f0b92ad6e6bbb395ff2c52b?s=96&d=mm&r=g","contentUrl":"https:\/\/secure.gravatar.com\/avatar\/e1934cbec687ee9715cc234eb1a6c727dfe980db8f0b92ad6e6bbb395ff2c52b?s=96&d=mm&r=g","caption":"lanoticia507"},"url":"https:\/\/lanoticia507.com\/noticia\/author\/c2791082\/"}]}},"featured_image_urls":{"full":["https:\/\/lanoticia507.com\/noticia\/wp-content\/uploads\/2025\/07\/1000302981.jpg",700,393,false],"thumbnail":["https:\/\/lanoticia507.com\/noticia\/wp-content\/uploads\/2025\/07\/1000302981-150x150.jpg",150,150,true],"medium":["https:\/\/lanoticia507.com\/noticia\/wp-content\/uploads\/2025\/07\/1000302981-300x168.jpg",300,168,true],"medium_large":["https:\/\/lanoticia507.com\/noticia\/wp-content\/uploads\/2025\/07\/1000302981.jpg",640,359,false],"large":["https:\/\/lanoticia507.com\/noticia\/wp-content\/uploads\/2025\/07\/1000302981.jpg",640,359,false],"1536x1536":["https:\/\/lanoticia507.com\/noticia\/wp-content\/uploads\/2025\/07\/1000302981.jpg",700,393,false],"2048x2048":["https:\/\/lanoticia507.com\/noticia\/wp-content\/uploads\/2025\/07\/1000302981.jpg",700,393,false],"morenews-featured":["https:\/\/lanoticia507.com\/noticia\/wp-content\/uploads\/2025\/07\/1000302981.jpg",700,393,false],"morenews-large":["https:\/\/lanoticia507.com\/noticia\/wp-content\/uploads\/2025\/07\/1000302981.jpg",700,393,false],"morenews-medium":["https:\/\/lanoticia507.com\/noticia\/wp-content\/uploads\/2025\/07\/1000302981-590x393.jpg",590,393,true]},"author_info":{"display_name":"lanoticia507","author_link":"https:\/\/lanoticia507.com\/noticia\/author\/c2791082\/"},"category_info":"<a href=\"https:\/\/lanoticia507.com\/noticia\/category\/actualidad-panama\/\" rel=\"category tag\">Actualidad Panam\u00e1<\/a>","tag_info":"Actualidad Panam\u00e1","comment_count":"0","_links":{"self":[{"href":"https:\/\/lanoticia507.com\/noticia\/wp-json\/wp\/v2\/posts\/1711","targetHints":{"allow":["GET"]}}],"collection":[{"href":"https:\/\/lanoticia507.com\/noticia\/wp-json\/wp\/v2\/posts"}],"about":[{"href":"https:\/\/lanoticia507.com\/noticia\/wp-json\/wp\/v2\/types\/post"}],"author":[{"embeddable":true,"href":"https:\/\/lanoticia507.com\/noticia\/wp-json\/wp\/v2\/users\/2"}],"replies":[{"embeddable":true,"href":"https:\/\/lanoticia507.com\/noticia\/wp-json\/wp\/v2\/comments?post=1711"}],"version-history":[{"count":1,"href":"https:\/\/lanoticia507.com\/noticia\/wp-json\/wp\/v2\/posts\/1711\/revisions"}],"predecessor-version":[{"id":1713,"href":"https:\/\/lanoticia507.com\/noticia\/wp-json\/wp\/v2\/posts\/1711\/revisions\/1713"}],"wp:featuredmedia":[{"embeddable":true,"href":"https:\/\/lanoticia507.com\/noticia\/wp-json\/wp\/v2\/media\/1712"}],"wp:attachment":[{"href":"https:\/\/lanoticia507.com\/noticia\/wp-json\/wp\/v2\/media?parent=1711"}],"wp:term":[{"taxonomy":"category","embeddable":true,"href":"https:\/\/lanoticia507.com\/noticia\/wp-json\/wp\/v2\/categories?post=1711"},{"taxonomy":"post_tag","embeddable":true,"href":"https:\/\/lanoticia507.com\/noticia\/wp-json\/wp\/v2\/tags?post=1711"}],"curies":[{"name":"wp","href":"https:\/\/api.w.org\/{rel}","templated":true}]}}