{"id":2785,"date":"2026-04-22T23:57:10","date_gmt":"2026-04-22T23:57:10","guid":{"rendered":"https:\/\/lanoticia507.com\/noticia\/?p=2785"},"modified":"2026-04-22T23:57:12","modified_gmt":"2026-04-22T23:57:12","slug":"hay-lugares-donde-la-historia-no-se-cuenta-se-siente-el-cementerio-amador-es-uno-de-ellos","status":"publish","type":"post","link":"https:\/\/lanoticia507.com\/noticia\/hay-lugares-donde-la-historia-no-se-cuenta-se-siente-el-cementerio-amador-es-uno-de-ellos\/","title":{"rendered":"HAY LUGARES DONDE LA HISTORIA NO SE CUENTA: SE SIENTE. EL CEMENTERIO AMADOR ES UNO DE ELLOS"},"content":{"rendered":"\n<p>Entre sus senderos silenciosos descansan hombres que, en vida, respondieron al llamado m\u00e1s exigente: proteger a otros, aun a costa de la propia vida. Hoy, este espacio se erige como s\u00edmbolo vivo del sacrificio y la vocaci\u00f3n que definen al Benem\u00e9rito Cuerpo de Bomberos de la Rep\u00fablica de Panam\u00e1.<\/p>\n\n\n\n<p>En este camposanto reposan antiguos comandantes y, especialmente, los h\u00e9roes de la Tragedia del Polvor\u00edn de 1914, ocurrida el 5 de mayo de 1914. Aquella jornada marc\u00f3 para siempre la historia nacional, cuando un grupo de bomberos enfrent\u00f3 un incendio en un dep\u00f3sito de explosivos. Su decisi\u00f3n evit\u00f3 una cat\u00e1strofe mayor, pero sell\u00f3 su destino en un acto de valor que a\u00fan resuena m\u00e1s de un siglo despu\u00e9s.<\/p>\n\n\n\n<p>Cada tumba cuenta una historia. No hay monumentos grandilocuentes, pero s\u00ed un profundo significado: el de vidas entregadas con disciplina, coraje y un compromiso inquebrantable con la comunidad.<\/p>\n","protected":false},"excerpt":{"rendered":"<p>Entre sus senderos silenciosos descansan hombres que, en vida, respondieron al llamado m\u00e1s exigente: proteger a otros, aun<\/p>\n","protected":false},"author":2,"featured_media":2786,"comment_status":"open","ping_status":"open","sticky":false,"template":"","format":"standard","meta":{"footnotes":""},"categories":[4],"tags":[],"class_list":["post-2785","post","type-post","status-publish","format-standard","has-post-thumbnail","hentry","category-actualidad-panama"],"yoast_head":"<!-- This site is optimized with the Yoast SEO plugin v25.2 - https:\/\/yoast.com\/wordpress\/plugins\/seo\/ -->\n<title>HAY LUGARES DONDE LA HISTORIA NO SE CUENTA: SE SIENTE. EL CEMENTERIO AMADOR ES UNO DE ELLOS -<\/title>\n<meta name=\"robots\" content=\"index, follow, max-snippet:-1, max-image-preview:large, max-video-preview:-1\" \/>\n<link rel=\"canonical\" href=\"https:\/\/lanoticia507.com\/noticia\/hay-lugares-donde-la-historia-no-se-cuenta-se-siente-el-cementerio-amador-es-uno-de-ellos\/\" \/>\n<meta property=\"og:locale\" content=\"es_ES\" \/>\n<meta property=\"og:type\" content=\"article\" \/>\n<meta property=\"og:title\" content=\"HAY LUGARES DONDE LA HISTORIA NO SE CUENTA: SE SIENTE. EL CEMENTERIO AMADOR ES UNO DE ELLOS -\" \/>\n<meta property=\"og:description\" content=\"Entre sus senderos silenciosos descansan hombres que, en vida, respondieron al llamado m\u00e1s exigente: proteger a otros, aun\" \/>\n<meta property=\"og:url\" content=\"https:\/\/lanoticia507.com\/noticia\/hay-lugares-donde-la-historia-no-se-cuenta-se-siente-el-cementerio-amador-es-uno-de-ellos\/\" \/>\n<meta property=\"article:published_time\" content=\"2026-04-22T23:57:10+00:00\" \/>\n<meta property=\"article:modified_time\" content=\"2026-04-22T23:57:12+00:00\" \/>\n<meta property=\"og:image\" content=\"https:\/\/lanoticia507.com\/noticia\/wp-content\/uploads\/2026\/04\/WhatsApp-Image-2026-04-22-at-1.57.34-PM.jpeg\" \/>\n\t<meta property=\"og:image:width\" content=\"1280\" \/>\n\t<meta property=\"og:image:height\" content=\"960\" \/>\n\t<meta property=\"og:image:type\" content=\"image\/jpeg\" \/>\n<meta name=\"author\" content=\"lanoticia507\" \/>\n<meta name=\"twitter:card\" content=\"summary_large_image\" \/>\n<meta name=\"twitter:label1\" content=\"Escrito por\" \/>\n\t<meta name=\"twitter:data1\" content=\"lanoticia507\" \/>\n\t<meta name=\"twitter:label2\" content=\"Tiempo de lectura\" \/>\n\t<meta name=\"twitter:data2\" content=\"1 minuto\" \/>\n<script type=\"application\/ld+json\" class=\"yoast-schema-graph\">{\"@context\":\"https:\/\/schema.org\",\"@graph\":[{\"@type\":\"Article\",\"@id\":\"https:\/\/lanoticia507.com\/noticia\/hay-lugares-donde-la-historia-no-se-cuenta-se-siente-el-cementerio-amador-es-uno-de-ellos\/#article\",\"isPartOf\":{\"@id\":\"https:\/\/lanoticia507.com\/noticia\/hay-lugares-donde-la-historia-no-se-cuenta-se-siente-el-cementerio-amador-es-uno-de-ellos\/\"},\"author\":{\"name\":\"lanoticia507\",\"@id\":\"https:\/\/lanoticia507.com\/noticia\/#\/schema\/person\/ef09ab363a6586838f4fe9d2ba0f2f8b\"},\"headline\":\"HAY LUGARES DONDE LA HISTORIA NO SE CUENTA: SE SIENTE. EL CEMENTERIO AMADOR ES UNO DE ELLOS\",\"datePublished\":\"2026-04-22T23:57:10+00:00\",\"dateModified\":\"2026-04-22T23:57:12+00:00\",\"mainEntityOfPage\":{\"@id\":\"https:\/\/lanoticia507.com\/noticia\/hay-lugares-donde-la-historia-no-se-cuenta-se-siente-el-cementerio-amador-es-uno-de-ellos\/\"},\"wordCount\":172,\"commentCount\":0,\"publisher\":{\"@id\":\"https:\/\/lanoticia507.com\/noticia\/#organization\"},\"image\":{\"@id\":\"https:\/\/lanoticia507.com\/noticia\/hay-lugares-donde-la-historia-no-se-cuenta-se-siente-el-cementerio-amador-es-uno-de-ellos\/#primaryimage\"},\"thumbnailUrl\":\"https:\/\/lanoticia507.com\/noticia\/wp-content\/uploads\/2026\/04\/WhatsApp-Image-2026-04-22-at-1.57.34-PM.jpeg\",\"articleSection\":[\"Actualidad Panam\u00e1\"],\"inLanguage\":\"es\",\"potentialAction\":[{\"@type\":\"CommentAction\",\"name\":\"Comment\",\"target\":[\"https:\/\/lanoticia507.com\/noticia\/hay-lugares-donde-la-historia-no-se-cuenta-se-siente-el-cementerio-amador-es-uno-de-ellos\/#respond\"]}]},{\"@type\":\"WebPage\",\"@id\":\"https:\/\/lanoticia507.com\/noticia\/hay-lugares-donde-la-historia-no-se-cuenta-se-siente-el-cementerio-amador-es-uno-de-ellos\/\",\"url\":\"https:\/\/lanoticia507.com\/noticia\/hay-lugares-donde-la-historia-no-se-cuenta-se-siente-el-cementerio-amador-es-uno-de-ellos\/\",\"name\":\"HAY LUGARES DONDE LA HISTORIA NO SE CUENTA: SE SIENTE. EL CEMENTERIO AMADOR ES UNO DE ELLOS -\",\"isPartOf\":{\"@id\":\"https:\/\/lanoticia507.com\/noticia\/#website\"},\"primaryImageOfPage\":{\"@id\":\"https:\/\/lanoticia507.com\/noticia\/hay-lugares-donde-la-historia-no-se-cuenta-se-siente-el-cementerio-amador-es-uno-de-ellos\/#primaryimage\"},\"image\":{\"@id\":\"https:\/\/lanoticia507.com\/noticia\/hay-lugares-donde-la-historia-no-se-cuenta-se-siente-el-cementerio-amador-es-uno-de-ellos\/#primaryimage\"},\"thumbnailUrl\":\"https:\/\/lanoticia507.com\/noticia\/wp-content\/uploads\/2026\/04\/WhatsApp-Image-2026-04-22-at-1.57.34-PM.jpeg\",\"datePublished\":\"2026-04-22T23:57:10+00:00\",\"dateModified\":\"2026-04-22T23:57:12+00:00\",\"breadcrumb\":{\"@id\":\"https:\/\/lanoticia507.com\/noticia\/hay-lugares-donde-la-historia-no-se-cuenta-se-siente-el-cementerio-amador-es-uno-de-ellos\/#breadcrumb\"},\"inLanguage\":\"es\",\"potentialAction\":[{\"@type\":\"ReadAction\",\"target\":[\"https:\/\/lanoticia507.com\/noticia\/hay-lugares-donde-la-historia-no-se-cuenta-se-siente-el-cementerio-amador-es-uno-de-ellos\/\"]}]},{\"@type\":\"ImageObject\",\"inLanguage\":\"es\",\"@id\":\"https:\/\/lanoticia507.com\/noticia\/hay-lugares-donde-la-historia-no-se-cuenta-se-siente-el-cementerio-amador-es-uno-de-ellos\/#primaryimage\",\"url\":\"https:\/\/lanoticia507.com\/noticia\/wp-content\/uploads\/2026\/04\/WhatsApp-Image-2026-04-22-at-1.57.34-PM.jpeg\",\"contentUrl\":\"https:\/\/lanoticia507.com\/noticia\/wp-content\/uploads\/2026\/04\/WhatsApp-Image-2026-04-22-at-1.57.34-PM.jpeg\",\"width\":1280,\"height\":960},{\"@type\":\"BreadcrumbList\",\"@id\":\"https:\/\/lanoticia507.com\/noticia\/hay-lugares-donde-la-historia-no-se-cuenta-se-siente-el-cementerio-amador-es-uno-de-ellos\/#breadcrumb\",\"itemListElement\":[{\"@type\":\"ListItem\",\"position\":1,\"name\":\"Portada\",\"item\":\"https:\/\/lanoticia507.com\/noticia\/\"},{\"@type\":\"ListItem\",\"position\":2,\"name\":\"HAY LUGARES DONDE LA HISTORIA NO SE CUENTA: SE SIENTE. EL CEMENTERIO AMADOR ES UNO DE ELLOS\"}]},{\"@type\":\"WebSite\",\"@id\":\"https:\/\/lanoticia507.com\/noticia\/#website\",\"url\":\"https:\/\/lanoticia507.com\/noticia\/\",\"name\":\"Noticias de Panam\u00e1 | \u00daltimas noticias de Panam\u00e1 | La Noticia 507\",\"description\":\"\",\"publisher\":{\"@id\":\"https:\/\/lanoticia507.com\/noticia\/#organization\"},\"potentialAction\":[{\"@type\":\"SearchAction\",\"target\":{\"@type\":\"EntryPoint\",\"urlTemplate\":\"https:\/\/lanoticia507.com\/noticia\/?s={search_term_string}\"},\"query-input\":{\"@type\":\"PropertyValueSpecification\",\"valueRequired\":true,\"valueName\":\"search_term_string\"}}],\"inLanguage\":\"es\"},{\"@type\":\"Organization\",\"@id\":\"https:\/\/lanoticia507.com\/noticia\/#organization\",\"name\":\"Noticias de Panam\u00e1 | \u00daltimas noticias de Panam\u00e1 | La Noticia 507\",\"url\":\"https:\/\/lanoticia507.com\/noticia\/\",\"logo\":{\"@type\":\"ImageObject\",\"inLanguage\":\"es\",\"@id\":\"https:\/\/lanoticia507.com\/noticia\/#\/schema\/logo\/image\/\",\"url\":\"https:\/\/lanoticia507.com\/noticia\/wp-content\/uploads\/2025\/04\/logo-la-noticia-507-150-sombra.png\",\"contentUrl\":\"https:\/\/lanoticia507.com\/noticia\/wp-content\/uploads\/2025\/04\/logo-la-noticia-507-150-sombra.png\",\"width\":170,\"height\":170,\"caption\":\"Noticias de Panam\u00e1 | \u00daltimas noticias de Panam\u00e1 | La Noticia 507\"},\"image\":{\"@id\":\"https:\/\/lanoticia507.com\/noticia\/#\/schema\/logo\/image\/\"},\"sameAs\":[\"https:\/\/www.instagram.com\/lanoticia507\",\"https:\/\/www.tiktok.com\/@lanoticia507\"]},{\"@type\":\"Person\",\"@id\":\"https:\/\/lanoticia507.com\/noticia\/#\/schema\/person\/ef09ab363a6586838f4fe9d2ba0f2f8b\",\"name\":\"lanoticia507\",\"image\":{\"@type\":\"ImageObject\",\"inLanguage\":\"es\",\"@id\":\"https:\/\/lanoticia507.com\/noticia\/#\/schema\/person\/image\/\",\"url\":\"https:\/\/secure.gravatar.com\/avatar\/e1934cbec687ee9715cc234eb1a6c727dfe980db8f0b92ad6e6bbb395ff2c52b?s=96&d=mm&r=g\",\"contentUrl\":\"https:\/\/secure.gravatar.com\/avatar\/e1934cbec687ee9715cc234eb1a6c727dfe980db8f0b92ad6e6bbb395ff2c52b?s=96&d=mm&r=g\",\"caption\":\"lanoticia507\"},\"url\":\"https:\/\/lanoticia507.com\/noticia\/author\/c2791082\/\"}]}<\/script>\n<!-- \/ Yoast SEO plugin. -->","yoast_head_json":{"title":"HAY LUGARES DONDE LA HISTORIA NO SE CUENTA: SE SIENTE. EL CEMENTERIO AMADOR ES UNO DE ELLOS -","robots":{"index":"index","follow":"follow","max-snippet":"max-snippet:-1","max-image-preview":"max-image-preview:large","max-video-preview":"max-video-preview:-1"},"canonical":"https:\/\/lanoticia507.com\/noticia\/hay-lugares-donde-la-historia-no-se-cuenta-se-siente-el-cementerio-amador-es-uno-de-ellos\/","og_locale":"es_ES","og_type":"article","og_title":"HAY LUGARES DONDE LA HISTORIA NO SE CUENTA: SE SIENTE. EL CEMENTERIO AMADOR ES UNO DE ELLOS -","og_description":"Entre sus senderos silenciosos descansan hombres que, en vida, respondieron al llamado m\u00e1s exigente: proteger a otros, aun","og_url":"https:\/\/lanoticia507.com\/noticia\/hay-lugares-donde-la-historia-no-se-cuenta-se-siente-el-cementerio-amador-es-uno-de-ellos\/","article_published_time":"2026-04-22T23:57:10+00:00","article_modified_time":"2026-04-22T23:57:12+00:00","og_image":[{"width":1280,"height":960,"url":"https:\/\/lanoticia507.com\/noticia\/wp-content\/uploads\/2026\/04\/WhatsApp-Image-2026-04-22-at-1.57.34-PM.jpeg","type":"image\/jpeg"}],"author":"lanoticia507","twitter_card":"summary_large_image","twitter_misc":{"Escrito por":"lanoticia507","Tiempo de lectura":"1 minuto"},"schema":{"@context":"https:\/\/schema.org","@graph":[{"@type":"Article","@id":"https:\/\/lanoticia507.com\/noticia\/hay-lugares-donde-la-historia-no-se-cuenta-se-siente-el-cementerio-amador-es-uno-de-ellos\/#article","isPartOf":{"@id":"https:\/\/lanoticia507.com\/noticia\/hay-lugares-donde-la-historia-no-se-cuenta-se-siente-el-cementerio-amador-es-uno-de-ellos\/"},"author":{"name":"lanoticia507","@id":"https:\/\/lanoticia507.com\/noticia\/#\/schema\/person\/ef09ab363a6586838f4fe9d2ba0f2f8b"},"headline":"HAY LUGARES DONDE LA HISTORIA NO SE CUENTA: SE SIENTE. EL CEMENTERIO AMADOR ES UNO DE ELLOS","datePublished":"2026-04-22T23:57:10+00:00","dateModified":"2026-04-22T23:57:12+00:00","mainEntityOfPage":{"@id":"https:\/\/lanoticia507.com\/noticia\/hay-lugares-donde-la-historia-no-se-cuenta-se-siente-el-cementerio-amador-es-uno-de-ellos\/"},"wordCount":172,"commentCount":0,"publisher":{"@id":"https:\/\/lanoticia507.com\/noticia\/#organization"},"image":{"@id":"https:\/\/lanoticia507.com\/noticia\/hay-lugares-donde-la-historia-no-se-cuenta-se-siente-el-cementerio-amador-es-uno-de-ellos\/#primaryimage"},"thumbnailUrl":"https:\/\/lanoticia507.com\/noticia\/wp-content\/uploads\/2026\/04\/WhatsApp-Image-2026-04-22-at-1.57.34-PM.jpeg","articleSection":["Actualidad Panam\u00e1"],"inLanguage":"es","potentialAction":[{"@type":"CommentAction","name":"Comment","target":["https:\/\/lanoticia507.com\/noticia\/hay-lugares-donde-la-historia-no-se-cuenta-se-siente-el-cementerio-amador-es-uno-de-ellos\/#respond"]}]},{"@type":"WebPage","@id":"https:\/\/lanoticia507.com\/noticia\/hay-lugares-donde-la-historia-no-se-cuenta-se-siente-el-cementerio-amador-es-uno-de-ellos\/","url":"https:\/\/lanoticia507.com\/noticia\/hay-lugares-donde-la-historia-no-se-cuenta-se-siente-el-cementerio-amador-es-uno-de-ellos\/","name":"HAY LUGARES DONDE LA HISTORIA NO SE CUENTA: SE SIENTE. EL CEMENTERIO AMADOR ES UNO DE ELLOS -","isPartOf":{"@id":"https:\/\/lanoticia507.com\/noticia\/#website"},"primaryImageOfPage":{"@id":"https:\/\/lanoticia507.com\/noticia\/hay-lugares-donde-la-historia-no-se-cuenta-se-siente-el-cementerio-amador-es-uno-de-ellos\/#primaryimage"},"image":{"@id":"https:\/\/lanoticia507.com\/noticia\/hay-lugares-donde-la-historia-no-se-cuenta-se-siente-el-cementerio-amador-es-uno-de-ellos\/#primaryimage"},"thumbnailUrl":"https:\/\/lanoticia507.com\/noticia\/wp-content\/uploads\/2026\/04\/WhatsApp-Image-2026-04-22-at-1.57.34-PM.jpeg","datePublished":"2026-04-22T23:57:10+00:00","dateModified":"2026-04-22T23:57:12+00:00","breadcrumb":{"@id":"https:\/\/lanoticia507.com\/noticia\/hay-lugares-donde-la-historia-no-se-cuenta-se-siente-el-cementerio-amador-es-uno-de-ellos\/#breadcrumb"},"inLanguage":"es","potentialAction":[{"@type":"ReadAction","target":["https:\/\/lanoticia507.com\/noticia\/hay-lugares-donde-la-historia-no-se-cuenta-se-siente-el-cementerio-amador-es-uno-de-ellos\/"]}]},{"@type":"ImageObject","inLanguage":"es","@id":"https:\/\/lanoticia507.com\/noticia\/hay-lugares-donde-la-historia-no-se-cuenta-se-siente-el-cementerio-amador-es-uno-de-ellos\/#primaryimage","url":"https:\/\/lanoticia507.com\/noticia\/wp-content\/uploads\/2026\/04\/WhatsApp-Image-2026-04-22-at-1.57.34-PM.jpeg","contentUrl":"https:\/\/lanoticia507.com\/noticia\/wp-content\/uploads\/2026\/04\/WhatsApp-Image-2026-04-22-at-1.57.34-PM.jpeg","width":1280,"height":960},{"@type":"BreadcrumbList","@id":"https:\/\/lanoticia507.com\/noticia\/hay-lugares-donde-la-historia-no-se-cuenta-se-siente-el-cementerio-amador-es-uno-de-ellos\/#breadcrumb","itemListElement":[{"@type":"ListItem","position":1,"name":"Portada","item":"https:\/\/lanoticia507.com\/noticia\/"},{"@type":"ListItem","position":2,"name":"HAY LUGARES DONDE LA HISTORIA NO SE CUENTA: SE SIENTE. EL CEMENTERIO AMADOR ES UNO DE ELLOS"}]},{"@type":"WebSite","@id":"https:\/\/lanoticia507.com\/noticia\/#website","url":"https:\/\/lanoticia507.com\/noticia\/","name":"Noticias de Panam\u00e1 | \u00daltimas noticias de Panam\u00e1 | La Noticia 507","description":"","publisher":{"@id":"https:\/\/lanoticia507.com\/noticia\/#organization"},"potentialAction":[{"@type":"SearchAction","target":{"@type":"EntryPoint","urlTemplate":"https:\/\/lanoticia507.com\/noticia\/?s={search_term_string}"},"query-input":{"@type":"PropertyValueSpecification","valueRequired":true,"valueName":"search_term_string"}}],"inLanguage":"es"},{"@type":"Organization","@id":"https:\/\/lanoticia507.com\/noticia\/#organization","name":"Noticias de Panam\u00e1 | \u00daltimas noticias de Panam\u00e1 | La Noticia 507","url":"https:\/\/lanoticia507.com\/noticia\/","logo":{"@type":"ImageObject","inLanguage":"es","@id":"https:\/\/lanoticia507.com\/noticia\/#\/schema\/logo\/image\/","url":"https:\/\/lanoticia507.com\/noticia\/wp-content\/uploads\/2025\/04\/logo-la-noticia-507-150-sombra.png","contentUrl":"https:\/\/lanoticia507.com\/noticia\/wp-content\/uploads\/2025\/04\/logo-la-noticia-507-150-sombra.png","width":170,"height":170,"caption":"Noticias de Panam\u00e1 | \u00daltimas noticias de Panam\u00e1 | La Noticia 507"},"image":{"@id":"https:\/\/lanoticia507.com\/noticia\/#\/schema\/logo\/image\/"},"sameAs":["https:\/\/www.instagram.com\/lanoticia507","https:\/\/www.tiktok.com\/@lanoticia507"]},{"@type":"Person","@id":"https:\/\/lanoticia507.com\/noticia\/#\/schema\/person\/ef09ab363a6586838f4fe9d2ba0f2f8b","name":"lanoticia507","image":{"@type":"ImageObject","inLanguage":"es","@id":"https:\/\/lanoticia507.com\/noticia\/#\/schema\/person\/image\/","url":"https:\/\/secure.gravatar.com\/avatar\/e1934cbec687ee9715cc234eb1a6c727dfe980db8f0b92ad6e6bbb395ff2c52b?s=96&d=mm&r=g","contentUrl":"https:\/\/secure.gravatar.com\/avatar\/e1934cbec687ee9715cc234eb1a6c727dfe980db8f0b92ad6e6bbb395ff2c52b?s=96&d=mm&r=g","caption":"lanoticia507"},"url":"https:\/\/lanoticia507.com\/noticia\/author\/c2791082\/"}]}},"featured_image_urls":{"full":["https:\/\/lanoticia507.com\/noticia\/wp-content\/uploads\/2026\/04\/WhatsApp-Image-2026-04-22-at-1.57.34-PM.jpeg",1280,960,false],"thumbnail":["https:\/\/lanoticia507.com\/noticia\/wp-content\/uploads\/2026\/04\/WhatsApp-Image-2026-04-22-at-1.57.34-PM-150x150.jpeg",150,150,true],"medium":["https:\/\/lanoticia507.com\/noticia\/wp-content\/uploads\/2026\/04\/WhatsApp-Image-2026-04-22-at-1.57.34-PM-300x225.jpeg",300,225,true],"medium_large":["https:\/\/lanoticia507.com\/noticia\/wp-content\/uploads\/2026\/04\/WhatsApp-Image-2026-04-22-at-1.57.34-PM-768x576.jpeg",640,480,true],"large":["https:\/\/lanoticia507.com\/noticia\/wp-content\/uploads\/2026\/04\/WhatsApp-Image-2026-04-22-at-1.57.34-PM-1024x768.jpeg",640,480,true],"1536x1536":["https:\/\/lanoticia507.com\/noticia\/wp-content\/uploads\/2026\/04\/WhatsApp-Image-2026-04-22-at-1.57.34-PM.jpeg",1280,960,false],"2048x2048":["https:\/\/lanoticia507.com\/noticia\/wp-content\/uploads\/2026\/04\/WhatsApp-Image-2026-04-22-at-1.57.34-PM.jpeg",1280,960,false],"morenews-featured":["https:\/\/lanoticia507.com\/noticia\/wp-content\/uploads\/2026\/04\/WhatsApp-Image-2026-04-22-at-1.57.34-PM-1024x768.jpeg",1024,768,true],"morenews-large":["https:\/\/lanoticia507.com\/noticia\/wp-content\/uploads\/2026\/04\/WhatsApp-Image-2026-04-22-at-1.57.34-PM-825x575.jpeg",825,575,true],"morenews-medium":["https:\/\/lanoticia507.com\/noticia\/wp-content\/uploads\/2026\/04\/WhatsApp-Image-2026-04-22-at-1.57.34-PM-590x410.jpeg",590,410,true]},"author_info":{"display_name":"lanoticia507","author_link":"https:\/\/lanoticia507.com\/noticia\/author\/c2791082\/"},"category_info":"<a href=\"https:\/\/lanoticia507.com\/noticia\/category\/actualidad-panama\/\" rel=\"category tag\">Actualidad Panam\u00e1<\/a>","tag_info":"Actualidad Panam\u00e1","comment_count":"0","_links":{"self":[{"href":"https:\/\/lanoticia507.com\/noticia\/wp-json\/wp\/v2\/posts\/2785","targetHints":{"allow":["GET"]}}],"collection":[{"href":"https:\/\/lanoticia507.com\/noticia\/wp-json\/wp\/v2\/posts"}],"about":[{"href":"https:\/\/lanoticia507.com\/noticia\/wp-json\/wp\/v2\/types\/post"}],"author":[{"embeddable":true,"href":"https:\/\/lanoticia507.com\/noticia\/wp-json\/wp\/v2\/users\/2"}],"replies":[{"embeddable":true,"href":"https:\/\/lanoticia507.com\/noticia\/wp-json\/wp\/v2\/comments?post=2785"}],"version-history":[{"count":1,"href":"https:\/\/lanoticia507.com\/noticia\/wp-json\/wp\/v2\/posts\/2785\/revisions"}],"predecessor-version":[{"id":2787,"href":"https:\/\/lanoticia507.com\/noticia\/wp-json\/wp\/v2\/posts\/2785\/revisions\/2787"}],"wp:featuredmedia":[{"embeddable":true,"href":"https:\/\/lanoticia507.com\/noticia\/wp-json\/wp\/v2\/media\/2786"}],"wp:attachment":[{"href":"https:\/\/lanoticia507.com\/noticia\/wp-json\/wp\/v2\/media?parent=2785"}],"wp:term":[{"taxonomy":"category","embeddable":true,"href":"https:\/\/lanoticia507.com\/noticia\/wp-json\/wp\/v2\/categories?post=2785"},{"taxonomy":"post_tag","embeddable":true,"href":"https:\/\/lanoticia507.com\/noticia\/wp-json\/wp\/v2\/tags?post=2785"}],"curies":[{"name":"wp","href":"https:\/\/api.w.org\/{rel}","templated":true}]}}