{"id":2791,"date":"2026-04-26T14:43:16","date_gmt":"2026-04-26T14:43:16","guid":{"rendered":"https:\/\/lanoticia507.com\/noticia\/?p=2791"},"modified":"2026-04-26T14:43:18","modified_gmt":"2026-04-26T14:43:18","slug":"215-personas-aprehendidas-en-las-ultimas-24-horas","status":"publish","type":"post","link":"https:\/\/lanoticia507.com\/noticia\/215-personas-aprehendidas-en-las-ultimas-24-horas\/","title":{"rendered":"215 PERSONAS APREHENDIDAS EN LAS \u00daLTIMAS 24 HORAS"},"content":{"rendered":"\n<p>En el marco del Plan Firmeza, en las \u00faltimas 24 horas la Polic\u00eda Nacional aprehendi\u00f3 a 215 personas. De ellas, 108 fueron por oficio, 76 por faltas administrativas, 27 en flagrancia y cuatro por microtr\u00e1fico.<\/p>\n\n\n\n<p>Se realizaron 30 diligencias de allanamiento, se decomis\u00f3 un arma de fuego, 365 municiones y se recuperaron dos veh\u00edculos.<\/p>\n\n\n\n<p>En materia de tr\u00e1nsito, se colocaron 1,214 boletas, de las cuales destacan: 362 por exceso de velocidad, 54 por luces no adecuadas, 16 por licencias vencidas, 43 por embriaguez comprobada y ocho por uso de celular mientras se conduc\u00eda. Adem\u00e1s, se remolcaron 123 veh\u00edculos mediante gr\u00faas por diversas causas.<\/p>\n","protected":false},"excerpt":{"rendered":"<p>En el marco del Plan Firmeza, en las \u00faltimas 24 horas la Polic\u00eda Nacional aprehendi\u00f3 a 215 personas.<\/p>\n","protected":false},"author":2,"featured_media":2792,"comment_status":"open","ping_status":"open","sticky":false,"template":"","format":"standard","meta":{"footnotes":""},"categories":[5],"tags":[],"class_list":["post-2791","post","type-post","status-publish","format-standard","has-post-thumbnail","hentry","category-sucesos"],"yoast_head":"<!-- This site is optimized with the Yoast SEO plugin v25.2 - https:\/\/yoast.com\/wordpress\/plugins\/seo\/ -->\n<title>215 PERSONAS APREHENDIDAS EN LAS \u00daLTIMAS 24 HORAS -<\/title>\n<meta name=\"robots\" content=\"index, follow, max-snippet:-1, max-image-preview:large, max-video-preview:-1\" \/>\n<link rel=\"canonical\" href=\"https:\/\/lanoticia507.com\/noticia\/215-personas-aprehendidas-en-las-ultimas-24-horas\/\" \/>\n<meta property=\"og:locale\" content=\"es_ES\" \/>\n<meta property=\"og:type\" content=\"article\" \/>\n<meta property=\"og:title\" content=\"215 PERSONAS APREHENDIDAS EN LAS \u00daLTIMAS 24 HORAS -\" \/>\n<meta property=\"og:description\" content=\"En el marco del Plan Firmeza, en las \u00faltimas 24 horas la Polic\u00eda Nacional aprehendi\u00f3 a 215 personas.\" \/>\n<meta property=\"og:url\" content=\"https:\/\/lanoticia507.com\/noticia\/215-personas-aprehendidas-en-las-ultimas-24-horas\/\" \/>\n<meta property=\"article:published_time\" content=\"2026-04-26T14:43:16+00:00\" \/>\n<meta property=\"article:modified_time\" content=\"2026-04-26T14:43:18+00:00\" \/>\n<meta property=\"og:image\" content=\"https:\/\/lanoticia507.com\/noticia\/wp-content\/uploads\/2026\/04\/WhatsApp-Image-2026-04-26-at-8.31.24-AM.jpeg\" \/>\n\t<meta property=\"og:image:width\" content=\"653\" \/>\n\t<meta property=\"og:image:height\" content=\"715\" \/>\n\t<meta property=\"og:image:type\" content=\"image\/jpeg\" \/>\n<meta name=\"author\" content=\"lanoticia507\" \/>\n<meta name=\"twitter:card\" content=\"summary_large_image\" \/>\n<meta name=\"twitter:label1\" content=\"Escrito por\" \/>\n\t<meta name=\"twitter:data1\" content=\"lanoticia507\" \/>\n\t<meta name=\"twitter:label2\" content=\"Tiempo de lectura\" \/>\n\t<meta name=\"twitter:data2\" content=\"1 minuto\" \/>\n<script type=\"application\/ld+json\" class=\"yoast-schema-graph\">{\"@context\":\"https:\/\/schema.org\",\"@graph\":[{\"@type\":\"Article\",\"@id\":\"https:\/\/lanoticia507.com\/noticia\/215-personas-aprehendidas-en-las-ultimas-24-horas\/#article\",\"isPartOf\":{\"@id\":\"https:\/\/lanoticia507.com\/noticia\/215-personas-aprehendidas-en-las-ultimas-24-horas\/\"},\"author\":{\"name\":\"lanoticia507\",\"@id\":\"https:\/\/lanoticia507.com\/noticia\/#\/schema\/person\/ef09ab363a6586838f4fe9d2ba0f2f8b\"},\"headline\":\"215 PERSONAS APREHENDIDAS EN LAS \u00daLTIMAS 24 HORAS\",\"datePublished\":\"2026-04-26T14:43:16+00:00\",\"dateModified\":\"2026-04-26T14:43:18+00:00\",\"mainEntityOfPage\":{\"@id\":\"https:\/\/lanoticia507.com\/noticia\/215-personas-aprehendidas-en-las-ultimas-24-horas\/\"},\"wordCount\":104,\"commentCount\":0,\"publisher\":{\"@id\":\"https:\/\/lanoticia507.com\/noticia\/#organization\"},\"image\":{\"@id\":\"https:\/\/lanoticia507.com\/noticia\/215-personas-aprehendidas-en-las-ultimas-24-horas\/#primaryimage\"},\"thumbnailUrl\":\"https:\/\/lanoticia507.com\/noticia\/wp-content\/uploads\/2026\/04\/WhatsApp-Image-2026-04-26-at-8.31.24-AM.jpeg\",\"articleSection\":[\"Sucesos\"],\"inLanguage\":\"es\",\"potentialAction\":[{\"@type\":\"CommentAction\",\"name\":\"Comment\",\"target\":[\"https:\/\/lanoticia507.com\/noticia\/215-personas-aprehendidas-en-las-ultimas-24-horas\/#respond\"]}]},{\"@type\":\"WebPage\",\"@id\":\"https:\/\/lanoticia507.com\/noticia\/215-personas-aprehendidas-en-las-ultimas-24-horas\/\",\"url\":\"https:\/\/lanoticia507.com\/noticia\/215-personas-aprehendidas-en-las-ultimas-24-horas\/\",\"name\":\"215 PERSONAS APREHENDIDAS EN LAS \u00daLTIMAS 24 HORAS -\",\"isPartOf\":{\"@id\":\"https:\/\/lanoticia507.com\/noticia\/#website\"},\"primaryImageOfPage\":{\"@id\":\"https:\/\/lanoticia507.com\/noticia\/215-personas-aprehendidas-en-las-ultimas-24-horas\/#primaryimage\"},\"image\":{\"@id\":\"https:\/\/lanoticia507.com\/noticia\/215-personas-aprehendidas-en-las-ultimas-24-horas\/#primaryimage\"},\"thumbnailUrl\":\"https:\/\/lanoticia507.com\/noticia\/wp-content\/uploads\/2026\/04\/WhatsApp-Image-2026-04-26-at-8.31.24-AM.jpeg\",\"datePublished\":\"2026-04-26T14:43:16+00:00\",\"dateModified\":\"2026-04-26T14:43:18+00:00\",\"breadcrumb\":{\"@id\":\"https:\/\/lanoticia507.com\/noticia\/215-personas-aprehendidas-en-las-ultimas-24-horas\/#breadcrumb\"},\"inLanguage\":\"es\",\"potentialAction\":[{\"@type\":\"ReadAction\",\"target\":[\"https:\/\/lanoticia507.com\/noticia\/215-personas-aprehendidas-en-las-ultimas-24-horas\/\"]}]},{\"@type\":\"ImageObject\",\"inLanguage\":\"es\",\"@id\":\"https:\/\/lanoticia507.com\/noticia\/215-personas-aprehendidas-en-las-ultimas-24-horas\/#primaryimage\",\"url\":\"https:\/\/lanoticia507.com\/noticia\/wp-content\/uploads\/2026\/04\/WhatsApp-Image-2026-04-26-at-8.31.24-AM.jpeg\",\"contentUrl\":\"https:\/\/lanoticia507.com\/noticia\/wp-content\/uploads\/2026\/04\/WhatsApp-Image-2026-04-26-at-8.31.24-AM.jpeg\",\"width\":653,\"height\":715},{\"@type\":\"BreadcrumbList\",\"@id\":\"https:\/\/lanoticia507.com\/noticia\/215-personas-aprehendidas-en-las-ultimas-24-horas\/#breadcrumb\",\"itemListElement\":[{\"@type\":\"ListItem\",\"position\":1,\"name\":\"Portada\",\"item\":\"https:\/\/lanoticia507.com\/noticia\/\"},{\"@type\":\"ListItem\",\"position\":2,\"name\":\"215 PERSONAS APREHENDIDAS EN LAS \u00daLTIMAS 24 HORAS\"}]},{\"@type\":\"WebSite\",\"@id\":\"https:\/\/lanoticia507.com\/noticia\/#website\",\"url\":\"https:\/\/lanoticia507.com\/noticia\/\",\"name\":\"Noticias de Panam\u00e1 | \u00daltimas noticias de Panam\u00e1 | La Noticia 507\",\"description\":\"\",\"publisher\":{\"@id\":\"https:\/\/lanoticia507.com\/noticia\/#organization\"},\"potentialAction\":[{\"@type\":\"SearchAction\",\"target\":{\"@type\":\"EntryPoint\",\"urlTemplate\":\"https:\/\/lanoticia507.com\/noticia\/?s={search_term_string}\"},\"query-input\":{\"@type\":\"PropertyValueSpecification\",\"valueRequired\":true,\"valueName\":\"search_term_string\"}}],\"inLanguage\":\"es\"},{\"@type\":\"Organization\",\"@id\":\"https:\/\/lanoticia507.com\/noticia\/#organization\",\"name\":\"Noticias de Panam\u00e1 | \u00daltimas noticias de Panam\u00e1 | La Noticia 507\",\"url\":\"https:\/\/lanoticia507.com\/noticia\/\",\"logo\":{\"@type\":\"ImageObject\",\"inLanguage\":\"es\",\"@id\":\"https:\/\/lanoticia507.com\/noticia\/#\/schema\/logo\/image\/\",\"url\":\"https:\/\/lanoticia507.com\/noticia\/wp-content\/uploads\/2025\/04\/logo-la-noticia-507-150-sombra.png\",\"contentUrl\":\"https:\/\/lanoticia507.com\/noticia\/wp-content\/uploads\/2025\/04\/logo-la-noticia-507-150-sombra.png\",\"width\":170,\"height\":170,\"caption\":\"Noticias de Panam\u00e1 | \u00daltimas noticias de Panam\u00e1 | La Noticia 507\"},\"image\":{\"@id\":\"https:\/\/lanoticia507.com\/noticia\/#\/schema\/logo\/image\/\"},\"sameAs\":[\"https:\/\/www.instagram.com\/lanoticia507\",\"https:\/\/www.tiktok.com\/@lanoticia507\"]},{\"@type\":\"Person\",\"@id\":\"https:\/\/lanoticia507.com\/noticia\/#\/schema\/person\/ef09ab363a6586838f4fe9d2ba0f2f8b\",\"name\":\"lanoticia507\",\"image\":{\"@type\":\"ImageObject\",\"inLanguage\":\"es\",\"@id\":\"https:\/\/lanoticia507.com\/noticia\/#\/schema\/person\/image\/\",\"url\":\"https:\/\/secure.gravatar.com\/avatar\/e1934cbec687ee9715cc234eb1a6c727dfe980db8f0b92ad6e6bbb395ff2c52b?s=96&d=mm&r=g\",\"contentUrl\":\"https:\/\/secure.gravatar.com\/avatar\/e1934cbec687ee9715cc234eb1a6c727dfe980db8f0b92ad6e6bbb395ff2c52b?s=96&d=mm&r=g\",\"caption\":\"lanoticia507\"},\"url\":\"https:\/\/lanoticia507.com\/noticia\/author\/c2791082\/\"}]}<\/script>\n<!-- \/ Yoast SEO plugin. -->","yoast_head_json":{"title":"215 PERSONAS APREHENDIDAS EN LAS \u00daLTIMAS 24 HORAS -","robots":{"index":"index","follow":"follow","max-snippet":"max-snippet:-1","max-image-preview":"max-image-preview:large","max-video-preview":"max-video-preview:-1"},"canonical":"https:\/\/lanoticia507.com\/noticia\/215-personas-aprehendidas-en-las-ultimas-24-horas\/","og_locale":"es_ES","og_type":"article","og_title":"215 PERSONAS APREHENDIDAS EN LAS \u00daLTIMAS 24 HORAS -","og_description":"En el marco del Plan Firmeza, en las \u00faltimas 24 horas la Polic\u00eda Nacional aprehendi\u00f3 a 215 personas.","og_url":"https:\/\/lanoticia507.com\/noticia\/215-personas-aprehendidas-en-las-ultimas-24-horas\/","article_published_time":"2026-04-26T14:43:16+00:00","article_modified_time":"2026-04-26T14:43:18+00:00","og_image":[{"width":653,"height":715,"url":"https:\/\/lanoticia507.com\/noticia\/wp-content\/uploads\/2026\/04\/WhatsApp-Image-2026-04-26-at-8.31.24-AM.jpeg","type":"image\/jpeg"}],"author":"lanoticia507","twitter_card":"summary_large_image","twitter_misc":{"Escrito por":"lanoticia507","Tiempo de lectura":"1 minuto"},"schema":{"@context":"https:\/\/schema.org","@graph":[{"@type":"Article","@id":"https:\/\/lanoticia507.com\/noticia\/215-personas-aprehendidas-en-las-ultimas-24-horas\/#article","isPartOf":{"@id":"https:\/\/lanoticia507.com\/noticia\/215-personas-aprehendidas-en-las-ultimas-24-horas\/"},"author":{"name":"lanoticia507","@id":"https:\/\/lanoticia507.com\/noticia\/#\/schema\/person\/ef09ab363a6586838f4fe9d2ba0f2f8b"},"headline":"215 PERSONAS APREHENDIDAS EN LAS \u00daLTIMAS 24 HORAS","datePublished":"2026-04-26T14:43:16+00:00","dateModified":"2026-04-26T14:43:18+00:00","mainEntityOfPage":{"@id":"https:\/\/lanoticia507.com\/noticia\/215-personas-aprehendidas-en-las-ultimas-24-horas\/"},"wordCount":104,"commentCount":0,"publisher":{"@id":"https:\/\/lanoticia507.com\/noticia\/#organization"},"image":{"@id":"https:\/\/lanoticia507.com\/noticia\/215-personas-aprehendidas-en-las-ultimas-24-horas\/#primaryimage"},"thumbnailUrl":"https:\/\/lanoticia507.com\/noticia\/wp-content\/uploads\/2026\/04\/WhatsApp-Image-2026-04-26-at-8.31.24-AM.jpeg","articleSection":["Sucesos"],"inLanguage":"es","potentialAction":[{"@type":"CommentAction","name":"Comment","target":["https:\/\/lanoticia507.com\/noticia\/215-personas-aprehendidas-en-las-ultimas-24-horas\/#respond"]}]},{"@type":"WebPage","@id":"https:\/\/lanoticia507.com\/noticia\/215-personas-aprehendidas-en-las-ultimas-24-horas\/","url":"https:\/\/lanoticia507.com\/noticia\/215-personas-aprehendidas-en-las-ultimas-24-horas\/","name":"215 PERSONAS APREHENDIDAS EN LAS \u00daLTIMAS 24 HORAS -","isPartOf":{"@id":"https:\/\/lanoticia507.com\/noticia\/#website"},"primaryImageOfPage":{"@id":"https:\/\/lanoticia507.com\/noticia\/215-personas-aprehendidas-en-las-ultimas-24-horas\/#primaryimage"},"image":{"@id":"https:\/\/lanoticia507.com\/noticia\/215-personas-aprehendidas-en-las-ultimas-24-horas\/#primaryimage"},"thumbnailUrl":"https:\/\/lanoticia507.com\/noticia\/wp-content\/uploads\/2026\/04\/WhatsApp-Image-2026-04-26-at-8.31.24-AM.jpeg","datePublished":"2026-04-26T14:43:16+00:00","dateModified":"2026-04-26T14:43:18+00:00","breadcrumb":{"@id":"https:\/\/lanoticia507.com\/noticia\/215-personas-aprehendidas-en-las-ultimas-24-horas\/#breadcrumb"},"inLanguage":"es","potentialAction":[{"@type":"ReadAction","target":["https:\/\/lanoticia507.com\/noticia\/215-personas-aprehendidas-en-las-ultimas-24-horas\/"]}]},{"@type":"ImageObject","inLanguage":"es","@id":"https:\/\/lanoticia507.com\/noticia\/215-personas-aprehendidas-en-las-ultimas-24-horas\/#primaryimage","url":"https:\/\/lanoticia507.com\/noticia\/wp-content\/uploads\/2026\/04\/WhatsApp-Image-2026-04-26-at-8.31.24-AM.jpeg","contentUrl":"https:\/\/lanoticia507.com\/noticia\/wp-content\/uploads\/2026\/04\/WhatsApp-Image-2026-04-26-at-8.31.24-AM.jpeg","width":653,"height":715},{"@type":"BreadcrumbList","@id":"https:\/\/lanoticia507.com\/noticia\/215-personas-aprehendidas-en-las-ultimas-24-horas\/#breadcrumb","itemListElement":[{"@type":"ListItem","position":1,"name":"Portada","item":"https:\/\/lanoticia507.com\/noticia\/"},{"@type":"ListItem","position":2,"name":"215 PERSONAS APREHENDIDAS EN LAS \u00daLTIMAS 24 HORAS"}]},{"@type":"WebSite","@id":"https:\/\/lanoticia507.com\/noticia\/#website","url":"https:\/\/lanoticia507.com\/noticia\/","name":"Noticias de Panam\u00e1 | \u00daltimas noticias de Panam\u00e1 | La Noticia 507","description":"","publisher":{"@id":"https:\/\/lanoticia507.com\/noticia\/#organization"},"potentialAction":[{"@type":"SearchAction","target":{"@type":"EntryPoint","urlTemplate":"https:\/\/lanoticia507.com\/noticia\/?s={search_term_string}"},"query-input":{"@type":"PropertyValueSpecification","valueRequired":true,"valueName":"search_term_string"}}],"inLanguage":"es"},{"@type":"Organization","@id":"https:\/\/lanoticia507.com\/noticia\/#organization","name":"Noticias de Panam\u00e1 | \u00daltimas noticias de Panam\u00e1 | La Noticia 507","url":"https:\/\/lanoticia507.com\/noticia\/","logo":{"@type":"ImageObject","inLanguage":"es","@id":"https:\/\/lanoticia507.com\/noticia\/#\/schema\/logo\/image\/","url":"https:\/\/lanoticia507.com\/noticia\/wp-content\/uploads\/2025\/04\/logo-la-noticia-507-150-sombra.png","contentUrl":"https:\/\/lanoticia507.com\/noticia\/wp-content\/uploads\/2025\/04\/logo-la-noticia-507-150-sombra.png","width":170,"height":170,"caption":"Noticias de Panam\u00e1 | \u00daltimas noticias de Panam\u00e1 | La Noticia 507"},"image":{"@id":"https:\/\/lanoticia507.com\/noticia\/#\/schema\/logo\/image\/"},"sameAs":["https:\/\/www.instagram.com\/lanoticia507","https:\/\/www.tiktok.com\/@lanoticia507"]},{"@type":"Person","@id":"https:\/\/lanoticia507.com\/noticia\/#\/schema\/person\/ef09ab363a6586838f4fe9d2ba0f2f8b","name":"lanoticia507","image":{"@type":"ImageObject","inLanguage":"es","@id":"https:\/\/lanoticia507.com\/noticia\/#\/schema\/person\/image\/","url":"https:\/\/secure.gravatar.com\/avatar\/e1934cbec687ee9715cc234eb1a6c727dfe980db8f0b92ad6e6bbb395ff2c52b?s=96&d=mm&r=g","contentUrl":"https:\/\/secure.gravatar.com\/avatar\/e1934cbec687ee9715cc234eb1a6c727dfe980db8f0b92ad6e6bbb395ff2c52b?s=96&d=mm&r=g","caption":"lanoticia507"},"url":"https:\/\/lanoticia507.com\/noticia\/author\/c2791082\/"}]}},"featured_image_urls":{"full":["https:\/\/lanoticia507.com\/noticia\/wp-content\/uploads\/2026\/04\/WhatsApp-Image-2026-04-26-at-8.31.24-AM.jpeg",653,715,false],"thumbnail":["https:\/\/lanoticia507.com\/noticia\/wp-content\/uploads\/2026\/04\/WhatsApp-Image-2026-04-26-at-8.31.24-AM-150x150.jpeg",150,150,true],"medium":["https:\/\/lanoticia507.com\/noticia\/wp-content\/uploads\/2026\/04\/WhatsApp-Image-2026-04-26-at-8.31.24-AM-274x300.jpeg",274,300,true],"medium_large":["https:\/\/lanoticia507.com\/noticia\/wp-content\/uploads\/2026\/04\/WhatsApp-Image-2026-04-26-at-8.31.24-AM.jpeg",640,701,false],"large":["https:\/\/lanoticia507.com\/noticia\/wp-content\/uploads\/2026\/04\/WhatsApp-Image-2026-04-26-at-8.31.24-AM.jpeg",640,701,false],"1536x1536":["https:\/\/lanoticia507.com\/noticia\/wp-content\/uploads\/2026\/04\/WhatsApp-Image-2026-04-26-at-8.31.24-AM.jpeg",653,715,false],"2048x2048":["https:\/\/lanoticia507.com\/noticia\/wp-content\/uploads\/2026\/04\/WhatsApp-Image-2026-04-26-at-8.31.24-AM.jpeg",653,715,false],"morenews-featured":["https:\/\/lanoticia507.com\/noticia\/wp-content\/uploads\/2026\/04\/WhatsApp-Image-2026-04-26-at-8.31.24-AM.jpeg",653,715,false],"morenews-large":["https:\/\/lanoticia507.com\/noticia\/wp-content\/uploads\/2026\/04\/WhatsApp-Image-2026-04-26-at-8.31.24-AM-653x575.jpeg",653,575,true],"morenews-medium":["https:\/\/lanoticia507.com\/noticia\/wp-content\/uploads\/2026\/04\/WhatsApp-Image-2026-04-26-at-8.31.24-AM-590x410.jpeg",590,410,true]},"author_info":{"display_name":"lanoticia507","author_link":"https:\/\/lanoticia507.com\/noticia\/author\/c2791082\/"},"category_info":"<a href=\"https:\/\/lanoticia507.com\/noticia\/category\/sucesos\/\" rel=\"category tag\">Sucesos<\/a>","tag_info":"Sucesos","comment_count":"0","_links":{"self":[{"href":"https:\/\/lanoticia507.com\/noticia\/wp-json\/wp\/v2\/posts\/2791","targetHints":{"allow":["GET"]}}],"collection":[{"href":"https:\/\/lanoticia507.com\/noticia\/wp-json\/wp\/v2\/posts"}],"about":[{"href":"https:\/\/lanoticia507.com\/noticia\/wp-json\/wp\/v2\/types\/post"}],"author":[{"embeddable":true,"href":"https:\/\/lanoticia507.com\/noticia\/wp-json\/wp\/v2\/users\/2"}],"replies":[{"embeddable":true,"href":"https:\/\/lanoticia507.com\/noticia\/wp-json\/wp\/v2\/comments?post=2791"}],"version-history":[{"count":1,"href":"https:\/\/lanoticia507.com\/noticia\/wp-json\/wp\/v2\/posts\/2791\/revisions"}],"predecessor-version":[{"id":2793,"href":"https:\/\/lanoticia507.com\/noticia\/wp-json\/wp\/v2\/posts\/2791\/revisions\/2793"}],"wp:featuredmedia":[{"embeddable":true,"href":"https:\/\/lanoticia507.com\/noticia\/wp-json\/wp\/v2\/media\/2792"}],"wp:attachment":[{"href":"https:\/\/lanoticia507.com\/noticia\/wp-json\/wp\/v2\/media?parent=2791"}],"wp:term":[{"taxonomy":"category","embeddable":true,"href":"https:\/\/lanoticia507.com\/noticia\/wp-json\/wp\/v2\/categories?post=2791"},{"taxonomy":"post_tag","embeddable":true,"href":"https:\/\/lanoticia507.com\/noticia\/wp-json\/wp\/v2\/tags?post=2791"}],"curies":[{"name":"wp","href":"https:\/\/api.w.org\/{rel}","templated":true}]}}