{"id":2801,"date":"2026-04-26T14:51:40","date_gmt":"2026-04-26T14:51:40","guid":{"rendered":"https:\/\/lanoticia507.com\/noticia\/?p=2801"},"modified":"2026-04-26T14:51:41","modified_gmt":"2026-04-26T14:51:41","slug":"actualmente-se-han-construido-mas-de-50-pozos-en-la-region-el-minsa-reitero-que-el-agua-que-llega-a-las-comunidades-actualmente-no-es-apta-para-el-consumo-humano","status":"publish","type":"post","link":"https:\/\/lanoticia507.com\/noticia\/actualmente-se-han-construido-mas-de-50-pozos-en-la-region-el-minsa-reitero-que-el-agua-que-llega-a-las-comunidades-actualmente-no-es-apta-para-el-consumo-humano\/","title":{"rendered":"Actualmente se han construido m\u00e1s de 50 pozos en la regi\u00f3n\u2022 El Minsa reiter\u00f3 que el agua que llega a las comunidades actualmente no es apta para el consumo humano"},"content":{"rendered":"\n<p>Durante una gira en la provincia de Los Santos, el ministro de Salud, Fernando Boyd Galindo, inform\u00f3 que el Gobierno Nacional intensifica las acciones para garantizar el acceso a agua segura en la regi\u00f3n de Azuero, mediante la perforaci\u00f3n de pozos, abastecimiento con cisternas y el desarrollo de un plan integral a corto, mediano y largo plazo.<\/p>\n\n\n\n<p>El titular de Salud destac\u00f3 que actualmente se han construido m\u00e1s de 50 pozos en la regi\u00f3n, de los cuales varios ya se encuentran en funcionamiento, mientras otros contin\u00faan en proceso. Adem\u00e1s, adelant\u00f3 que se contempla la construcci\u00f3n de 71 pozos en la provincia de Los Santos, como parte de las medidas impulsadas por el Ejecutivo.<\/p>\n\n\n\n<p>\u201cVamos a pedir apoyo a todos los sectores necesarios para obtener un diagn\u00f3stico claro de la situaci\u00f3n y definir c\u00f3mo enfrentarla. Paralelamente, avanzamos con soluciones inmediatas para garantizar el abastecimiento de agua a la poblaci\u00f3n\u201d, se\u00f1al\u00f3.<\/p>\n\n\n\n<p>El ministro explic\u00f3 que, de forma simult\u00e1nea, se trabaja en un plan de desarrollo que incluye la adecuaci\u00f3n de las plantas potabilizadoras Roberto Reyna y Rufina Alfaro, as\u00ed como la mejora de las redes de distribuci\u00f3n en toda la regi\u00f3n de Azuero.<\/p>\n\n\n\n<p>Indic\u00f3 que estas acciones forman parte de una estrategia estructural que tomar\u00e1 varios a\u00f1os, pero que busca garantizar soluciones sostenibles al problema del agua en la zona.<\/p>\n\n\n\n<p>Mientras avanzan las soluciones de fondo, el Ministerio de Salud (Minsa) reiter\u00f3 que el agua que llega a las comunidades actualmente no es apta para el consumo humano, por lo que recomend\u00f3 hervirla antes de tomarla.<\/p>\n\n\n\n<p>El titular de salud se\u00f1al\u00f3 que se han instalado tanques de almacenamiento de agua potable con capacidades de 2,500, 5,000 y 10,000 litros en distintos puntos de las comunidades, los cuales son abastecidos mediante carros cisterna, garantizando el acceso al recurso.<\/p>\n\n\n\n<p>A estas acciones se suma la perforaci\u00f3n de nuevos pozos que ser\u00e1n integrados a la red h\u00eddrica existente para reforzar el suministro.<\/p>\n\n\n\n<p>El ministro Boyd Galindo tambi\u00e9n hizo un llamado a la poblaci\u00f3n a proteger la infraestructura instalada.<\/p>\n\n\n\n<p>\u201cEs importante cuidar los pozos y los sistemas que se est\u00e1n implementando. Estos recursos son de la comunidad, y su buen uso y protecci\u00f3n garantizan el acceso al agua para todos\u201d, enfatiz\u00f3.<\/p>\n\n\n\n<p>El titular de la cartera del Minsa reiter\u00f3 su compromiso de mantener informada a la poblaci\u00f3n con transparencia y de continuar implementando acciones que aseguren el acceso a agua segura en la regi\u00f3n.<\/p>\n","protected":false},"excerpt":{"rendered":"<p>Durante una gira en la provincia de Los Santos, el ministro de Salud, Fernando Boyd Galindo, inform\u00f3 que<\/p>\n","protected":false},"author":2,"featured_media":2802,"comment_status":"open","ping_status":"open","sticky":false,"template":"","format":"standard","meta":{"footnotes":""},"categories":[4],"tags":[],"class_list":["post-2801","post","type-post","status-publish","format-standard","has-post-thumbnail","hentry","category-actualidad-panama"],"yoast_head":"<!-- This site is optimized with the Yoast SEO plugin v25.2 - https:\/\/yoast.com\/wordpress\/plugins\/seo\/ -->\n<title>Actualmente se han construido m\u00e1s de 50 pozos en la regi\u00f3n\u2022 El Minsa reiter\u00f3 que el agua que llega a las comunidades actualmente no es apta para el consumo humano -<\/title>\n<meta name=\"robots\" content=\"index, follow, max-snippet:-1, max-image-preview:large, max-video-preview:-1\" \/>\n<link rel=\"canonical\" href=\"https:\/\/lanoticia507.com\/noticia\/actualmente-se-han-construido-mas-de-50-pozos-en-la-region-el-minsa-reitero-que-el-agua-que-llega-a-las-comunidades-actualmente-no-es-apta-para-el-consumo-humano\/\" \/>\n<meta property=\"og:locale\" content=\"es_ES\" \/>\n<meta property=\"og:type\" content=\"article\" \/>\n<meta property=\"og:title\" content=\"Actualmente se han construido m\u00e1s de 50 pozos en la regi\u00f3n\u2022 El Minsa reiter\u00f3 que el agua que llega a las comunidades actualmente no es apta para el consumo humano -\" \/>\n<meta property=\"og:description\" content=\"Durante una gira en la provincia de Los Santos, el ministro de Salud, Fernando Boyd Galindo, inform\u00f3 que\" \/>\n<meta property=\"og:url\" content=\"https:\/\/lanoticia507.com\/noticia\/actualmente-se-han-construido-mas-de-50-pozos-en-la-region-el-minsa-reitero-que-el-agua-que-llega-a-las-comunidades-actualmente-no-es-apta-para-el-consumo-humano\/\" \/>\n<meta property=\"article:published_time\" content=\"2026-04-26T14:51:40+00:00\" \/>\n<meta property=\"article:modified_time\" content=\"2026-04-26T14:51:41+00:00\" \/>\n<meta property=\"og:image\" content=\"https:\/\/lanoticia507.com\/noticia\/wp-content\/uploads\/2026\/04\/WhatsApp-Image-2026-04-24-at-2.23.39-PM.jpeg\" \/>\n\t<meta property=\"og:image:width\" content=\"960\" \/>\n\t<meta property=\"og:image:height\" content=\"1280\" \/>\n\t<meta property=\"og:image:type\" content=\"image\/jpeg\" \/>\n<meta name=\"author\" content=\"lanoticia507\" \/>\n<meta name=\"twitter:card\" content=\"summary_large_image\" \/>\n<meta name=\"twitter:label1\" content=\"Escrito por\" \/>\n\t<meta name=\"twitter:data1\" content=\"lanoticia507\" \/>\n\t<meta name=\"twitter:label2\" content=\"Tiempo de lectura\" \/>\n\t<meta name=\"twitter:data2\" content=\"3 minutos\" \/>\n<script type=\"application\/ld+json\" class=\"yoast-schema-graph\">{\"@context\":\"https:\/\/schema.org\",\"@graph\":[{\"@type\":\"Article\",\"@id\":\"https:\/\/lanoticia507.com\/noticia\/actualmente-se-han-construido-mas-de-50-pozos-en-la-region-el-minsa-reitero-que-el-agua-que-llega-a-las-comunidades-actualmente-no-es-apta-para-el-consumo-humano\/#article\",\"isPartOf\":{\"@id\":\"https:\/\/lanoticia507.com\/noticia\/actualmente-se-han-construido-mas-de-50-pozos-en-la-region-el-minsa-reitero-que-el-agua-que-llega-a-las-comunidades-actualmente-no-es-apta-para-el-consumo-humano\/\"},\"author\":{\"name\":\"lanoticia507\",\"@id\":\"https:\/\/lanoticia507.com\/noticia\/#\/schema\/person\/ef09ab363a6586838f4fe9d2ba0f2f8b\"},\"headline\":\"Actualmente se han construido m\u00e1s de 50 pozos en la regi\u00f3n\u2022 El Minsa reiter\u00f3 que el agua que llega a las comunidades actualmente no es apta para el consumo humano\",\"datePublished\":\"2026-04-26T14:51:40+00:00\",\"dateModified\":\"2026-04-26T14:51:41+00:00\",\"mainEntityOfPage\":{\"@id\":\"https:\/\/lanoticia507.com\/noticia\/actualmente-se-han-construido-mas-de-50-pozos-en-la-region-el-minsa-reitero-que-el-agua-que-llega-a-las-comunidades-actualmente-no-es-apta-para-el-consumo-humano\/\"},\"wordCount\":451,\"commentCount\":0,\"publisher\":{\"@id\":\"https:\/\/lanoticia507.com\/noticia\/#organization\"},\"image\":{\"@id\":\"https:\/\/lanoticia507.com\/noticia\/actualmente-se-han-construido-mas-de-50-pozos-en-la-region-el-minsa-reitero-que-el-agua-que-llega-a-las-comunidades-actualmente-no-es-apta-para-el-consumo-humano\/#primaryimage\"},\"thumbnailUrl\":\"https:\/\/lanoticia507.com\/noticia\/wp-content\/uploads\/2026\/04\/WhatsApp-Image-2026-04-24-at-2.23.39-PM.jpeg\",\"articleSection\":[\"Actualidad Panam\u00e1\"],\"inLanguage\":\"es\",\"potentialAction\":[{\"@type\":\"CommentAction\",\"name\":\"Comment\",\"target\":[\"https:\/\/lanoticia507.com\/noticia\/actualmente-se-han-construido-mas-de-50-pozos-en-la-region-el-minsa-reitero-que-el-agua-que-llega-a-las-comunidades-actualmente-no-es-apta-para-el-consumo-humano\/#respond\"]}]},{\"@type\":\"WebPage\",\"@id\":\"https:\/\/lanoticia507.com\/noticia\/actualmente-se-han-construido-mas-de-50-pozos-en-la-region-el-minsa-reitero-que-el-agua-que-llega-a-las-comunidades-actualmente-no-es-apta-para-el-consumo-humano\/\",\"url\":\"https:\/\/lanoticia507.com\/noticia\/actualmente-se-han-construido-mas-de-50-pozos-en-la-region-el-minsa-reitero-que-el-agua-que-llega-a-las-comunidades-actualmente-no-es-apta-para-el-consumo-humano\/\",\"name\":\"Actualmente se han construido m\u00e1s de 50 pozos en la regi\u00f3n\u2022 El Minsa reiter\u00f3 que el agua que llega a las comunidades actualmente no es apta para el consumo humano -\",\"isPartOf\":{\"@id\":\"https:\/\/lanoticia507.com\/noticia\/#website\"},\"primaryImageOfPage\":{\"@id\":\"https:\/\/lanoticia507.com\/noticia\/actualmente-se-han-construido-mas-de-50-pozos-en-la-region-el-minsa-reitero-que-el-agua-que-llega-a-las-comunidades-actualmente-no-es-apta-para-el-consumo-humano\/#primaryimage\"},\"image\":{\"@id\":\"https:\/\/lanoticia507.com\/noticia\/actualmente-se-han-construido-mas-de-50-pozos-en-la-region-el-minsa-reitero-que-el-agua-que-llega-a-las-comunidades-actualmente-no-es-apta-para-el-consumo-humano\/#primaryimage\"},\"thumbnailUrl\":\"https:\/\/lanoticia507.com\/noticia\/wp-content\/uploads\/2026\/04\/WhatsApp-Image-2026-04-24-at-2.23.39-PM.jpeg\",\"datePublished\":\"2026-04-26T14:51:40+00:00\",\"dateModified\":\"2026-04-26T14:51:41+00:00\",\"breadcrumb\":{\"@id\":\"https:\/\/lanoticia507.com\/noticia\/actualmente-se-han-construido-mas-de-50-pozos-en-la-region-el-minsa-reitero-que-el-agua-que-llega-a-las-comunidades-actualmente-no-es-apta-para-el-consumo-humano\/#breadcrumb\"},\"inLanguage\":\"es\",\"potentialAction\":[{\"@type\":\"ReadAction\",\"target\":[\"https:\/\/lanoticia507.com\/noticia\/actualmente-se-han-construido-mas-de-50-pozos-en-la-region-el-minsa-reitero-que-el-agua-que-llega-a-las-comunidades-actualmente-no-es-apta-para-el-consumo-humano\/\"]}]},{\"@type\":\"ImageObject\",\"inLanguage\":\"es\",\"@id\":\"https:\/\/lanoticia507.com\/noticia\/actualmente-se-han-construido-mas-de-50-pozos-en-la-region-el-minsa-reitero-que-el-agua-que-llega-a-las-comunidades-actualmente-no-es-apta-para-el-consumo-humano\/#primaryimage\",\"url\":\"https:\/\/lanoticia507.com\/noticia\/wp-content\/uploads\/2026\/04\/WhatsApp-Image-2026-04-24-at-2.23.39-PM.jpeg\",\"contentUrl\":\"https:\/\/lanoticia507.com\/noticia\/wp-content\/uploads\/2026\/04\/WhatsApp-Image-2026-04-24-at-2.23.39-PM.jpeg\",\"width\":960,\"height\":1280},{\"@type\":\"BreadcrumbList\",\"@id\":\"https:\/\/lanoticia507.com\/noticia\/actualmente-se-han-construido-mas-de-50-pozos-en-la-region-el-minsa-reitero-que-el-agua-que-llega-a-las-comunidades-actualmente-no-es-apta-para-el-consumo-humano\/#breadcrumb\",\"itemListElement\":[{\"@type\":\"ListItem\",\"position\":1,\"name\":\"Portada\",\"item\":\"https:\/\/lanoticia507.com\/noticia\/\"},{\"@type\":\"ListItem\",\"position\":2,\"name\":\"Actualmente se han construido m\u00e1s de 50 pozos en la regi\u00f3n\u2022 El Minsa reiter\u00f3 que el agua que llega a las comunidades actualmente no es apta para el consumo humano\"}]},{\"@type\":\"WebSite\",\"@id\":\"https:\/\/lanoticia507.com\/noticia\/#website\",\"url\":\"https:\/\/lanoticia507.com\/noticia\/\",\"name\":\"Noticias de Panam\u00e1 | \u00daltimas noticias de Panam\u00e1 | La Noticia 507\",\"description\":\"\",\"publisher\":{\"@id\":\"https:\/\/lanoticia507.com\/noticia\/#organization\"},\"potentialAction\":[{\"@type\":\"SearchAction\",\"target\":{\"@type\":\"EntryPoint\",\"urlTemplate\":\"https:\/\/lanoticia507.com\/noticia\/?s={search_term_string}\"},\"query-input\":{\"@type\":\"PropertyValueSpecification\",\"valueRequired\":true,\"valueName\":\"search_term_string\"}}],\"inLanguage\":\"es\"},{\"@type\":\"Organization\",\"@id\":\"https:\/\/lanoticia507.com\/noticia\/#organization\",\"name\":\"Noticias de Panam\u00e1 | \u00daltimas noticias de Panam\u00e1 | La Noticia 507\",\"url\":\"https:\/\/lanoticia507.com\/noticia\/\",\"logo\":{\"@type\":\"ImageObject\",\"inLanguage\":\"es\",\"@id\":\"https:\/\/lanoticia507.com\/noticia\/#\/schema\/logo\/image\/\",\"url\":\"https:\/\/lanoticia507.com\/noticia\/wp-content\/uploads\/2025\/04\/logo-la-noticia-507-150-sombra.png\",\"contentUrl\":\"https:\/\/lanoticia507.com\/noticia\/wp-content\/uploads\/2025\/04\/logo-la-noticia-507-150-sombra.png\",\"width\":170,\"height\":170,\"caption\":\"Noticias de Panam\u00e1 | \u00daltimas noticias de Panam\u00e1 | La Noticia 507\"},\"image\":{\"@id\":\"https:\/\/lanoticia507.com\/noticia\/#\/schema\/logo\/image\/\"},\"sameAs\":[\"https:\/\/www.instagram.com\/lanoticia507\",\"https:\/\/www.tiktok.com\/@lanoticia507\"]},{\"@type\":\"Person\",\"@id\":\"https:\/\/lanoticia507.com\/noticia\/#\/schema\/person\/ef09ab363a6586838f4fe9d2ba0f2f8b\",\"name\":\"lanoticia507\",\"image\":{\"@type\":\"ImageObject\",\"inLanguage\":\"es\",\"@id\":\"https:\/\/lanoticia507.com\/noticia\/#\/schema\/person\/image\/\",\"url\":\"https:\/\/secure.gravatar.com\/avatar\/e1934cbec687ee9715cc234eb1a6c727dfe980db8f0b92ad6e6bbb395ff2c52b?s=96&d=mm&r=g\",\"contentUrl\":\"https:\/\/secure.gravatar.com\/avatar\/e1934cbec687ee9715cc234eb1a6c727dfe980db8f0b92ad6e6bbb395ff2c52b?s=96&d=mm&r=g\",\"caption\":\"lanoticia507\"},\"url\":\"https:\/\/lanoticia507.com\/noticia\/author\/c2791082\/\"}]}<\/script>\n<!-- \/ Yoast SEO plugin. -->","yoast_head_json":{"title":"Actualmente se han construido m\u00e1s de 50 pozos en la regi\u00f3n\u2022 El Minsa reiter\u00f3 que el agua que llega a las comunidades actualmente no es apta para el consumo humano -","robots":{"index":"index","follow":"follow","max-snippet":"max-snippet:-1","max-image-preview":"max-image-preview:large","max-video-preview":"max-video-preview:-1"},"canonical":"https:\/\/lanoticia507.com\/noticia\/actualmente-se-han-construido-mas-de-50-pozos-en-la-region-el-minsa-reitero-que-el-agua-que-llega-a-las-comunidades-actualmente-no-es-apta-para-el-consumo-humano\/","og_locale":"es_ES","og_type":"article","og_title":"Actualmente se han construido m\u00e1s de 50 pozos en la regi\u00f3n\u2022 El Minsa reiter\u00f3 que el agua que llega a las comunidades actualmente no es apta para el consumo humano -","og_description":"Durante una gira en la provincia de Los Santos, el ministro de Salud, Fernando Boyd Galindo, inform\u00f3 que","og_url":"https:\/\/lanoticia507.com\/noticia\/actualmente-se-han-construido-mas-de-50-pozos-en-la-region-el-minsa-reitero-que-el-agua-que-llega-a-las-comunidades-actualmente-no-es-apta-para-el-consumo-humano\/","article_published_time":"2026-04-26T14:51:40+00:00","article_modified_time":"2026-04-26T14:51:41+00:00","og_image":[{"width":960,"height":1280,"url":"https:\/\/lanoticia507.com\/noticia\/wp-content\/uploads\/2026\/04\/WhatsApp-Image-2026-04-24-at-2.23.39-PM.jpeg","type":"image\/jpeg"}],"author":"lanoticia507","twitter_card":"summary_large_image","twitter_misc":{"Escrito por":"lanoticia507","Tiempo de lectura":"3 minutos"},"schema":{"@context":"https:\/\/schema.org","@graph":[{"@type":"Article","@id":"https:\/\/lanoticia507.com\/noticia\/actualmente-se-han-construido-mas-de-50-pozos-en-la-region-el-minsa-reitero-que-el-agua-que-llega-a-las-comunidades-actualmente-no-es-apta-para-el-consumo-humano\/#article","isPartOf":{"@id":"https:\/\/lanoticia507.com\/noticia\/actualmente-se-han-construido-mas-de-50-pozos-en-la-region-el-minsa-reitero-que-el-agua-que-llega-a-las-comunidades-actualmente-no-es-apta-para-el-consumo-humano\/"},"author":{"name":"lanoticia507","@id":"https:\/\/lanoticia507.com\/noticia\/#\/schema\/person\/ef09ab363a6586838f4fe9d2ba0f2f8b"},"headline":"Actualmente se han construido m\u00e1s de 50 pozos en la regi\u00f3n\u2022 El Minsa reiter\u00f3 que el agua que llega a las comunidades actualmente no es apta para el consumo humano","datePublished":"2026-04-26T14:51:40+00:00","dateModified":"2026-04-26T14:51:41+00:00","mainEntityOfPage":{"@id":"https:\/\/lanoticia507.com\/noticia\/actualmente-se-han-construido-mas-de-50-pozos-en-la-region-el-minsa-reitero-que-el-agua-que-llega-a-las-comunidades-actualmente-no-es-apta-para-el-consumo-humano\/"},"wordCount":451,"commentCount":0,"publisher":{"@id":"https:\/\/lanoticia507.com\/noticia\/#organization"},"image":{"@id":"https:\/\/lanoticia507.com\/noticia\/actualmente-se-han-construido-mas-de-50-pozos-en-la-region-el-minsa-reitero-que-el-agua-que-llega-a-las-comunidades-actualmente-no-es-apta-para-el-consumo-humano\/#primaryimage"},"thumbnailUrl":"https:\/\/lanoticia507.com\/noticia\/wp-content\/uploads\/2026\/04\/WhatsApp-Image-2026-04-24-at-2.23.39-PM.jpeg","articleSection":["Actualidad Panam\u00e1"],"inLanguage":"es","potentialAction":[{"@type":"CommentAction","name":"Comment","target":["https:\/\/lanoticia507.com\/noticia\/actualmente-se-han-construido-mas-de-50-pozos-en-la-region-el-minsa-reitero-que-el-agua-que-llega-a-las-comunidades-actualmente-no-es-apta-para-el-consumo-humano\/#respond"]}]},{"@type":"WebPage","@id":"https:\/\/lanoticia507.com\/noticia\/actualmente-se-han-construido-mas-de-50-pozos-en-la-region-el-minsa-reitero-que-el-agua-que-llega-a-las-comunidades-actualmente-no-es-apta-para-el-consumo-humano\/","url":"https:\/\/lanoticia507.com\/noticia\/actualmente-se-han-construido-mas-de-50-pozos-en-la-region-el-minsa-reitero-que-el-agua-que-llega-a-las-comunidades-actualmente-no-es-apta-para-el-consumo-humano\/","name":"Actualmente se han construido m\u00e1s de 50 pozos en la regi\u00f3n\u2022 El Minsa reiter\u00f3 que el agua que llega a las comunidades actualmente no es apta para el consumo humano -","isPartOf":{"@id":"https:\/\/lanoticia507.com\/noticia\/#website"},"primaryImageOfPage":{"@id":"https:\/\/lanoticia507.com\/noticia\/actualmente-se-han-construido-mas-de-50-pozos-en-la-region-el-minsa-reitero-que-el-agua-que-llega-a-las-comunidades-actualmente-no-es-apta-para-el-consumo-humano\/#primaryimage"},"image":{"@id":"https:\/\/lanoticia507.com\/noticia\/actualmente-se-han-construido-mas-de-50-pozos-en-la-region-el-minsa-reitero-que-el-agua-que-llega-a-las-comunidades-actualmente-no-es-apta-para-el-consumo-humano\/#primaryimage"},"thumbnailUrl":"https:\/\/lanoticia507.com\/noticia\/wp-content\/uploads\/2026\/04\/WhatsApp-Image-2026-04-24-at-2.23.39-PM.jpeg","datePublished":"2026-04-26T14:51:40+00:00","dateModified":"2026-04-26T14:51:41+00:00","breadcrumb":{"@id":"https:\/\/lanoticia507.com\/noticia\/actualmente-se-han-construido-mas-de-50-pozos-en-la-region-el-minsa-reitero-que-el-agua-que-llega-a-las-comunidades-actualmente-no-es-apta-para-el-consumo-humano\/#breadcrumb"},"inLanguage":"es","potentialAction":[{"@type":"ReadAction","target":["https:\/\/lanoticia507.com\/noticia\/actualmente-se-han-construido-mas-de-50-pozos-en-la-region-el-minsa-reitero-que-el-agua-que-llega-a-las-comunidades-actualmente-no-es-apta-para-el-consumo-humano\/"]}]},{"@type":"ImageObject","inLanguage":"es","@id":"https:\/\/lanoticia507.com\/noticia\/actualmente-se-han-construido-mas-de-50-pozos-en-la-region-el-minsa-reitero-que-el-agua-que-llega-a-las-comunidades-actualmente-no-es-apta-para-el-consumo-humano\/#primaryimage","url":"https:\/\/lanoticia507.com\/noticia\/wp-content\/uploads\/2026\/04\/WhatsApp-Image-2026-04-24-at-2.23.39-PM.jpeg","contentUrl":"https:\/\/lanoticia507.com\/noticia\/wp-content\/uploads\/2026\/04\/WhatsApp-Image-2026-04-24-at-2.23.39-PM.jpeg","width":960,"height":1280},{"@type":"BreadcrumbList","@id":"https:\/\/lanoticia507.com\/noticia\/actualmente-se-han-construido-mas-de-50-pozos-en-la-region-el-minsa-reitero-que-el-agua-que-llega-a-las-comunidades-actualmente-no-es-apta-para-el-consumo-humano\/#breadcrumb","itemListElement":[{"@type":"ListItem","position":1,"name":"Portada","item":"https:\/\/lanoticia507.com\/noticia\/"},{"@type":"ListItem","position":2,"name":"Actualmente se han construido m\u00e1s de 50 pozos en la regi\u00f3n\u2022 El Minsa reiter\u00f3 que el agua que llega a las comunidades actualmente no es apta para el consumo humano"}]},{"@type":"WebSite","@id":"https:\/\/lanoticia507.com\/noticia\/#website","url":"https:\/\/lanoticia507.com\/noticia\/","name":"Noticias de Panam\u00e1 | \u00daltimas noticias de Panam\u00e1 | La Noticia 507","description":"","publisher":{"@id":"https:\/\/lanoticia507.com\/noticia\/#organization"},"potentialAction":[{"@type":"SearchAction","target":{"@type":"EntryPoint","urlTemplate":"https:\/\/lanoticia507.com\/noticia\/?s={search_term_string}"},"query-input":{"@type":"PropertyValueSpecification","valueRequired":true,"valueName":"search_term_string"}}],"inLanguage":"es"},{"@type":"Organization","@id":"https:\/\/lanoticia507.com\/noticia\/#organization","name":"Noticias de Panam\u00e1 | \u00daltimas noticias de Panam\u00e1 | La Noticia 507","url":"https:\/\/lanoticia507.com\/noticia\/","logo":{"@type":"ImageObject","inLanguage":"es","@id":"https:\/\/lanoticia507.com\/noticia\/#\/schema\/logo\/image\/","url":"https:\/\/lanoticia507.com\/noticia\/wp-content\/uploads\/2025\/04\/logo-la-noticia-507-150-sombra.png","contentUrl":"https:\/\/lanoticia507.com\/noticia\/wp-content\/uploads\/2025\/04\/logo-la-noticia-507-150-sombra.png","width":170,"height":170,"caption":"Noticias de Panam\u00e1 | \u00daltimas noticias de Panam\u00e1 | La Noticia 507"},"image":{"@id":"https:\/\/lanoticia507.com\/noticia\/#\/schema\/logo\/image\/"},"sameAs":["https:\/\/www.instagram.com\/lanoticia507","https:\/\/www.tiktok.com\/@lanoticia507"]},{"@type":"Person","@id":"https:\/\/lanoticia507.com\/noticia\/#\/schema\/person\/ef09ab363a6586838f4fe9d2ba0f2f8b","name":"lanoticia507","image":{"@type":"ImageObject","inLanguage":"es","@id":"https:\/\/lanoticia507.com\/noticia\/#\/schema\/person\/image\/","url":"https:\/\/secure.gravatar.com\/avatar\/e1934cbec687ee9715cc234eb1a6c727dfe980db8f0b92ad6e6bbb395ff2c52b?s=96&d=mm&r=g","contentUrl":"https:\/\/secure.gravatar.com\/avatar\/e1934cbec687ee9715cc234eb1a6c727dfe980db8f0b92ad6e6bbb395ff2c52b?s=96&d=mm&r=g","caption":"lanoticia507"},"url":"https:\/\/lanoticia507.com\/noticia\/author\/c2791082\/"}]}},"featured_image_urls":{"full":["https:\/\/lanoticia507.com\/noticia\/wp-content\/uploads\/2026\/04\/WhatsApp-Image-2026-04-24-at-2.23.39-PM.jpeg",960,1280,false],"thumbnail":["https:\/\/lanoticia507.com\/noticia\/wp-content\/uploads\/2026\/04\/WhatsApp-Image-2026-04-24-at-2.23.39-PM-150x150.jpeg",150,150,true],"medium":["https:\/\/lanoticia507.com\/noticia\/wp-content\/uploads\/2026\/04\/WhatsApp-Image-2026-04-24-at-2.23.39-PM-225x300.jpeg",225,300,true],"medium_large":["https:\/\/lanoticia507.com\/noticia\/wp-content\/uploads\/2026\/04\/WhatsApp-Image-2026-04-24-at-2.23.39-PM-768x1024.jpeg",640,853,true],"large":["https:\/\/lanoticia507.com\/noticia\/wp-content\/uploads\/2026\/04\/WhatsApp-Image-2026-04-24-at-2.23.39-PM-768x1024.jpeg",640,853,true],"1536x1536":["https:\/\/lanoticia507.com\/noticia\/wp-content\/uploads\/2026\/04\/WhatsApp-Image-2026-04-24-at-2.23.39-PM.jpeg",960,1280,false],"2048x2048":["https:\/\/lanoticia507.com\/noticia\/wp-content\/uploads\/2026\/04\/WhatsApp-Image-2026-04-24-at-2.23.39-PM.jpeg",960,1280,false],"morenews-featured":["https:\/\/lanoticia507.com\/noticia\/wp-content\/uploads\/2026\/04\/WhatsApp-Image-2026-04-24-at-2.23.39-PM.jpeg",960,1280,false],"morenews-large":["https:\/\/lanoticia507.com\/noticia\/wp-content\/uploads\/2026\/04\/WhatsApp-Image-2026-04-24-at-2.23.39-PM-825x575.jpeg",825,575,true],"morenews-medium":["https:\/\/lanoticia507.com\/noticia\/wp-content\/uploads\/2026\/04\/WhatsApp-Image-2026-04-24-at-2.23.39-PM-590x410.jpeg",590,410,true]},"author_info":{"display_name":"lanoticia507","author_link":"https:\/\/lanoticia507.com\/noticia\/author\/c2791082\/"},"category_info":"<a href=\"https:\/\/lanoticia507.com\/noticia\/category\/actualidad-panama\/\" rel=\"category tag\">Actualidad Panam\u00e1<\/a>","tag_info":"Actualidad Panam\u00e1","comment_count":"0","_links":{"self":[{"href":"https:\/\/lanoticia507.com\/noticia\/wp-json\/wp\/v2\/posts\/2801","targetHints":{"allow":["GET"]}}],"collection":[{"href":"https:\/\/lanoticia507.com\/noticia\/wp-json\/wp\/v2\/posts"}],"about":[{"href":"https:\/\/lanoticia507.com\/noticia\/wp-json\/wp\/v2\/types\/post"}],"author":[{"embeddable":true,"href":"https:\/\/lanoticia507.com\/noticia\/wp-json\/wp\/v2\/users\/2"}],"replies":[{"embeddable":true,"href":"https:\/\/lanoticia507.com\/noticia\/wp-json\/wp\/v2\/comments?post=2801"}],"version-history":[{"count":1,"href":"https:\/\/lanoticia507.com\/noticia\/wp-json\/wp\/v2\/posts\/2801\/revisions"}],"predecessor-version":[{"id":2803,"href":"https:\/\/lanoticia507.com\/noticia\/wp-json\/wp\/v2\/posts\/2801\/revisions\/2803"}],"wp:featuredmedia":[{"embeddable":true,"href":"https:\/\/lanoticia507.com\/noticia\/wp-json\/wp\/v2\/media\/2802"}],"wp:attachment":[{"href":"https:\/\/lanoticia507.com\/noticia\/wp-json\/wp\/v2\/media?parent=2801"}],"wp:term":[{"taxonomy":"category","embeddable":true,"href":"https:\/\/lanoticia507.com\/noticia\/wp-json\/wp\/v2\/categories?post=2801"},{"taxonomy":"post_tag","embeddable":true,"href":"https:\/\/lanoticia507.com\/noticia\/wp-json\/wp\/v2\/tags?post=2801"}],"curies":[{"name":"wp","href":"https:\/\/api.w.org\/{rel}","templated":true}]}}