{"id":2807,"date":"2026-04-26T14:59:39","date_gmt":"2026-04-26T14:59:39","guid":{"rendered":"https:\/\/lanoticia507.com\/noticia\/?p=2807"},"modified":"2026-04-26T14:59:40","modified_gmt":"2026-04-26T14:59:40","slug":"mas-de-13-mil-estudiantes-se-benefician-de-inversiones-y-programas-educativos-en-los-santos","status":"publish","type":"post","link":"https:\/\/lanoticia507.com\/noticia\/mas-de-13-mil-estudiantes-se-benefician-de-inversiones-y-programas-educativos-en-los-santos\/","title":{"rendered":"M\u00e1s de 13 mil estudiantes se benefician de inversiones y programas educativos en Los Santos"},"content":{"rendered":"\n<p>El Ministerio de Educaci\u00f3n en la Regi\u00f3n Educativa de Los Santos impacta de manera directa a 13,504 estudiantes en 136 centros educativos, a trav\u00e9s de una serie de inversiones, programas de bienestar y proyectos de infraestructura que fortalecen la calidad del sistema educativo en la provincia.<\/p>\n\n\n\n<p>Durante su intervenci\u00f3n en el Consejo de Gabinete Ampliado en La Villa de Los Santos, la ministra de Educaci\u00f3n, Lucy Molinar, destac\u00f3 que se han desarrollado importantes obras en materia de infraestructura escolar.<\/p>\n\n\n\n<p>La ministra Molinar report\u00f3 al presidente de la Rep\u00fablica, Jos\u00e9 Ra\u00fal Mulino, que en el per\u00edodo 2025-2026 se culminaron proyectos en centros educativos como el Colegio Francisco I. Castillero, la Escuela El Corozal y la Escuela Carlos M. Ballesteros, con una inversi\u00f3n de B\/. 495,619, beneficiando a m\u00e1s de 1,130 estudiantes.<\/p>\n\n\n\n<p>Asimismo, se mantienen 6 proyectos para el per\u00edodo 2026-2027, con una inversi\u00f3n que supera los B\/. 13.1 millones, beneficiando a m\u00e1s de 3,067 estudiantes en planteles como el Centro Educativo Corozal y el Colegio Manuel Mar\u00eda Tejada Roca.<\/p>\n\n\n\n<p>En materia de mantenimiento, se han intervenido el 100% de los centros educativos de la regi\u00f3n en 2025, mediante 821 acciones que incluyen trabajos de pintura, electricidad, plomer\u00eda y mejoras estructurales, con una inversi\u00f3n de B\/. 278,404.<\/p>\n\n\n\n<p>Mientras que, en el componente de bienestar estudiantil, m\u00e1s de 3.1 millones de meriendas escolares han sido entregadas, asimismo el programa de almuerzos escolares beneficia a m\u00e1s de 7 mil estudiantes en 112 escuelas, con la distribuci\u00f3n de m\u00e1s de 966 mil platos de comida entre 2025 y 2026.<\/p>\n\n\n\n<p>En cuanto al fortalecimiento de la seguridad alimentaria, el Fondo Agropecuario impulsa proyectos productivos que benefician a miles de estudiantes, incluyendo siembras, producci\u00f3n av\u00edcola y ganadera, con una inversi\u00f3n de B\/. 800 mil este a\u00f1o.<\/p>\n","protected":false},"excerpt":{"rendered":"<p>El Ministerio de Educaci\u00f3n en la Regi\u00f3n Educativa de Los Santos impacta de manera directa a 13,504 estudiantes<\/p>\n","protected":false},"author":2,"featured_media":2808,"comment_status":"open","ping_status":"open","sticky":false,"template":"","format":"standard","meta":{"footnotes":""},"categories":[4],"tags":[],"class_list":["post-2807","post","type-post","status-publish","format-standard","has-post-thumbnail","hentry","category-actualidad-panama"],"yoast_head":"<!-- This site is optimized with the Yoast SEO plugin v25.2 - https:\/\/yoast.com\/wordpress\/plugins\/seo\/ -->\n<title>M\u00e1s de 13 mil estudiantes se benefician de inversiones y programas educativos en Los Santos -<\/title>\n<meta name=\"robots\" content=\"index, follow, max-snippet:-1, max-image-preview:large, max-video-preview:-1\" \/>\n<link rel=\"canonical\" href=\"https:\/\/lanoticia507.com\/noticia\/mas-de-13-mil-estudiantes-se-benefician-de-inversiones-y-programas-educativos-en-los-santos\/\" \/>\n<meta property=\"og:locale\" content=\"es_ES\" \/>\n<meta property=\"og:type\" content=\"article\" \/>\n<meta property=\"og:title\" content=\"M\u00e1s de 13 mil estudiantes se benefician de inversiones y programas educativos en Los Santos -\" \/>\n<meta property=\"og:description\" content=\"El Ministerio de Educaci\u00f3n en la Regi\u00f3n Educativa de Los Santos impacta de manera directa a 13,504 estudiantes\" \/>\n<meta property=\"og:url\" content=\"https:\/\/lanoticia507.com\/noticia\/mas-de-13-mil-estudiantes-se-benefician-de-inversiones-y-programas-educativos-en-los-santos\/\" \/>\n<meta property=\"article:published_time\" content=\"2026-04-26T14:59:39+00:00\" \/>\n<meta property=\"article:modified_time\" content=\"2026-04-26T14:59:40+00:00\" \/>\n<meta property=\"og:image\" content=\"https:\/\/lanoticia507.com\/noticia\/wp-content\/uploads\/2026\/04\/WhatsApp-Image-2026-04-24-at-6.12.28-PM-scaled.jpeg\" \/>\n\t<meta property=\"og:image:width\" content=\"2560\" \/>\n\t<meta property=\"og:image:height\" content=\"1706\" \/>\n\t<meta property=\"og:image:type\" content=\"image\/jpeg\" \/>\n<meta name=\"author\" content=\"lanoticia507\" \/>\n<meta name=\"twitter:card\" content=\"summary_large_image\" \/>\n<meta name=\"twitter:label1\" content=\"Escrito por\" \/>\n\t<meta name=\"twitter:data1\" content=\"lanoticia507\" \/>\n\t<meta name=\"twitter:label2\" content=\"Tiempo de lectura\" \/>\n\t<meta name=\"twitter:data2\" content=\"2 minutos\" \/>\n<script type=\"application\/ld+json\" class=\"yoast-schema-graph\">{\"@context\":\"https:\/\/schema.org\",\"@graph\":[{\"@type\":\"Article\",\"@id\":\"https:\/\/lanoticia507.com\/noticia\/mas-de-13-mil-estudiantes-se-benefician-de-inversiones-y-programas-educativos-en-los-santos\/#article\",\"isPartOf\":{\"@id\":\"https:\/\/lanoticia507.com\/noticia\/mas-de-13-mil-estudiantes-se-benefician-de-inversiones-y-programas-educativos-en-los-santos\/\"},\"author\":{\"name\":\"lanoticia507\",\"@id\":\"https:\/\/lanoticia507.com\/noticia\/#\/schema\/person\/ef09ab363a6586838f4fe9d2ba0f2f8b\"},\"headline\":\"M\u00e1s de 13 mil estudiantes se benefician de inversiones y programas educativos en Los Santos\",\"datePublished\":\"2026-04-26T14:59:39+00:00\",\"dateModified\":\"2026-04-26T14:59:40+00:00\",\"mainEntityOfPage\":{\"@id\":\"https:\/\/lanoticia507.com\/noticia\/mas-de-13-mil-estudiantes-se-benefician-de-inversiones-y-programas-educativos-en-los-santos\/\"},\"wordCount\":311,\"commentCount\":0,\"publisher\":{\"@id\":\"https:\/\/lanoticia507.com\/noticia\/#organization\"},\"image\":{\"@id\":\"https:\/\/lanoticia507.com\/noticia\/mas-de-13-mil-estudiantes-se-benefician-de-inversiones-y-programas-educativos-en-los-santos\/#primaryimage\"},\"thumbnailUrl\":\"https:\/\/lanoticia507.com\/noticia\/wp-content\/uploads\/2026\/04\/WhatsApp-Image-2026-04-24-at-6.12.28-PM-scaled.jpeg\",\"articleSection\":[\"Actualidad Panam\u00e1\"],\"inLanguage\":\"es\",\"potentialAction\":[{\"@type\":\"CommentAction\",\"name\":\"Comment\",\"target\":[\"https:\/\/lanoticia507.com\/noticia\/mas-de-13-mil-estudiantes-se-benefician-de-inversiones-y-programas-educativos-en-los-santos\/#respond\"]}]},{\"@type\":\"WebPage\",\"@id\":\"https:\/\/lanoticia507.com\/noticia\/mas-de-13-mil-estudiantes-se-benefician-de-inversiones-y-programas-educativos-en-los-santos\/\",\"url\":\"https:\/\/lanoticia507.com\/noticia\/mas-de-13-mil-estudiantes-se-benefician-de-inversiones-y-programas-educativos-en-los-santos\/\",\"name\":\"M\u00e1s de 13 mil estudiantes se benefician de inversiones y programas educativos en Los Santos -\",\"isPartOf\":{\"@id\":\"https:\/\/lanoticia507.com\/noticia\/#website\"},\"primaryImageOfPage\":{\"@id\":\"https:\/\/lanoticia507.com\/noticia\/mas-de-13-mil-estudiantes-se-benefician-de-inversiones-y-programas-educativos-en-los-santos\/#primaryimage\"},\"image\":{\"@id\":\"https:\/\/lanoticia507.com\/noticia\/mas-de-13-mil-estudiantes-se-benefician-de-inversiones-y-programas-educativos-en-los-santos\/#primaryimage\"},\"thumbnailUrl\":\"https:\/\/lanoticia507.com\/noticia\/wp-content\/uploads\/2026\/04\/WhatsApp-Image-2026-04-24-at-6.12.28-PM-scaled.jpeg\",\"datePublished\":\"2026-04-26T14:59:39+00:00\",\"dateModified\":\"2026-04-26T14:59:40+00:00\",\"breadcrumb\":{\"@id\":\"https:\/\/lanoticia507.com\/noticia\/mas-de-13-mil-estudiantes-se-benefician-de-inversiones-y-programas-educativos-en-los-santos\/#breadcrumb\"},\"inLanguage\":\"es\",\"potentialAction\":[{\"@type\":\"ReadAction\",\"target\":[\"https:\/\/lanoticia507.com\/noticia\/mas-de-13-mil-estudiantes-se-benefician-de-inversiones-y-programas-educativos-en-los-santos\/\"]}]},{\"@type\":\"ImageObject\",\"inLanguage\":\"es\",\"@id\":\"https:\/\/lanoticia507.com\/noticia\/mas-de-13-mil-estudiantes-se-benefician-de-inversiones-y-programas-educativos-en-los-santos\/#primaryimage\",\"url\":\"https:\/\/lanoticia507.com\/noticia\/wp-content\/uploads\/2026\/04\/WhatsApp-Image-2026-04-24-at-6.12.28-PM-scaled.jpeg\",\"contentUrl\":\"https:\/\/lanoticia507.com\/noticia\/wp-content\/uploads\/2026\/04\/WhatsApp-Image-2026-04-24-at-6.12.28-PM-scaled.jpeg\",\"width\":2560,\"height\":1706},{\"@type\":\"BreadcrumbList\",\"@id\":\"https:\/\/lanoticia507.com\/noticia\/mas-de-13-mil-estudiantes-se-benefician-de-inversiones-y-programas-educativos-en-los-santos\/#breadcrumb\",\"itemListElement\":[{\"@type\":\"ListItem\",\"position\":1,\"name\":\"Portada\",\"item\":\"https:\/\/lanoticia507.com\/noticia\/\"},{\"@type\":\"ListItem\",\"position\":2,\"name\":\"M\u00e1s de 13 mil estudiantes se benefician de inversiones y programas educativos en Los Santos\"}]},{\"@type\":\"WebSite\",\"@id\":\"https:\/\/lanoticia507.com\/noticia\/#website\",\"url\":\"https:\/\/lanoticia507.com\/noticia\/\",\"name\":\"Noticias de Panam\u00e1 | \u00daltimas noticias de Panam\u00e1 | La Noticia 507\",\"description\":\"\",\"publisher\":{\"@id\":\"https:\/\/lanoticia507.com\/noticia\/#organization\"},\"potentialAction\":[{\"@type\":\"SearchAction\",\"target\":{\"@type\":\"EntryPoint\",\"urlTemplate\":\"https:\/\/lanoticia507.com\/noticia\/?s={search_term_string}\"},\"query-input\":{\"@type\":\"PropertyValueSpecification\",\"valueRequired\":true,\"valueName\":\"search_term_string\"}}],\"inLanguage\":\"es\"},{\"@type\":\"Organization\",\"@id\":\"https:\/\/lanoticia507.com\/noticia\/#organization\",\"name\":\"Noticias de Panam\u00e1 | \u00daltimas noticias de Panam\u00e1 | La Noticia 507\",\"url\":\"https:\/\/lanoticia507.com\/noticia\/\",\"logo\":{\"@type\":\"ImageObject\",\"inLanguage\":\"es\",\"@id\":\"https:\/\/lanoticia507.com\/noticia\/#\/schema\/logo\/image\/\",\"url\":\"https:\/\/lanoticia507.com\/noticia\/wp-content\/uploads\/2025\/04\/logo-la-noticia-507-150-sombra.png\",\"contentUrl\":\"https:\/\/lanoticia507.com\/noticia\/wp-content\/uploads\/2025\/04\/logo-la-noticia-507-150-sombra.png\",\"width\":170,\"height\":170,\"caption\":\"Noticias de Panam\u00e1 | \u00daltimas noticias de Panam\u00e1 | La Noticia 507\"},\"image\":{\"@id\":\"https:\/\/lanoticia507.com\/noticia\/#\/schema\/logo\/image\/\"},\"sameAs\":[\"https:\/\/www.instagram.com\/lanoticia507\",\"https:\/\/www.tiktok.com\/@lanoticia507\"]},{\"@type\":\"Person\",\"@id\":\"https:\/\/lanoticia507.com\/noticia\/#\/schema\/person\/ef09ab363a6586838f4fe9d2ba0f2f8b\",\"name\":\"lanoticia507\",\"image\":{\"@type\":\"ImageObject\",\"inLanguage\":\"es\",\"@id\":\"https:\/\/lanoticia507.com\/noticia\/#\/schema\/person\/image\/\",\"url\":\"https:\/\/secure.gravatar.com\/avatar\/e1934cbec687ee9715cc234eb1a6c727dfe980db8f0b92ad6e6bbb395ff2c52b?s=96&d=mm&r=g\",\"contentUrl\":\"https:\/\/secure.gravatar.com\/avatar\/e1934cbec687ee9715cc234eb1a6c727dfe980db8f0b92ad6e6bbb395ff2c52b?s=96&d=mm&r=g\",\"caption\":\"lanoticia507\"},\"url\":\"https:\/\/lanoticia507.com\/noticia\/author\/c2791082\/\"}]}<\/script>\n<!-- \/ Yoast SEO plugin. -->","yoast_head_json":{"title":"M\u00e1s de 13 mil estudiantes se benefician de inversiones y programas educativos en Los Santos -","robots":{"index":"index","follow":"follow","max-snippet":"max-snippet:-1","max-image-preview":"max-image-preview:large","max-video-preview":"max-video-preview:-1"},"canonical":"https:\/\/lanoticia507.com\/noticia\/mas-de-13-mil-estudiantes-se-benefician-de-inversiones-y-programas-educativos-en-los-santos\/","og_locale":"es_ES","og_type":"article","og_title":"M\u00e1s de 13 mil estudiantes se benefician de inversiones y programas educativos en Los Santos -","og_description":"El Ministerio de Educaci\u00f3n en la Regi\u00f3n Educativa de Los Santos impacta de manera directa a 13,504 estudiantes","og_url":"https:\/\/lanoticia507.com\/noticia\/mas-de-13-mil-estudiantes-se-benefician-de-inversiones-y-programas-educativos-en-los-santos\/","article_published_time":"2026-04-26T14:59:39+00:00","article_modified_time":"2026-04-26T14:59:40+00:00","og_image":[{"width":2560,"height":1706,"url":"https:\/\/lanoticia507.com\/noticia\/wp-content\/uploads\/2026\/04\/WhatsApp-Image-2026-04-24-at-6.12.28-PM-scaled.jpeg","type":"image\/jpeg"}],"author":"lanoticia507","twitter_card":"summary_large_image","twitter_misc":{"Escrito por":"lanoticia507","Tiempo de lectura":"2 minutos"},"schema":{"@context":"https:\/\/schema.org","@graph":[{"@type":"Article","@id":"https:\/\/lanoticia507.com\/noticia\/mas-de-13-mil-estudiantes-se-benefician-de-inversiones-y-programas-educativos-en-los-santos\/#article","isPartOf":{"@id":"https:\/\/lanoticia507.com\/noticia\/mas-de-13-mil-estudiantes-se-benefician-de-inversiones-y-programas-educativos-en-los-santos\/"},"author":{"name":"lanoticia507","@id":"https:\/\/lanoticia507.com\/noticia\/#\/schema\/person\/ef09ab363a6586838f4fe9d2ba0f2f8b"},"headline":"M\u00e1s de 13 mil estudiantes se benefician de inversiones y programas educativos en Los Santos","datePublished":"2026-04-26T14:59:39+00:00","dateModified":"2026-04-26T14:59:40+00:00","mainEntityOfPage":{"@id":"https:\/\/lanoticia507.com\/noticia\/mas-de-13-mil-estudiantes-se-benefician-de-inversiones-y-programas-educativos-en-los-santos\/"},"wordCount":311,"commentCount":0,"publisher":{"@id":"https:\/\/lanoticia507.com\/noticia\/#organization"},"image":{"@id":"https:\/\/lanoticia507.com\/noticia\/mas-de-13-mil-estudiantes-se-benefician-de-inversiones-y-programas-educativos-en-los-santos\/#primaryimage"},"thumbnailUrl":"https:\/\/lanoticia507.com\/noticia\/wp-content\/uploads\/2026\/04\/WhatsApp-Image-2026-04-24-at-6.12.28-PM-scaled.jpeg","articleSection":["Actualidad Panam\u00e1"],"inLanguage":"es","potentialAction":[{"@type":"CommentAction","name":"Comment","target":["https:\/\/lanoticia507.com\/noticia\/mas-de-13-mil-estudiantes-se-benefician-de-inversiones-y-programas-educativos-en-los-santos\/#respond"]}]},{"@type":"WebPage","@id":"https:\/\/lanoticia507.com\/noticia\/mas-de-13-mil-estudiantes-se-benefician-de-inversiones-y-programas-educativos-en-los-santos\/","url":"https:\/\/lanoticia507.com\/noticia\/mas-de-13-mil-estudiantes-se-benefician-de-inversiones-y-programas-educativos-en-los-santos\/","name":"M\u00e1s de 13 mil estudiantes se benefician de inversiones y programas educativos en Los Santos -","isPartOf":{"@id":"https:\/\/lanoticia507.com\/noticia\/#website"},"primaryImageOfPage":{"@id":"https:\/\/lanoticia507.com\/noticia\/mas-de-13-mil-estudiantes-se-benefician-de-inversiones-y-programas-educativos-en-los-santos\/#primaryimage"},"image":{"@id":"https:\/\/lanoticia507.com\/noticia\/mas-de-13-mil-estudiantes-se-benefician-de-inversiones-y-programas-educativos-en-los-santos\/#primaryimage"},"thumbnailUrl":"https:\/\/lanoticia507.com\/noticia\/wp-content\/uploads\/2026\/04\/WhatsApp-Image-2026-04-24-at-6.12.28-PM-scaled.jpeg","datePublished":"2026-04-26T14:59:39+00:00","dateModified":"2026-04-26T14:59:40+00:00","breadcrumb":{"@id":"https:\/\/lanoticia507.com\/noticia\/mas-de-13-mil-estudiantes-se-benefician-de-inversiones-y-programas-educativos-en-los-santos\/#breadcrumb"},"inLanguage":"es","potentialAction":[{"@type":"ReadAction","target":["https:\/\/lanoticia507.com\/noticia\/mas-de-13-mil-estudiantes-se-benefician-de-inversiones-y-programas-educativos-en-los-santos\/"]}]},{"@type":"ImageObject","inLanguage":"es","@id":"https:\/\/lanoticia507.com\/noticia\/mas-de-13-mil-estudiantes-se-benefician-de-inversiones-y-programas-educativos-en-los-santos\/#primaryimage","url":"https:\/\/lanoticia507.com\/noticia\/wp-content\/uploads\/2026\/04\/WhatsApp-Image-2026-04-24-at-6.12.28-PM-scaled.jpeg","contentUrl":"https:\/\/lanoticia507.com\/noticia\/wp-content\/uploads\/2026\/04\/WhatsApp-Image-2026-04-24-at-6.12.28-PM-scaled.jpeg","width":2560,"height":1706},{"@type":"BreadcrumbList","@id":"https:\/\/lanoticia507.com\/noticia\/mas-de-13-mil-estudiantes-se-benefician-de-inversiones-y-programas-educativos-en-los-santos\/#breadcrumb","itemListElement":[{"@type":"ListItem","position":1,"name":"Portada","item":"https:\/\/lanoticia507.com\/noticia\/"},{"@type":"ListItem","position":2,"name":"M\u00e1s de 13 mil estudiantes se benefician de inversiones y programas educativos en Los Santos"}]},{"@type":"WebSite","@id":"https:\/\/lanoticia507.com\/noticia\/#website","url":"https:\/\/lanoticia507.com\/noticia\/","name":"Noticias de Panam\u00e1 | \u00daltimas noticias de Panam\u00e1 | La Noticia 507","description":"","publisher":{"@id":"https:\/\/lanoticia507.com\/noticia\/#organization"},"potentialAction":[{"@type":"SearchAction","target":{"@type":"EntryPoint","urlTemplate":"https:\/\/lanoticia507.com\/noticia\/?s={search_term_string}"},"query-input":{"@type":"PropertyValueSpecification","valueRequired":true,"valueName":"search_term_string"}}],"inLanguage":"es"},{"@type":"Organization","@id":"https:\/\/lanoticia507.com\/noticia\/#organization","name":"Noticias de Panam\u00e1 | \u00daltimas noticias de Panam\u00e1 | La Noticia 507","url":"https:\/\/lanoticia507.com\/noticia\/","logo":{"@type":"ImageObject","inLanguage":"es","@id":"https:\/\/lanoticia507.com\/noticia\/#\/schema\/logo\/image\/","url":"https:\/\/lanoticia507.com\/noticia\/wp-content\/uploads\/2025\/04\/logo-la-noticia-507-150-sombra.png","contentUrl":"https:\/\/lanoticia507.com\/noticia\/wp-content\/uploads\/2025\/04\/logo-la-noticia-507-150-sombra.png","width":170,"height":170,"caption":"Noticias de Panam\u00e1 | \u00daltimas noticias de Panam\u00e1 | La Noticia 507"},"image":{"@id":"https:\/\/lanoticia507.com\/noticia\/#\/schema\/logo\/image\/"},"sameAs":["https:\/\/www.instagram.com\/lanoticia507","https:\/\/www.tiktok.com\/@lanoticia507"]},{"@type":"Person","@id":"https:\/\/lanoticia507.com\/noticia\/#\/schema\/person\/ef09ab363a6586838f4fe9d2ba0f2f8b","name":"lanoticia507","image":{"@type":"ImageObject","inLanguage":"es","@id":"https:\/\/lanoticia507.com\/noticia\/#\/schema\/person\/image\/","url":"https:\/\/secure.gravatar.com\/avatar\/e1934cbec687ee9715cc234eb1a6c727dfe980db8f0b92ad6e6bbb395ff2c52b?s=96&d=mm&r=g","contentUrl":"https:\/\/secure.gravatar.com\/avatar\/e1934cbec687ee9715cc234eb1a6c727dfe980db8f0b92ad6e6bbb395ff2c52b?s=96&d=mm&r=g","caption":"lanoticia507"},"url":"https:\/\/lanoticia507.com\/noticia\/author\/c2791082\/"}]}},"featured_image_urls":{"full":["https:\/\/lanoticia507.com\/noticia\/wp-content\/uploads\/2026\/04\/WhatsApp-Image-2026-04-24-at-6.12.28-PM-scaled.jpeg",2560,1706,false],"thumbnail":["https:\/\/lanoticia507.com\/noticia\/wp-content\/uploads\/2026\/04\/WhatsApp-Image-2026-04-24-at-6.12.28-PM-150x150.jpeg",150,150,true],"medium":["https:\/\/lanoticia507.com\/noticia\/wp-content\/uploads\/2026\/04\/WhatsApp-Image-2026-04-24-at-6.12.28-PM-300x200.jpeg",300,200,true],"medium_large":["https:\/\/lanoticia507.com\/noticia\/wp-content\/uploads\/2026\/04\/WhatsApp-Image-2026-04-24-at-6.12.28-PM-768x512.jpeg",640,427,true],"large":["https:\/\/lanoticia507.com\/noticia\/wp-content\/uploads\/2026\/04\/WhatsApp-Image-2026-04-24-at-6.12.28-PM-1024x683.jpeg",640,427,true],"1536x1536":["https:\/\/lanoticia507.com\/noticia\/wp-content\/uploads\/2026\/04\/WhatsApp-Image-2026-04-24-at-6.12.28-PM-1536x1024.jpeg",1536,1024,true],"2048x2048":["https:\/\/lanoticia507.com\/noticia\/wp-content\/uploads\/2026\/04\/WhatsApp-Image-2026-04-24-at-6.12.28-PM-2048x1365.jpeg",2048,1365,true],"morenews-featured":["https:\/\/lanoticia507.com\/noticia\/wp-content\/uploads\/2026\/04\/WhatsApp-Image-2026-04-24-at-6.12.28-PM-1024x683.jpeg",1024,683,true],"morenews-large":["https:\/\/lanoticia507.com\/noticia\/wp-content\/uploads\/2026\/04\/WhatsApp-Image-2026-04-24-at-6.12.28-PM-825x575.jpeg",825,575,true],"morenews-medium":["https:\/\/lanoticia507.com\/noticia\/wp-content\/uploads\/2026\/04\/WhatsApp-Image-2026-04-24-at-6.12.28-PM-590x410.jpeg",590,410,true]},"author_info":{"display_name":"lanoticia507","author_link":"https:\/\/lanoticia507.com\/noticia\/author\/c2791082\/"},"category_info":"<a href=\"https:\/\/lanoticia507.com\/noticia\/category\/actualidad-panama\/\" rel=\"category tag\">Actualidad Panam\u00e1<\/a>","tag_info":"Actualidad Panam\u00e1","comment_count":"0","_links":{"self":[{"href":"https:\/\/lanoticia507.com\/noticia\/wp-json\/wp\/v2\/posts\/2807","targetHints":{"allow":["GET"]}}],"collection":[{"href":"https:\/\/lanoticia507.com\/noticia\/wp-json\/wp\/v2\/posts"}],"about":[{"href":"https:\/\/lanoticia507.com\/noticia\/wp-json\/wp\/v2\/types\/post"}],"author":[{"embeddable":true,"href":"https:\/\/lanoticia507.com\/noticia\/wp-json\/wp\/v2\/users\/2"}],"replies":[{"embeddable":true,"href":"https:\/\/lanoticia507.com\/noticia\/wp-json\/wp\/v2\/comments?post=2807"}],"version-history":[{"count":1,"href":"https:\/\/lanoticia507.com\/noticia\/wp-json\/wp\/v2\/posts\/2807\/revisions"}],"predecessor-version":[{"id":2809,"href":"https:\/\/lanoticia507.com\/noticia\/wp-json\/wp\/v2\/posts\/2807\/revisions\/2809"}],"wp:featuredmedia":[{"embeddable":true,"href":"https:\/\/lanoticia507.com\/noticia\/wp-json\/wp\/v2\/media\/2808"}],"wp:attachment":[{"href":"https:\/\/lanoticia507.com\/noticia\/wp-json\/wp\/v2\/media?parent=2807"}],"wp:term":[{"taxonomy":"category","embeddable":true,"href":"https:\/\/lanoticia507.com\/noticia\/wp-json\/wp\/v2\/categories?post=2807"},{"taxonomy":"post_tag","embeddable":true,"href":"https:\/\/lanoticia507.com\/noticia\/wp-json\/wp\/v2\/tags?post=2807"}],"curies":[{"name":"wp","href":"https:\/\/api.w.org\/{rel}","templated":true}]}}