{"id":2810,"date":"2026-04-26T15:01:58","date_gmt":"2026-04-26T15:01:58","guid":{"rendered":"https:\/\/lanoticia507.com\/noticia\/?p=2810"},"modified":"2026-04-26T15:01:59","modified_gmt":"2026-04-26T15:01:59","slug":"cuatro-victimas-fatales-en-accidente-de-transito-en-coloncito-chame","status":"publish","type":"post","link":"https:\/\/lanoticia507.com\/noticia\/cuatro-victimas-fatales-en-accidente-de-transito-en-coloncito-chame\/","title":{"rendered":"CUATRO V\u00cdCTIMAS FATALES EN ACCIDENTE DE TR\u00c1NSITO EN COLONCITO, CHAME"},"content":{"rendered":"\n<p>Un tr\u00e1gico accidente de tr\u00e1nsito se registr\u00f3 en el sector de Coloncito, distrito de Chame, tras la colisi\u00f3n entre un autob\u00fas y un veh\u00edculo tipo sed\u00e1n, dejando como resultado v\u00edctimas fatales y varias personas heridas.<\/p>\n\n\n\n<p>De acuerdo con los reportes preliminares, ocho personas que viajaban en el autob\u00fas resultaron heridas. Las mismas fueron atendidas en el lugar por unidades de emergencia y trasladadas a centros m\u00e9dicos cercanos, donde se mantienen en condici\u00f3n estable.<\/p>\n\n\n\n<p>Lamentablemente, de los cinco ocupantes del veh\u00edculo sed\u00e1n, cuatro, todos adultos, fallecieron en el sitio del suceso producto del fuerte impacto, mientras que el quinto ocupante fue trasladado para recibir atenci\u00f3n m\u00e9dica.<\/p>\n\n\n\n<p>Unidades de emergencia de los distritos de Chame y San Carlos acudieron de manera inmediata para brindar atenci\u00f3n prehospitalaria, asegurar el \u00e1rea y coordinar las labores de respuesta. Asimismo, personal de tr\u00e1nsito se present\u00f3 en el lugar para iniciar las investigaciones correspondientes y regular la circulaci\u00f3n vehicular.<\/p>\n\n\n\n<p>Las autoridades competentes mantienen el proceso de levantamiento de informaci\u00f3n con el objetivo de determinar las causas de este hecho.<\/p>\n\n\n\n<p>El Benem\u00e9rito Cuerpo de Bomberos de la Rep\u00fablica de Panam\u00e1 reitera a la ciudadan\u00eda la importancia de conducir con responsabilidad, respetar las normas de tr\u00e1nsito y mantener la atenci\u00f3n en la v\u00eda para prevenir accidentes que puedan poner en riesgo la vida.<\/p>\n","protected":false},"excerpt":{"rendered":"<p>Un tr\u00e1gico accidente de tr\u00e1nsito se registr\u00f3 en el sector de Coloncito, distrito de Chame, tras la colisi\u00f3n<\/p>\n","protected":false},"author":2,"featured_media":2811,"comment_status":"open","ping_status":"open","sticky":false,"template":"","format":"standard","meta":{"footnotes":""},"categories":[5],"tags":[],"class_list":["post-2810","post","type-post","status-publish","format-standard","has-post-thumbnail","hentry","category-sucesos"],"yoast_head":"<!-- This site is optimized with the Yoast SEO plugin v25.2 - https:\/\/yoast.com\/wordpress\/plugins\/seo\/ -->\n<title>CUATRO V\u00cdCTIMAS FATALES EN ACCIDENTE DE TR\u00c1NSITO EN COLONCITO, CHAME -<\/title>\n<meta name=\"robots\" content=\"index, follow, max-snippet:-1, max-image-preview:large, max-video-preview:-1\" \/>\n<link rel=\"canonical\" href=\"https:\/\/lanoticia507.com\/noticia\/cuatro-victimas-fatales-en-accidente-de-transito-en-coloncito-chame\/\" \/>\n<meta property=\"og:locale\" content=\"es_ES\" \/>\n<meta property=\"og:type\" content=\"article\" \/>\n<meta property=\"og:title\" content=\"CUATRO V\u00cdCTIMAS FATALES EN ACCIDENTE DE TR\u00c1NSITO EN COLONCITO, CHAME -\" \/>\n<meta property=\"og:description\" content=\"Un tr\u00e1gico accidente de tr\u00e1nsito se registr\u00f3 en el sector de Coloncito, distrito de Chame, tras la colisi\u00f3n\" \/>\n<meta property=\"og:url\" content=\"https:\/\/lanoticia507.com\/noticia\/cuatro-victimas-fatales-en-accidente-de-transito-en-coloncito-chame\/\" \/>\n<meta property=\"article:published_time\" content=\"2026-04-26T15:01:58+00:00\" \/>\n<meta property=\"article:modified_time\" content=\"2026-04-26T15:01:59+00:00\" \/>\n<meta property=\"og:image\" content=\"https:\/\/lanoticia507.com\/noticia\/wp-content\/uploads\/2026\/04\/WhatsApp-Image-2026-04-25-at-6.28.40-PM.jpeg\" \/>\n\t<meta property=\"og:image:width\" content=\"899\" \/>\n\t<meta property=\"og:image:height\" content=\"1599\" \/>\n\t<meta property=\"og:image:type\" content=\"image\/jpeg\" \/>\n<meta name=\"author\" content=\"lanoticia507\" \/>\n<meta name=\"twitter:card\" content=\"summary_large_image\" \/>\n<meta name=\"twitter:label1\" content=\"Escrito por\" \/>\n\t<meta name=\"twitter:data1\" content=\"lanoticia507\" \/>\n\t<meta name=\"twitter:label2\" content=\"Tiempo de lectura\" \/>\n\t<meta name=\"twitter:data2\" content=\"2 minutos\" \/>\n<script type=\"application\/ld+json\" class=\"yoast-schema-graph\">{\"@context\":\"https:\/\/schema.org\",\"@graph\":[{\"@type\":\"Article\",\"@id\":\"https:\/\/lanoticia507.com\/noticia\/cuatro-victimas-fatales-en-accidente-de-transito-en-coloncito-chame\/#article\",\"isPartOf\":{\"@id\":\"https:\/\/lanoticia507.com\/noticia\/cuatro-victimas-fatales-en-accidente-de-transito-en-coloncito-chame\/\"},\"author\":{\"name\":\"lanoticia507\",\"@id\":\"https:\/\/lanoticia507.com\/noticia\/#\/schema\/person\/ef09ab363a6586838f4fe9d2ba0f2f8b\"},\"headline\":\"CUATRO V\u00cdCTIMAS FATALES EN ACCIDENTE DE TR\u00c1NSITO EN COLONCITO, CHAME\",\"datePublished\":\"2026-04-26T15:01:58+00:00\",\"dateModified\":\"2026-04-26T15:01:59+00:00\",\"mainEntityOfPage\":{\"@id\":\"https:\/\/lanoticia507.com\/noticia\/cuatro-victimas-fatales-en-accidente-de-transito-en-coloncito-chame\/\"},\"wordCount\":250,\"commentCount\":0,\"publisher\":{\"@id\":\"https:\/\/lanoticia507.com\/noticia\/#organization\"},\"image\":{\"@id\":\"https:\/\/lanoticia507.com\/noticia\/cuatro-victimas-fatales-en-accidente-de-transito-en-coloncito-chame\/#primaryimage\"},\"thumbnailUrl\":\"https:\/\/lanoticia507.com\/noticia\/wp-content\/uploads\/2026\/04\/WhatsApp-Image-2026-04-25-at-6.28.40-PM.jpeg\",\"articleSection\":[\"Sucesos\"],\"inLanguage\":\"es\",\"potentialAction\":[{\"@type\":\"CommentAction\",\"name\":\"Comment\",\"target\":[\"https:\/\/lanoticia507.com\/noticia\/cuatro-victimas-fatales-en-accidente-de-transito-en-coloncito-chame\/#respond\"]}]},{\"@type\":\"WebPage\",\"@id\":\"https:\/\/lanoticia507.com\/noticia\/cuatro-victimas-fatales-en-accidente-de-transito-en-coloncito-chame\/\",\"url\":\"https:\/\/lanoticia507.com\/noticia\/cuatro-victimas-fatales-en-accidente-de-transito-en-coloncito-chame\/\",\"name\":\"CUATRO V\u00cdCTIMAS FATALES EN ACCIDENTE DE TR\u00c1NSITO EN COLONCITO, CHAME -\",\"isPartOf\":{\"@id\":\"https:\/\/lanoticia507.com\/noticia\/#website\"},\"primaryImageOfPage\":{\"@id\":\"https:\/\/lanoticia507.com\/noticia\/cuatro-victimas-fatales-en-accidente-de-transito-en-coloncito-chame\/#primaryimage\"},\"image\":{\"@id\":\"https:\/\/lanoticia507.com\/noticia\/cuatro-victimas-fatales-en-accidente-de-transito-en-coloncito-chame\/#primaryimage\"},\"thumbnailUrl\":\"https:\/\/lanoticia507.com\/noticia\/wp-content\/uploads\/2026\/04\/WhatsApp-Image-2026-04-25-at-6.28.40-PM.jpeg\",\"datePublished\":\"2026-04-26T15:01:58+00:00\",\"dateModified\":\"2026-04-26T15:01:59+00:00\",\"breadcrumb\":{\"@id\":\"https:\/\/lanoticia507.com\/noticia\/cuatro-victimas-fatales-en-accidente-de-transito-en-coloncito-chame\/#breadcrumb\"},\"inLanguage\":\"es\",\"potentialAction\":[{\"@type\":\"ReadAction\",\"target\":[\"https:\/\/lanoticia507.com\/noticia\/cuatro-victimas-fatales-en-accidente-de-transito-en-coloncito-chame\/\"]}]},{\"@type\":\"ImageObject\",\"inLanguage\":\"es\",\"@id\":\"https:\/\/lanoticia507.com\/noticia\/cuatro-victimas-fatales-en-accidente-de-transito-en-coloncito-chame\/#primaryimage\",\"url\":\"https:\/\/lanoticia507.com\/noticia\/wp-content\/uploads\/2026\/04\/WhatsApp-Image-2026-04-25-at-6.28.40-PM.jpeg\",\"contentUrl\":\"https:\/\/lanoticia507.com\/noticia\/wp-content\/uploads\/2026\/04\/WhatsApp-Image-2026-04-25-at-6.28.40-PM.jpeg\",\"width\":899,\"height\":1599},{\"@type\":\"BreadcrumbList\",\"@id\":\"https:\/\/lanoticia507.com\/noticia\/cuatro-victimas-fatales-en-accidente-de-transito-en-coloncito-chame\/#breadcrumb\",\"itemListElement\":[{\"@type\":\"ListItem\",\"position\":1,\"name\":\"Portada\",\"item\":\"https:\/\/lanoticia507.com\/noticia\/\"},{\"@type\":\"ListItem\",\"position\":2,\"name\":\"CUATRO V\u00cdCTIMAS FATALES EN ACCIDENTE DE TR\u00c1NSITO EN COLONCITO, CHAME\"}]},{\"@type\":\"WebSite\",\"@id\":\"https:\/\/lanoticia507.com\/noticia\/#website\",\"url\":\"https:\/\/lanoticia507.com\/noticia\/\",\"name\":\"Noticias de Panam\u00e1 | \u00daltimas noticias de Panam\u00e1 | La Noticia 507\",\"description\":\"\",\"publisher\":{\"@id\":\"https:\/\/lanoticia507.com\/noticia\/#organization\"},\"potentialAction\":[{\"@type\":\"SearchAction\",\"target\":{\"@type\":\"EntryPoint\",\"urlTemplate\":\"https:\/\/lanoticia507.com\/noticia\/?s={search_term_string}\"},\"query-input\":{\"@type\":\"PropertyValueSpecification\",\"valueRequired\":true,\"valueName\":\"search_term_string\"}}],\"inLanguage\":\"es\"},{\"@type\":\"Organization\",\"@id\":\"https:\/\/lanoticia507.com\/noticia\/#organization\",\"name\":\"Noticias de Panam\u00e1 | \u00daltimas noticias de Panam\u00e1 | La Noticia 507\",\"url\":\"https:\/\/lanoticia507.com\/noticia\/\",\"logo\":{\"@type\":\"ImageObject\",\"inLanguage\":\"es\",\"@id\":\"https:\/\/lanoticia507.com\/noticia\/#\/schema\/logo\/image\/\",\"url\":\"https:\/\/lanoticia507.com\/noticia\/wp-content\/uploads\/2025\/04\/logo-la-noticia-507-150-sombra.png\",\"contentUrl\":\"https:\/\/lanoticia507.com\/noticia\/wp-content\/uploads\/2025\/04\/logo-la-noticia-507-150-sombra.png\",\"width\":170,\"height\":170,\"caption\":\"Noticias de Panam\u00e1 | \u00daltimas noticias de Panam\u00e1 | La Noticia 507\"},\"image\":{\"@id\":\"https:\/\/lanoticia507.com\/noticia\/#\/schema\/logo\/image\/\"},\"sameAs\":[\"https:\/\/www.instagram.com\/lanoticia507\",\"https:\/\/www.tiktok.com\/@lanoticia507\"]},{\"@type\":\"Person\",\"@id\":\"https:\/\/lanoticia507.com\/noticia\/#\/schema\/person\/ef09ab363a6586838f4fe9d2ba0f2f8b\",\"name\":\"lanoticia507\",\"image\":{\"@type\":\"ImageObject\",\"inLanguage\":\"es\",\"@id\":\"https:\/\/lanoticia507.com\/noticia\/#\/schema\/person\/image\/\",\"url\":\"https:\/\/secure.gravatar.com\/avatar\/e1934cbec687ee9715cc234eb1a6c727dfe980db8f0b92ad6e6bbb395ff2c52b?s=96&d=mm&r=g\",\"contentUrl\":\"https:\/\/secure.gravatar.com\/avatar\/e1934cbec687ee9715cc234eb1a6c727dfe980db8f0b92ad6e6bbb395ff2c52b?s=96&d=mm&r=g\",\"caption\":\"lanoticia507\"},\"url\":\"https:\/\/lanoticia507.com\/noticia\/author\/c2791082\/\"}]}<\/script>\n<!-- \/ Yoast SEO plugin. -->","yoast_head_json":{"title":"CUATRO V\u00cdCTIMAS FATALES EN ACCIDENTE DE TR\u00c1NSITO EN COLONCITO, CHAME -","robots":{"index":"index","follow":"follow","max-snippet":"max-snippet:-1","max-image-preview":"max-image-preview:large","max-video-preview":"max-video-preview:-1"},"canonical":"https:\/\/lanoticia507.com\/noticia\/cuatro-victimas-fatales-en-accidente-de-transito-en-coloncito-chame\/","og_locale":"es_ES","og_type":"article","og_title":"CUATRO V\u00cdCTIMAS FATALES EN ACCIDENTE DE TR\u00c1NSITO EN COLONCITO, CHAME -","og_description":"Un tr\u00e1gico accidente de tr\u00e1nsito se registr\u00f3 en el sector de Coloncito, distrito de Chame, tras la colisi\u00f3n","og_url":"https:\/\/lanoticia507.com\/noticia\/cuatro-victimas-fatales-en-accidente-de-transito-en-coloncito-chame\/","article_published_time":"2026-04-26T15:01:58+00:00","article_modified_time":"2026-04-26T15:01:59+00:00","og_image":[{"width":899,"height":1599,"url":"https:\/\/lanoticia507.com\/noticia\/wp-content\/uploads\/2026\/04\/WhatsApp-Image-2026-04-25-at-6.28.40-PM.jpeg","type":"image\/jpeg"}],"author":"lanoticia507","twitter_card":"summary_large_image","twitter_misc":{"Escrito por":"lanoticia507","Tiempo de lectura":"2 minutos"},"schema":{"@context":"https:\/\/schema.org","@graph":[{"@type":"Article","@id":"https:\/\/lanoticia507.com\/noticia\/cuatro-victimas-fatales-en-accidente-de-transito-en-coloncito-chame\/#article","isPartOf":{"@id":"https:\/\/lanoticia507.com\/noticia\/cuatro-victimas-fatales-en-accidente-de-transito-en-coloncito-chame\/"},"author":{"name":"lanoticia507","@id":"https:\/\/lanoticia507.com\/noticia\/#\/schema\/person\/ef09ab363a6586838f4fe9d2ba0f2f8b"},"headline":"CUATRO V\u00cdCTIMAS FATALES EN ACCIDENTE DE TR\u00c1NSITO EN COLONCITO, CHAME","datePublished":"2026-04-26T15:01:58+00:00","dateModified":"2026-04-26T15:01:59+00:00","mainEntityOfPage":{"@id":"https:\/\/lanoticia507.com\/noticia\/cuatro-victimas-fatales-en-accidente-de-transito-en-coloncito-chame\/"},"wordCount":250,"commentCount":0,"publisher":{"@id":"https:\/\/lanoticia507.com\/noticia\/#organization"},"image":{"@id":"https:\/\/lanoticia507.com\/noticia\/cuatro-victimas-fatales-en-accidente-de-transito-en-coloncito-chame\/#primaryimage"},"thumbnailUrl":"https:\/\/lanoticia507.com\/noticia\/wp-content\/uploads\/2026\/04\/WhatsApp-Image-2026-04-25-at-6.28.40-PM.jpeg","articleSection":["Sucesos"],"inLanguage":"es","potentialAction":[{"@type":"CommentAction","name":"Comment","target":["https:\/\/lanoticia507.com\/noticia\/cuatro-victimas-fatales-en-accidente-de-transito-en-coloncito-chame\/#respond"]}]},{"@type":"WebPage","@id":"https:\/\/lanoticia507.com\/noticia\/cuatro-victimas-fatales-en-accidente-de-transito-en-coloncito-chame\/","url":"https:\/\/lanoticia507.com\/noticia\/cuatro-victimas-fatales-en-accidente-de-transito-en-coloncito-chame\/","name":"CUATRO V\u00cdCTIMAS FATALES EN ACCIDENTE DE TR\u00c1NSITO EN COLONCITO, CHAME -","isPartOf":{"@id":"https:\/\/lanoticia507.com\/noticia\/#website"},"primaryImageOfPage":{"@id":"https:\/\/lanoticia507.com\/noticia\/cuatro-victimas-fatales-en-accidente-de-transito-en-coloncito-chame\/#primaryimage"},"image":{"@id":"https:\/\/lanoticia507.com\/noticia\/cuatro-victimas-fatales-en-accidente-de-transito-en-coloncito-chame\/#primaryimage"},"thumbnailUrl":"https:\/\/lanoticia507.com\/noticia\/wp-content\/uploads\/2026\/04\/WhatsApp-Image-2026-04-25-at-6.28.40-PM.jpeg","datePublished":"2026-04-26T15:01:58+00:00","dateModified":"2026-04-26T15:01:59+00:00","breadcrumb":{"@id":"https:\/\/lanoticia507.com\/noticia\/cuatro-victimas-fatales-en-accidente-de-transito-en-coloncito-chame\/#breadcrumb"},"inLanguage":"es","potentialAction":[{"@type":"ReadAction","target":["https:\/\/lanoticia507.com\/noticia\/cuatro-victimas-fatales-en-accidente-de-transito-en-coloncito-chame\/"]}]},{"@type":"ImageObject","inLanguage":"es","@id":"https:\/\/lanoticia507.com\/noticia\/cuatro-victimas-fatales-en-accidente-de-transito-en-coloncito-chame\/#primaryimage","url":"https:\/\/lanoticia507.com\/noticia\/wp-content\/uploads\/2026\/04\/WhatsApp-Image-2026-04-25-at-6.28.40-PM.jpeg","contentUrl":"https:\/\/lanoticia507.com\/noticia\/wp-content\/uploads\/2026\/04\/WhatsApp-Image-2026-04-25-at-6.28.40-PM.jpeg","width":899,"height":1599},{"@type":"BreadcrumbList","@id":"https:\/\/lanoticia507.com\/noticia\/cuatro-victimas-fatales-en-accidente-de-transito-en-coloncito-chame\/#breadcrumb","itemListElement":[{"@type":"ListItem","position":1,"name":"Portada","item":"https:\/\/lanoticia507.com\/noticia\/"},{"@type":"ListItem","position":2,"name":"CUATRO V\u00cdCTIMAS FATALES EN ACCIDENTE DE TR\u00c1NSITO EN COLONCITO, CHAME"}]},{"@type":"WebSite","@id":"https:\/\/lanoticia507.com\/noticia\/#website","url":"https:\/\/lanoticia507.com\/noticia\/","name":"Noticias de Panam\u00e1 | \u00daltimas noticias de Panam\u00e1 | La Noticia 507","description":"","publisher":{"@id":"https:\/\/lanoticia507.com\/noticia\/#organization"},"potentialAction":[{"@type":"SearchAction","target":{"@type":"EntryPoint","urlTemplate":"https:\/\/lanoticia507.com\/noticia\/?s={search_term_string}"},"query-input":{"@type":"PropertyValueSpecification","valueRequired":true,"valueName":"search_term_string"}}],"inLanguage":"es"},{"@type":"Organization","@id":"https:\/\/lanoticia507.com\/noticia\/#organization","name":"Noticias de Panam\u00e1 | \u00daltimas noticias de Panam\u00e1 | La Noticia 507","url":"https:\/\/lanoticia507.com\/noticia\/","logo":{"@type":"ImageObject","inLanguage":"es","@id":"https:\/\/lanoticia507.com\/noticia\/#\/schema\/logo\/image\/","url":"https:\/\/lanoticia507.com\/noticia\/wp-content\/uploads\/2025\/04\/logo-la-noticia-507-150-sombra.png","contentUrl":"https:\/\/lanoticia507.com\/noticia\/wp-content\/uploads\/2025\/04\/logo-la-noticia-507-150-sombra.png","width":170,"height":170,"caption":"Noticias de Panam\u00e1 | \u00daltimas noticias de Panam\u00e1 | La Noticia 507"},"image":{"@id":"https:\/\/lanoticia507.com\/noticia\/#\/schema\/logo\/image\/"},"sameAs":["https:\/\/www.instagram.com\/lanoticia507","https:\/\/www.tiktok.com\/@lanoticia507"]},{"@type":"Person","@id":"https:\/\/lanoticia507.com\/noticia\/#\/schema\/person\/ef09ab363a6586838f4fe9d2ba0f2f8b","name":"lanoticia507","image":{"@type":"ImageObject","inLanguage":"es","@id":"https:\/\/lanoticia507.com\/noticia\/#\/schema\/person\/image\/","url":"https:\/\/secure.gravatar.com\/avatar\/e1934cbec687ee9715cc234eb1a6c727dfe980db8f0b92ad6e6bbb395ff2c52b?s=96&d=mm&r=g","contentUrl":"https:\/\/secure.gravatar.com\/avatar\/e1934cbec687ee9715cc234eb1a6c727dfe980db8f0b92ad6e6bbb395ff2c52b?s=96&d=mm&r=g","caption":"lanoticia507"},"url":"https:\/\/lanoticia507.com\/noticia\/author\/c2791082\/"}]}},"featured_image_urls":{"full":["https:\/\/lanoticia507.com\/noticia\/wp-content\/uploads\/2026\/04\/WhatsApp-Image-2026-04-25-at-6.28.40-PM.jpeg",899,1599,false],"thumbnail":["https:\/\/lanoticia507.com\/noticia\/wp-content\/uploads\/2026\/04\/WhatsApp-Image-2026-04-25-at-6.28.40-PM-150x150.jpeg",150,150,true],"medium":["https:\/\/lanoticia507.com\/noticia\/wp-content\/uploads\/2026\/04\/WhatsApp-Image-2026-04-25-at-6.28.40-PM-169x300.jpeg",169,300,true],"medium_large":["https:\/\/lanoticia507.com\/noticia\/wp-content\/uploads\/2026\/04\/WhatsApp-Image-2026-04-25-at-6.28.40-PM-768x1366.jpeg",640,1138,true],"large":["https:\/\/lanoticia507.com\/noticia\/wp-content\/uploads\/2026\/04\/WhatsApp-Image-2026-04-25-at-6.28.40-PM-576x1024.jpeg",576,1024,true],"1536x1536":["https:\/\/lanoticia507.com\/noticia\/wp-content\/uploads\/2026\/04\/WhatsApp-Image-2026-04-25-at-6.28.40-PM-864x1536.jpeg",864,1536,true],"2048x2048":["https:\/\/lanoticia507.com\/noticia\/wp-content\/uploads\/2026\/04\/WhatsApp-Image-2026-04-25-at-6.28.40-PM.jpeg",899,1599,false],"morenews-featured":["https:\/\/lanoticia507.com\/noticia\/wp-content\/uploads\/2026\/04\/WhatsApp-Image-2026-04-25-at-6.28.40-PM.jpeg",899,1599,false],"morenews-large":["https:\/\/lanoticia507.com\/noticia\/wp-content\/uploads\/2026\/04\/WhatsApp-Image-2026-04-25-at-6.28.40-PM-825x575.jpeg",825,575,true],"morenews-medium":["https:\/\/lanoticia507.com\/noticia\/wp-content\/uploads\/2026\/04\/WhatsApp-Image-2026-04-25-at-6.28.40-PM-590x410.jpeg",590,410,true]},"author_info":{"display_name":"lanoticia507","author_link":"https:\/\/lanoticia507.com\/noticia\/author\/c2791082\/"},"category_info":"<a href=\"https:\/\/lanoticia507.com\/noticia\/category\/sucesos\/\" rel=\"category tag\">Sucesos<\/a>","tag_info":"Sucesos","comment_count":"0","_links":{"self":[{"href":"https:\/\/lanoticia507.com\/noticia\/wp-json\/wp\/v2\/posts\/2810","targetHints":{"allow":["GET"]}}],"collection":[{"href":"https:\/\/lanoticia507.com\/noticia\/wp-json\/wp\/v2\/posts"}],"about":[{"href":"https:\/\/lanoticia507.com\/noticia\/wp-json\/wp\/v2\/types\/post"}],"author":[{"embeddable":true,"href":"https:\/\/lanoticia507.com\/noticia\/wp-json\/wp\/v2\/users\/2"}],"replies":[{"embeddable":true,"href":"https:\/\/lanoticia507.com\/noticia\/wp-json\/wp\/v2\/comments?post=2810"}],"version-history":[{"count":1,"href":"https:\/\/lanoticia507.com\/noticia\/wp-json\/wp\/v2\/posts\/2810\/revisions"}],"predecessor-version":[{"id":2812,"href":"https:\/\/lanoticia507.com\/noticia\/wp-json\/wp\/v2\/posts\/2810\/revisions\/2812"}],"wp:featuredmedia":[{"embeddable":true,"href":"https:\/\/lanoticia507.com\/noticia\/wp-json\/wp\/v2\/media\/2811"}],"wp:attachment":[{"href":"https:\/\/lanoticia507.com\/noticia\/wp-json\/wp\/v2\/media?parent=2810"}],"wp:term":[{"taxonomy":"category","embeddable":true,"href":"https:\/\/lanoticia507.com\/noticia\/wp-json\/wp\/v2\/categories?post=2810"},{"taxonomy":"post_tag","embeddable":true,"href":"https:\/\/lanoticia507.com\/noticia\/wp-json\/wp\/v2\/tags?post=2810"}],"curies":[{"name":"wp","href":"https:\/\/api.w.org\/{rel}","templated":true}]}}