{"id":2817,"date":"2026-04-30T23:59:49","date_gmt":"2026-04-30T23:59:49","guid":{"rendered":"https:\/\/lanoticia507.com\/noticia\/?p=2817"},"modified":"2026-04-30T23:59:50","modified_gmt":"2026-04-30T23:59:50","slug":"capturan-a-ex-director-del-ipt-don-bosco","status":"publish","type":"post","link":"https:\/\/lanoticia507.com\/noticia\/capturan-a-ex-director-del-ipt-don-bosco\/","title":{"rendered":"CAPTURAN A EX DIRECTOR DEL IPT DON BOSCO"},"content":{"rendered":"\n<p>Tres personas fueron aprehendidas, entre estas dos exfuncionarios y un particular, como parte de la \u201cOperaci\u00f3n Pupitre\u201d que desarroll\u00f3 la Procuradur\u00eda General de la Naci\u00f3n a trav\u00e9s de su Fiscal\u00eda Anticorrupci\u00f3n con unidades de la Direcci\u00f3n de Investigaci\u00f3n Judicial de la Polic\u00eda Nacional, como parte de una investigaci\u00f3n por la presunta comisi\u00f3n de un delito de peculado en perjuicio del Instituto Profesional y T\u00e9cnico Don Bosco que dej\u00f3 una lesi\u00f3n de aproximadamente B\/.130,000.00.<\/p>\n\n\n\n<p>Las diligencias se desarrollaron en Nuevo Bel\u00e9n y en Don Bosco, donde fueron allanadas tres residencias con previa autorizaci\u00f3n de un Juez de Garant\u00edas y posteriormente se da la aprehensi\u00f3n de estas personas, dos de ellas exdirectivos del centro educativo afectado. En las residencias de los aprehendidos se ubic\u00f3 documentaci\u00f3n relacionada con dicha investigaci\u00f3n.<\/p>\n\n\n\n<p>A la investigaci\u00f3n se anex\u00f3 un informe de auditor\u00eda de la Contralor\u00eda General de la Rep\u00fablica que lleg\u00f3 a la Fiscal\u00eda Anticorrupci\u00f3n el pasado 15 de abril de 2026, el cual refleja una incorrecci\u00f3n en la gesti\u00f3n p\u00fablica, provenientes de los fondos de matr\u00edcula y bienestar estudiantil, adem\u00e1s de los ingresos de autogesti\u00f3n del fondo de dep\u00f3sito del referido centro de estudio.<\/p>\n\n\n\n<p>Estos aprehendidos ser\u00e1n presentados ante los jueces de garant\u00edas, quienes decidir\u00e1n sobre la admisi\u00f3n de imputaci\u00f3n y las medidas cautelares que solicitar\u00e1n los fiscales.<\/p>\n\n\n\n<p>Estas acciones reflejan el firme compromiso de la Procuradur\u00eda General de la Naci\u00f3n con la transparencia en el uso de fondos p\u00fablicos, la defensa de los intereses del Estado y la lucha frontal contra la corrupci\u00f3n.<\/p>\n","protected":false},"excerpt":{"rendered":"<p>Tres personas fueron aprehendidas, entre estas dos exfuncionarios y un particular, como parte de la \u201cOperaci\u00f3n Pupitre\u201d que<\/p>\n","protected":false},"author":2,"featured_media":2818,"comment_status":"open","ping_status":"open","sticky":false,"template":"","format":"standard","meta":{"footnotes":""},"categories":[5],"tags":[],"class_list":["post-2817","post","type-post","status-publish","format-standard","has-post-thumbnail","hentry","category-sucesos"],"yoast_head":"<!-- This site is optimized with the Yoast SEO plugin v25.2 - https:\/\/yoast.com\/wordpress\/plugins\/seo\/ -->\n<title>CAPTURAN A EX DIRECTOR DEL IPT DON BOSCO -<\/title>\n<meta name=\"robots\" content=\"index, follow, max-snippet:-1, max-image-preview:large, max-video-preview:-1\" \/>\n<link rel=\"canonical\" href=\"https:\/\/lanoticia507.com\/noticia\/capturan-a-ex-director-del-ipt-don-bosco\/\" \/>\n<meta property=\"og:locale\" content=\"es_ES\" \/>\n<meta property=\"og:type\" content=\"article\" \/>\n<meta property=\"og:title\" content=\"CAPTURAN A EX DIRECTOR DEL IPT DON BOSCO -\" \/>\n<meta property=\"og:description\" content=\"Tres personas fueron aprehendidas, entre estas dos exfuncionarios y un particular, como parte de la \u201cOperaci\u00f3n Pupitre\u201d que\" \/>\n<meta property=\"og:url\" content=\"https:\/\/lanoticia507.com\/noticia\/capturan-a-ex-director-del-ipt-don-bosco\/\" \/>\n<meta property=\"article:published_time\" content=\"2026-04-30T23:59:49+00:00\" \/>\n<meta property=\"article:modified_time\" content=\"2026-04-30T23:59:50+00:00\" \/>\n<meta property=\"og:image\" content=\"https:\/\/lanoticia507.com\/noticia\/wp-content\/uploads\/2026\/04\/WhatsApp-Image-2026-04-30-at-9.58.01-AM.jpeg\" \/>\n\t<meta property=\"og:image:width\" content=\"743\" \/>\n\t<meta property=\"og:image:height\" content=\"493\" \/>\n\t<meta property=\"og:image:type\" content=\"image\/jpeg\" \/>\n<meta name=\"author\" content=\"lanoticia507\" \/>\n<meta name=\"twitter:card\" content=\"summary_large_image\" \/>\n<meta name=\"twitter:label1\" content=\"Escrito por\" \/>\n\t<meta name=\"twitter:data1\" content=\"lanoticia507\" \/>\n\t<meta name=\"twitter:label2\" content=\"Tiempo de lectura\" \/>\n\t<meta name=\"twitter:data2\" content=\"2 minutos\" \/>\n<script type=\"application\/ld+json\" class=\"yoast-schema-graph\">{\"@context\":\"https:\/\/schema.org\",\"@graph\":[{\"@type\":\"Article\",\"@id\":\"https:\/\/lanoticia507.com\/noticia\/capturan-a-ex-director-del-ipt-don-bosco\/#article\",\"isPartOf\":{\"@id\":\"https:\/\/lanoticia507.com\/noticia\/capturan-a-ex-director-del-ipt-don-bosco\/\"},\"author\":{\"name\":\"lanoticia507\",\"@id\":\"https:\/\/lanoticia507.com\/noticia\/#\/schema\/person\/ef09ab363a6586838f4fe9d2ba0f2f8b\"},\"headline\":\"CAPTURAN A EX DIRECTOR DEL IPT DON BOSCO\",\"datePublished\":\"2026-04-30T23:59:49+00:00\",\"dateModified\":\"2026-04-30T23:59:50+00:00\",\"mainEntityOfPage\":{\"@id\":\"https:\/\/lanoticia507.com\/noticia\/capturan-a-ex-director-del-ipt-don-bosco\/\"},\"wordCount\":297,\"commentCount\":0,\"publisher\":{\"@id\":\"https:\/\/lanoticia507.com\/noticia\/#organization\"},\"image\":{\"@id\":\"https:\/\/lanoticia507.com\/noticia\/capturan-a-ex-director-del-ipt-don-bosco\/#primaryimage\"},\"thumbnailUrl\":\"https:\/\/lanoticia507.com\/noticia\/wp-content\/uploads\/2026\/04\/WhatsApp-Image-2026-04-30-at-9.58.01-AM.jpeg\",\"articleSection\":[\"Sucesos\"],\"inLanguage\":\"es\",\"potentialAction\":[{\"@type\":\"CommentAction\",\"name\":\"Comment\",\"target\":[\"https:\/\/lanoticia507.com\/noticia\/capturan-a-ex-director-del-ipt-don-bosco\/#respond\"]}]},{\"@type\":\"WebPage\",\"@id\":\"https:\/\/lanoticia507.com\/noticia\/capturan-a-ex-director-del-ipt-don-bosco\/\",\"url\":\"https:\/\/lanoticia507.com\/noticia\/capturan-a-ex-director-del-ipt-don-bosco\/\",\"name\":\"CAPTURAN A EX DIRECTOR DEL IPT DON BOSCO -\",\"isPartOf\":{\"@id\":\"https:\/\/lanoticia507.com\/noticia\/#website\"},\"primaryImageOfPage\":{\"@id\":\"https:\/\/lanoticia507.com\/noticia\/capturan-a-ex-director-del-ipt-don-bosco\/#primaryimage\"},\"image\":{\"@id\":\"https:\/\/lanoticia507.com\/noticia\/capturan-a-ex-director-del-ipt-don-bosco\/#primaryimage\"},\"thumbnailUrl\":\"https:\/\/lanoticia507.com\/noticia\/wp-content\/uploads\/2026\/04\/WhatsApp-Image-2026-04-30-at-9.58.01-AM.jpeg\",\"datePublished\":\"2026-04-30T23:59:49+00:00\",\"dateModified\":\"2026-04-30T23:59:50+00:00\",\"breadcrumb\":{\"@id\":\"https:\/\/lanoticia507.com\/noticia\/capturan-a-ex-director-del-ipt-don-bosco\/#breadcrumb\"},\"inLanguage\":\"es\",\"potentialAction\":[{\"@type\":\"ReadAction\",\"target\":[\"https:\/\/lanoticia507.com\/noticia\/capturan-a-ex-director-del-ipt-don-bosco\/\"]}]},{\"@type\":\"ImageObject\",\"inLanguage\":\"es\",\"@id\":\"https:\/\/lanoticia507.com\/noticia\/capturan-a-ex-director-del-ipt-don-bosco\/#primaryimage\",\"url\":\"https:\/\/lanoticia507.com\/noticia\/wp-content\/uploads\/2026\/04\/WhatsApp-Image-2026-04-30-at-9.58.01-AM.jpeg\",\"contentUrl\":\"https:\/\/lanoticia507.com\/noticia\/wp-content\/uploads\/2026\/04\/WhatsApp-Image-2026-04-30-at-9.58.01-AM.jpeg\",\"width\":743,\"height\":493},{\"@type\":\"BreadcrumbList\",\"@id\":\"https:\/\/lanoticia507.com\/noticia\/capturan-a-ex-director-del-ipt-don-bosco\/#breadcrumb\",\"itemListElement\":[{\"@type\":\"ListItem\",\"position\":1,\"name\":\"Portada\",\"item\":\"https:\/\/lanoticia507.com\/noticia\/\"},{\"@type\":\"ListItem\",\"position\":2,\"name\":\"CAPTURAN A EX DIRECTOR DEL IPT DON BOSCO\"}]},{\"@type\":\"WebSite\",\"@id\":\"https:\/\/lanoticia507.com\/noticia\/#website\",\"url\":\"https:\/\/lanoticia507.com\/noticia\/\",\"name\":\"Noticias de Panam\u00e1 | \u00daltimas noticias de Panam\u00e1 | La Noticia 507\",\"description\":\"\",\"publisher\":{\"@id\":\"https:\/\/lanoticia507.com\/noticia\/#organization\"},\"potentialAction\":[{\"@type\":\"SearchAction\",\"target\":{\"@type\":\"EntryPoint\",\"urlTemplate\":\"https:\/\/lanoticia507.com\/noticia\/?s={search_term_string}\"},\"query-input\":{\"@type\":\"PropertyValueSpecification\",\"valueRequired\":true,\"valueName\":\"search_term_string\"}}],\"inLanguage\":\"es\"},{\"@type\":\"Organization\",\"@id\":\"https:\/\/lanoticia507.com\/noticia\/#organization\",\"name\":\"Noticias de Panam\u00e1 | \u00daltimas noticias de Panam\u00e1 | La Noticia 507\",\"url\":\"https:\/\/lanoticia507.com\/noticia\/\",\"logo\":{\"@type\":\"ImageObject\",\"inLanguage\":\"es\",\"@id\":\"https:\/\/lanoticia507.com\/noticia\/#\/schema\/logo\/image\/\",\"url\":\"https:\/\/lanoticia507.com\/noticia\/wp-content\/uploads\/2025\/04\/logo-la-noticia-507-150-sombra.png\",\"contentUrl\":\"https:\/\/lanoticia507.com\/noticia\/wp-content\/uploads\/2025\/04\/logo-la-noticia-507-150-sombra.png\",\"width\":170,\"height\":170,\"caption\":\"Noticias de Panam\u00e1 | \u00daltimas noticias de Panam\u00e1 | La Noticia 507\"},\"image\":{\"@id\":\"https:\/\/lanoticia507.com\/noticia\/#\/schema\/logo\/image\/\"},\"sameAs\":[\"https:\/\/www.instagram.com\/lanoticia507\",\"https:\/\/www.tiktok.com\/@lanoticia507\"]},{\"@type\":\"Person\",\"@id\":\"https:\/\/lanoticia507.com\/noticia\/#\/schema\/person\/ef09ab363a6586838f4fe9d2ba0f2f8b\",\"name\":\"lanoticia507\",\"image\":{\"@type\":\"ImageObject\",\"inLanguage\":\"es\",\"@id\":\"https:\/\/lanoticia507.com\/noticia\/#\/schema\/person\/image\/\",\"url\":\"https:\/\/secure.gravatar.com\/avatar\/e1934cbec687ee9715cc234eb1a6c727dfe980db8f0b92ad6e6bbb395ff2c52b?s=96&d=mm&r=g\",\"contentUrl\":\"https:\/\/secure.gravatar.com\/avatar\/e1934cbec687ee9715cc234eb1a6c727dfe980db8f0b92ad6e6bbb395ff2c52b?s=96&d=mm&r=g\",\"caption\":\"lanoticia507\"},\"url\":\"https:\/\/lanoticia507.com\/noticia\/author\/c2791082\/\"}]}<\/script>\n<!-- \/ Yoast SEO plugin. -->","yoast_head_json":{"title":"CAPTURAN A EX DIRECTOR DEL IPT DON BOSCO -","robots":{"index":"index","follow":"follow","max-snippet":"max-snippet:-1","max-image-preview":"max-image-preview:large","max-video-preview":"max-video-preview:-1"},"canonical":"https:\/\/lanoticia507.com\/noticia\/capturan-a-ex-director-del-ipt-don-bosco\/","og_locale":"es_ES","og_type":"article","og_title":"CAPTURAN A EX DIRECTOR DEL IPT DON BOSCO -","og_description":"Tres personas fueron aprehendidas, entre estas dos exfuncionarios y un particular, como parte de la \u201cOperaci\u00f3n Pupitre\u201d que","og_url":"https:\/\/lanoticia507.com\/noticia\/capturan-a-ex-director-del-ipt-don-bosco\/","article_published_time":"2026-04-30T23:59:49+00:00","article_modified_time":"2026-04-30T23:59:50+00:00","og_image":[{"width":743,"height":493,"url":"https:\/\/lanoticia507.com\/noticia\/wp-content\/uploads\/2026\/04\/WhatsApp-Image-2026-04-30-at-9.58.01-AM.jpeg","type":"image\/jpeg"}],"author":"lanoticia507","twitter_card":"summary_large_image","twitter_misc":{"Escrito por":"lanoticia507","Tiempo de lectura":"2 minutos"},"schema":{"@context":"https:\/\/schema.org","@graph":[{"@type":"Article","@id":"https:\/\/lanoticia507.com\/noticia\/capturan-a-ex-director-del-ipt-don-bosco\/#article","isPartOf":{"@id":"https:\/\/lanoticia507.com\/noticia\/capturan-a-ex-director-del-ipt-don-bosco\/"},"author":{"name":"lanoticia507","@id":"https:\/\/lanoticia507.com\/noticia\/#\/schema\/person\/ef09ab363a6586838f4fe9d2ba0f2f8b"},"headline":"CAPTURAN A EX DIRECTOR DEL IPT DON BOSCO","datePublished":"2026-04-30T23:59:49+00:00","dateModified":"2026-04-30T23:59:50+00:00","mainEntityOfPage":{"@id":"https:\/\/lanoticia507.com\/noticia\/capturan-a-ex-director-del-ipt-don-bosco\/"},"wordCount":297,"commentCount":0,"publisher":{"@id":"https:\/\/lanoticia507.com\/noticia\/#organization"},"image":{"@id":"https:\/\/lanoticia507.com\/noticia\/capturan-a-ex-director-del-ipt-don-bosco\/#primaryimage"},"thumbnailUrl":"https:\/\/lanoticia507.com\/noticia\/wp-content\/uploads\/2026\/04\/WhatsApp-Image-2026-04-30-at-9.58.01-AM.jpeg","articleSection":["Sucesos"],"inLanguage":"es","potentialAction":[{"@type":"CommentAction","name":"Comment","target":["https:\/\/lanoticia507.com\/noticia\/capturan-a-ex-director-del-ipt-don-bosco\/#respond"]}]},{"@type":"WebPage","@id":"https:\/\/lanoticia507.com\/noticia\/capturan-a-ex-director-del-ipt-don-bosco\/","url":"https:\/\/lanoticia507.com\/noticia\/capturan-a-ex-director-del-ipt-don-bosco\/","name":"CAPTURAN A EX DIRECTOR DEL IPT DON BOSCO -","isPartOf":{"@id":"https:\/\/lanoticia507.com\/noticia\/#website"},"primaryImageOfPage":{"@id":"https:\/\/lanoticia507.com\/noticia\/capturan-a-ex-director-del-ipt-don-bosco\/#primaryimage"},"image":{"@id":"https:\/\/lanoticia507.com\/noticia\/capturan-a-ex-director-del-ipt-don-bosco\/#primaryimage"},"thumbnailUrl":"https:\/\/lanoticia507.com\/noticia\/wp-content\/uploads\/2026\/04\/WhatsApp-Image-2026-04-30-at-9.58.01-AM.jpeg","datePublished":"2026-04-30T23:59:49+00:00","dateModified":"2026-04-30T23:59:50+00:00","breadcrumb":{"@id":"https:\/\/lanoticia507.com\/noticia\/capturan-a-ex-director-del-ipt-don-bosco\/#breadcrumb"},"inLanguage":"es","potentialAction":[{"@type":"ReadAction","target":["https:\/\/lanoticia507.com\/noticia\/capturan-a-ex-director-del-ipt-don-bosco\/"]}]},{"@type":"ImageObject","inLanguage":"es","@id":"https:\/\/lanoticia507.com\/noticia\/capturan-a-ex-director-del-ipt-don-bosco\/#primaryimage","url":"https:\/\/lanoticia507.com\/noticia\/wp-content\/uploads\/2026\/04\/WhatsApp-Image-2026-04-30-at-9.58.01-AM.jpeg","contentUrl":"https:\/\/lanoticia507.com\/noticia\/wp-content\/uploads\/2026\/04\/WhatsApp-Image-2026-04-30-at-9.58.01-AM.jpeg","width":743,"height":493},{"@type":"BreadcrumbList","@id":"https:\/\/lanoticia507.com\/noticia\/capturan-a-ex-director-del-ipt-don-bosco\/#breadcrumb","itemListElement":[{"@type":"ListItem","position":1,"name":"Portada","item":"https:\/\/lanoticia507.com\/noticia\/"},{"@type":"ListItem","position":2,"name":"CAPTURAN A EX DIRECTOR DEL IPT DON BOSCO"}]},{"@type":"WebSite","@id":"https:\/\/lanoticia507.com\/noticia\/#website","url":"https:\/\/lanoticia507.com\/noticia\/","name":"Noticias de Panam\u00e1 | \u00daltimas noticias de Panam\u00e1 | La Noticia 507","description":"","publisher":{"@id":"https:\/\/lanoticia507.com\/noticia\/#organization"},"potentialAction":[{"@type":"SearchAction","target":{"@type":"EntryPoint","urlTemplate":"https:\/\/lanoticia507.com\/noticia\/?s={search_term_string}"},"query-input":{"@type":"PropertyValueSpecification","valueRequired":true,"valueName":"search_term_string"}}],"inLanguage":"es"},{"@type":"Organization","@id":"https:\/\/lanoticia507.com\/noticia\/#organization","name":"Noticias de Panam\u00e1 | \u00daltimas noticias de Panam\u00e1 | La Noticia 507","url":"https:\/\/lanoticia507.com\/noticia\/","logo":{"@type":"ImageObject","inLanguage":"es","@id":"https:\/\/lanoticia507.com\/noticia\/#\/schema\/logo\/image\/","url":"https:\/\/lanoticia507.com\/noticia\/wp-content\/uploads\/2025\/04\/logo-la-noticia-507-150-sombra.png","contentUrl":"https:\/\/lanoticia507.com\/noticia\/wp-content\/uploads\/2025\/04\/logo-la-noticia-507-150-sombra.png","width":170,"height":170,"caption":"Noticias de Panam\u00e1 | \u00daltimas noticias de Panam\u00e1 | La Noticia 507"},"image":{"@id":"https:\/\/lanoticia507.com\/noticia\/#\/schema\/logo\/image\/"},"sameAs":["https:\/\/www.instagram.com\/lanoticia507","https:\/\/www.tiktok.com\/@lanoticia507"]},{"@type":"Person","@id":"https:\/\/lanoticia507.com\/noticia\/#\/schema\/person\/ef09ab363a6586838f4fe9d2ba0f2f8b","name":"lanoticia507","image":{"@type":"ImageObject","inLanguage":"es","@id":"https:\/\/lanoticia507.com\/noticia\/#\/schema\/person\/image\/","url":"https:\/\/secure.gravatar.com\/avatar\/e1934cbec687ee9715cc234eb1a6c727dfe980db8f0b92ad6e6bbb395ff2c52b?s=96&d=mm&r=g","contentUrl":"https:\/\/secure.gravatar.com\/avatar\/e1934cbec687ee9715cc234eb1a6c727dfe980db8f0b92ad6e6bbb395ff2c52b?s=96&d=mm&r=g","caption":"lanoticia507"},"url":"https:\/\/lanoticia507.com\/noticia\/author\/c2791082\/"}]}},"featured_image_urls":{"full":["https:\/\/lanoticia507.com\/noticia\/wp-content\/uploads\/2026\/04\/WhatsApp-Image-2026-04-30-at-9.58.01-AM.jpeg",743,493,false],"thumbnail":["https:\/\/lanoticia507.com\/noticia\/wp-content\/uploads\/2026\/04\/WhatsApp-Image-2026-04-30-at-9.58.01-AM-150x150.jpeg",150,150,true],"medium":["https:\/\/lanoticia507.com\/noticia\/wp-content\/uploads\/2026\/04\/WhatsApp-Image-2026-04-30-at-9.58.01-AM-300x199.jpeg",300,199,true],"medium_large":["https:\/\/lanoticia507.com\/noticia\/wp-content\/uploads\/2026\/04\/WhatsApp-Image-2026-04-30-at-9.58.01-AM.jpeg",640,425,false],"large":["https:\/\/lanoticia507.com\/noticia\/wp-content\/uploads\/2026\/04\/WhatsApp-Image-2026-04-30-at-9.58.01-AM.jpeg",640,425,false],"1536x1536":["https:\/\/lanoticia507.com\/noticia\/wp-content\/uploads\/2026\/04\/WhatsApp-Image-2026-04-30-at-9.58.01-AM.jpeg",743,493,false],"2048x2048":["https:\/\/lanoticia507.com\/noticia\/wp-content\/uploads\/2026\/04\/WhatsApp-Image-2026-04-30-at-9.58.01-AM.jpeg",743,493,false],"morenews-featured":["https:\/\/lanoticia507.com\/noticia\/wp-content\/uploads\/2026\/04\/WhatsApp-Image-2026-04-30-at-9.58.01-AM.jpeg",743,493,false],"morenews-large":["https:\/\/lanoticia507.com\/noticia\/wp-content\/uploads\/2026\/04\/WhatsApp-Image-2026-04-30-at-9.58.01-AM.jpeg",743,493,false],"morenews-medium":["https:\/\/lanoticia507.com\/noticia\/wp-content\/uploads\/2026\/04\/WhatsApp-Image-2026-04-30-at-9.58.01-AM-590x410.jpeg",590,410,true]},"author_info":{"display_name":"lanoticia507","author_link":"https:\/\/lanoticia507.com\/noticia\/author\/c2791082\/"},"category_info":"<a href=\"https:\/\/lanoticia507.com\/noticia\/category\/sucesos\/\" rel=\"category tag\">Sucesos<\/a>","tag_info":"Sucesos","comment_count":"0","_links":{"self":[{"href":"https:\/\/lanoticia507.com\/noticia\/wp-json\/wp\/v2\/posts\/2817","targetHints":{"allow":["GET"]}}],"collection":[{"href":"https:\/\/lanoticia507.com\/noticia\/wp-json\/wp\/v2\/posts"}],"about":[{"href":"https:\/\/lanoticia507.com\/noticia\/wp-json\/wp\/v2\/types\/post"}],"author":[{"embeddable":true,"href":"https:\/\/lanoticia507.com\/noticia\/wp-json\/wp\/v2\/users\/2"}],"replies":[{"embeddable":true,"href":"https:\/\/lanoticia507.com\/noticia\/wp-json\/wp\/v2\/comments?post=2817"}],"version-history":[{"count":1,"href":"https:\/\/lanoticia507.com\/noticia\/wp-json\/wp\/v2\/posts\/2817\/revisions"}],"predecessor-version":[{"id":2819,"href":"https:\/\/lanoticia507.com\/noticia\/wp-json\/wp\/v2\/posts\/2817\/revisions\/2819"}],"wp:featuredmedia":[{"embeddable":true,"href":"https:\/\/lanoticia507.com\/noticia\/wp-json\/wp\/v2\/media\/2818"}],"wp:attachment":[{"href":"https:\/\/lanoticia507.com\/noticia\/wp-json\/wp\/v2\/media?parent=2817"}],"wp:term":[{"taxonomy":"category","embeddable":true,"href":"https:\/\/lanoticia507.com\/noticia\/wp-json\/wp\/v2\/categories?post=2817"},{"taxonomy":"post_tag","embeddable":true,"href":"https:\/\/lanoticia507.com\/noticia\/wp-json\/wp\/v2\/tags?post=2817"}],"curies":[{"name":"wp","href":"https:\/\/api.w.org\/{rel}","templated":true}]}}