{"id":2820,"date":"2026-05-01T00:02:36","date_gmt":"2026-05-01T00:02:36","guid":{"rendered":"https:\/\/lanoticia507.com\/noticia\/?p=2820"},"modified":"2026-05-01T00:02:38","modified_gmt":"2026-05-01T00:02:38","slug":"obras-del-nuevo-hospital-del-nino-alcanzan-un-55-de-ejecucion-en-su-torre-principal","status":"publish","type":"post","link":"https:\/\/lanoticia507.com\/noticia\/obras-del-nuevo-hospital-del-nino-alcanzan-un-55-de-ejecucion-en-su-torre-principal\/","title":{"rendered":"Obras del nuevo Hospital del Ni\u00f1o alcanzan un 55% de ejecuci\u00f3n en su torre principal"},"content":{"rendered":"\n<p>El presidente de la Rep\u00fablica, Jos\u00e9 Ra\u00fal Mulino Quintero, junto al ministro de Salud, Fernando Boyd Galindo, realizaron un recorrido de inspecci\u00f3n por las obras de construcci\u00f3n del Nuevo Hospital del Ni\u00f1o, constatando los significativos avances de esta infraestructura cr\u00edtica para la salud pedi\u00e1trica del pa\u00eds.<\/p>\n\n\n\n<p>Durante la visita, se confirm\u00f3 que la Torre del Hospital del Ni\u00f1o (Fase 1) presenta un avance f\u00edsico del 55.17%. Seg\u00fan el cronograma t\u00e9cnico, la entrega de esta torre principal est\u00e1 programada para diciembre de 2027, momento en el cual se proceder\u00e1 con el traslado de pacientes y la posterior demolici\u00f3n del edificio actual para dar paso a la construcci\u00f3n de la torre de estacionamientos.<\/p>\n\n\n\n<p>El proyecto, ejecutado por la empresa Acciona Construcci\u00f3n S.A., contempla una imponente estructura de 23 niveles que abarcan un \u00e1rea cerrada de 89,518.50 m\u00b2.<\/p>\n\n\n\n<p>Una vez finalizado, el nuevo hospital contar\u00e1 con:<br>\uf0b7463 camas de hospitalizaci\u00f3n<br>\uf0b7116 consultorios para diversas especialidades<br>\uf0b717 quir\u00f3fanos, que incluyen \u00e1reas para cirug\u00edas ambulatorias y angiograf\u00eda.<\/p>\n\n\n\n<p>La distribuci\u00f3n funcional del hospital ha sido dise\u00f1ada para optimizar la atenci\u00f3n, incluyendo niveles especializados para Neonatolog\u00eda, Cuidados Intensivos, Quemados, Hematoncol\u00f3gica y residencias m\u00e9dicas. Adem\u00e1s, el alcance integral del proyecto abarca la Maternidad del Santo Tom\u00e1s, \u00e1reas anexas, y la restauraci\u00f3n de los jardines hist\u00f3ricos del Hospital Santo Tom\u00e1s.<\/p>\n\n\n\n<p>Esta obra de alta complejidad, que beneficiar\u00e1 directamente a 1,102,487 personas, tiene un costo estimado de $705,879,670.59, cifra que incluye el equipamiento m\u00e9dico y no m\u00e9dico de \u00faltima generaci\u00f3n necesario para el funcionamiento del nosocomio.<\/p>\n\n\n\n<p>El presidente Mulino y el ministro Boyd Galindo reafirmaron su compromiso con la culminaci\u00f3n de este proyecto, destacando que el Nuevo Hospital del Ni\u00f1o no solo representa una mejora en la infraestructura f\u00edsica, sino un pilar fundamental para garantizar servicios de salud dignos y especializados para las futuras generaciones de paname\u00f1os.<\/p>\n","protected":false},"excerpt":{"rendered":"<p>El presidente de la Rep\u00fablica, Jos\u00e9 Ra\u00fal Mulino Quintero, junto al ministro de Salud, Fernando Boyd Galindo, realizaron<\/p>\n","protected":false},"author":2,"featured_media":2821,"comment_status":"open","ping_status":"open","sticky":false,"template":"","format":"standard","meta":{"footnotes":""},"categories":[4],"tags":[],"class_list":["post-2820","post","type-post","status-publish","format-standard","has-post-thumbnail","hentry","category-actualidad-panama"],"yoast_head":"<!-- This site is optimized with the Yoast SEO plugin v25.2 - https:\/\/yoast.com\/wordpress\/plugins\/seo\/ -->\n<title>Obras del nuevo Hospital del Ni\u00f1o alcanzan un 55% de ejecuci\u00f3n en su torre principal -<\/title>\n<meta name=\"robots\" content=\"index, follow, max-snippet:-1, max-image-preview:large, max-video-preview:-1\" \/>\n<link rel=\"canonical\" href=\"https:\/\/lanoticia507.com\/noticia\/obras-del-nuevo-hospital-del-nino-alcanzan-un-55-de-ejecucion-en-su-torre-principal\/\" \/>\n<meta property=\"og:locale\" content=\"es_ES\" \/>\n<meta property=\"og:type\" content=\"article\" \/>\n<meta property=\"og:title\" content=\"Obras del nuevo Hospital del Ni\u00f1o alcanzan un 55% de ejecuci\u00f3n en su torre principal -\" \/>\n<meta property=\"og:description\" content=\"El presidente de la Rep\u00fablica, Jos\u00e9 Ra\u00fal Mulino Quintero, junto al ministro de Salud, Fernando Boyd Galindo, realizaron\" \/>\n<meta property=\"og:url\" content=\"https:\/\/lanoticia507.com\/noticia\/obras-del-nuevo-hospital-del-nino-alcanzan-un-55-de-ejecucion-en-su-torre-principal\/\" \/>\n<meta property=\"article:published_time\" content=\"2026-05-01T00:02:36+00:00\" \/>\n<meta property=\"article:modified_time\" content=\"2026-05-01T00:02:38+00:00\" \/>\n<meta property=\"og:image\" content=\"https:\/\/lanoticia507.com\/noticia\/wp-content\/uploads\/2026\/05\/WhatsApp-Image-2026-04-30-at-11.59.44-AM.jpeg\" \/>\n\t<meta property=\"og:image:width\" content=\"1500\" \/>\n\t<meta property=\"og:image:height\" content=\"1000\" \/>\n\t<meta property=\"og:image:type\" content=\"image\/jpeg\" \/>\n<meta name=\"author\" content=\"lanoticia507\" \/>\n<meta name=\"twitter:card\" content=\"summary_large_image\" \/>\n<meta name=\"twitter:label1\" content=\"Escrito por\" \/>\n\t<meta name=\"twitter:data1\" content=\"lanoticia507\" \/>\n\t<meta name=\"twitter:label2\" content=\"Tiempo de lectura\" \/>\n\t<meta name=\"twitter:data2\" content=\"2 minutos\" \/>\n<script type=\"application\/ld+json\" class=\"yoast-schema-graph\">{\"@context\":\"https:\/\/schema.org\",\"@graph\":[{\"@type\":\"Article\",\"@id\":\"https:\/\/lanoticia507.com\/noticia\/obras-del-nuevo-hospital-del-nino-alcanzan-un-55-de-ejecucion-en-su-torre-principal\/#article\",\"isPartOf\":{\"@id\":\"https:\/\/lanoticia507.com\/noticia\/obras-del-nuevo-hospital-del-nino-alcanzan-un-55-de-ejecucion-en-su-torre-principal\/\"},\"author\":{\"name\":\"lanoticia507\",\"@id\":\"https:\/\/lanoticia507.com\/noticia\/#\/schema\/person\/ef09ab363a6586838f4fe9d2ba0f2f8b\"},\"headline\":\"Obras del nuevo Hospital del Ni\u00f1o alcanzan un 55% de ejecuci\u00f3n en su torre principal\",\"datePublished\":\"2026-05-01T00:02:36+00:00\",\"dateModified\":\"2026-05-01T00:02:38+00:00\",\"mainEntityOfPage\":{\"@id\":\"https:\/\/lanoticia507.com\/noticia\/obras-del-nuevo-hospital-del-nino-alcanzan-un-55-de-ejecucion-en-su-torre-principal\/\"},\"wordCount\":341,\"commentCount\":0,\"publisher\":{\"@id\":\"https:\/\/lanoticia507.com\/noticia\/#organization\"},\"image\":{\"@id\":\"https:\/\/lanoticia507.com\/noticia\/obras-del-nuevo-hospital-del-nino-alcanzan-un-55-de-ejecucion-en-su-torre-principal\/#primaryimage\"},\"thumbnailUrl\":\"https:\/\/lanoticia507.com\/noticia\/wp-content\/uploads\/2026\/05\/WhatsApp-Image-2026-04-30-at-11.59.44-AM.jpeg\",\"articleSection\":[\"Actualidad Panam\u00e1\"],\"inLanguage\":\"es\",\"potentialAction\":[{\"@type\":\"CommentAction\",\"name\":\"Comment\",\"target\":[\"https:\/\/lanoticia507.com\/noticia\/obras-del-nuevo-hospital-del-nino-alcanzan-un-55-de-ejecucion-en-su-torre-principal\/#respond\"]}]},{\"@type\":\"WebPage\",\"@id\":\"https:\/\/lanoticia507.com\/noticia\/obras-del-nuevo-hospital-del-nino-alcanzan-un-55-de-ejecucion-en-su-torre-principal\/\",\"url\":\"https:\/\/lanoticia507.com\/noticia\/obras-del-nuevo-hospital-del-nino-alcanzan-un-55-de-ejecucion-en-su-torre-principal\/\",\"name\":\"Obras del nuevo Hospital del Ni\u00f1o alcanzan un 55% de ejecuci\u00f3n en su torre principal -\",\"isPartOf\":{\"@id\":\"https:\/\/lanoticia507.com\/noticia\/#website\"},\"primaryImageOfPage\":{\"@id\":\"https:\/\/lanoticia507.com\/noticia\/obras-del-nuevo-hospital-del-nino-alcanzan-un-55-de-ejecucion-en-su-torre-principal\/#primaryimage\"},\"image\":{\"@id\":\"https:\/\/lanoticia507.com\/noticia\/obras-del-nuevo-hospital-del-nino-alcanzan-un-55-de-ejecucion-en-su-torre-principal\/#primaryimage\"},\"thumbnailUrl\":\"https:\/\/lanoticia507.com\/noticia\/wp-content\/uploads\/2026\/05\/WhatsApp-Image-2026-04-30-at-11.59.44-AM.jpeg\",\"datePublished\":\"2026-05-01T00:02:36+00:00\",\"dateModified\":\"2026-05-01T00:02:38+00:00\",\"breadcrumb\":{\"@id\":\"https:\/\/lanoticia507.com\/noticia\/obras-del-nuevo-hospital-del-nino-alcanzan-un-55-de-ejecucion-en-su-torre-principal\/#breadcrumb\"},\"inLanguage\":\"es\",\"potentialAction\":[{\"@type\":\"ReadAction\",\"target\":[\"https:\/\/lanoticia507.com\/noticia\/obras-del-nuevo-hospital-del-nino-alcanzan-un-55-de-ejecucion-en-su-torre-principal\/\"]}]},{\"@type\":\"ImageObject\",\"inLanguage\":\"es\",\"@id\":\"https:\/\/lanoticia507.com\/noticia\/obras-del-nuevo-hospital-del-nino-alcanzan-un-55-de-ejecucion-en-su-torre-principal\/#primaryimage\",\"url\":\"https:\/\/lanoticia507.com\/noticia\/wp-content\/uploads\/2026\/05\/WhatsApp-Image-2026-04-30-at-11.59.44-AM.jpeg\",\"contentUrl\":\"https:\/\/lanoticia507.com\/noticia\/wp-content\/uploads\/2026\/05\/WhatsApp-Image-2026-04-30-at-11.59.44-AM.jpeg\",\"width\":1500,\"height\":1000},{\"@type\":\"BreadcrumbList\",\"@id\":\"https:\/\/lanoticia507.com\/noticia\/obras-del-nuevo-hospital-del-nino-alcanzan-un-55-de-ejecucion-en-su-torre-principal\/#breadcrumb\",\"itemListElement\":[{\"@type\":\"ListItem\",\"position\":1,\"name\":\"Portada\",\"item\":\"https:\/\/lanoticia507.com\/noticia\/\"},{\"@type\":\"ListItem\",\"position\":2,\"name\":\"Obras del nuevo Hospital del Ni\u00f1o alcanzan un 55% de ejecuci\u00f3n en su torre principal\"}]},{\"@type\":\"WebSite\",\"@id\":\"https:\/\/lanoticia507.com\/noticia\/#website\",\"url\":\"https:\/\/lanoticia507.com\/noticia\/\",\"name\":\"Noticias de Panam\u00e1 | \u00daltimas noticias de Panam\u00e1 | La Noticia 507\",\"description\":\"\",\"publisher\":{\"@id\":\"https:\/\/lanoticia507.com\/noticia\/#organization\"},\"potentialAction\":[{\"@type\":\"SearchAction\",\"target\":{\"@type\":\"EntryPoint\",\"urlTemplate\":\"https:\/\/lanoticia507.com\/noticia\/?s={search_term_string}\"},\"query-input\":{\"@type\":\"PropertyValueSpecification\",\"valueRequired\":true,\"valueName\":\"search_term_string\"}}],\"inLanguage\":\"es\"},{\"@type\":\"Organization\",\"@id\":\"https:\/\/lanoticia507.com\/noticia\/#organization\",\"name\":\"Noticias de Panam\u00e1 | \u00daltimas noticias de Panam\u00e1 | La Noticia 507\",\"url\":\"https:\/\/lanoticia507.com\/noticia\/\",\"logo\":{\"@type\":\"ImageObject\",\"inLanguage\":\"es\",\"@id\":\"https:\/\/lanoticia507.com\/noticia\/#\/schema\/logo\/image\/\",\"url\":\"https:\/\/lanoticia507.com\/noticia\/wp-content\/uploads\/2025\/04\/logo-la-noticia-507-150-sombra.png\",\"contentUrl\":\"https:\/\/lanoticia507.com\/noticia\/wp-content\/uploads\/2025\/04\/logo-la-noticia-507-150-sombra.png\",\"width\":170,\"height\":170,\"caption\":\"Noticias de Panam\u00e1 | \u00daltimas noticias de Panam\u00e1 | La Noticia 507\"},\"image\":{\"@id\":\"https:\/\/lanoticia507.com\/noticia\/#\/schema\/logo\/image\/\"},\"sameAs\":[\"https:\/\/www.instagram.com\/lanoticia507\",\"https:\/\/www.tiktok.com\/@lanoticia507\"]},{\"@type\":\"Person\",\"@id\":\"https:\/\/lanoticia507.com\/noticia\/#\/schema\/person\/ef09ab363a6586838f4fe9d2ba0f2f8b\",\"name\":\"lanoticia507\",\"image\":{\"@type\":\"ImageObject\",\"inLanguage\":\"es\",\"@id\":\"https:\/\/lanoticia507.com\/noticia\/#\/schema\/person\/image\/\",\"url\":\"https:\/\/secure.gravatar.com\/avatar\/e1934cbec687ee9715cc234eb1a6c727dfe980db8f0b92ad6e6bbb395ff2c52b?s=96&d=mm&r=g\",\"contentUrl\":\"https:\/\/secure.gravatar.com\/avatar\/e1934cbec687ee9715cc234eb1a6c727dfe980db8f0b92ad6e6bbb395ff2c52b?s=96&d=mm&r=g\",\"caption\":\"lanoticia507\"},\"url\":\"https:\/\/lanoticia507.com\/noticia\/author\/c2791082\/\"}]}<\/script>\n<!-- \/ Yoast SEO plugin. -->","yoast_head_json":{"title":"Obras del nuevo Hospital del Ni\u00f1o alcanzan un 55% de ejecuci\u00f3n en su torre principal -","robots":{"index":"index","follow":"follow","max-snippet":"max-snippet:-1","max-image-preview":"max-image-preview:large","max-video-preview":"max-video-preview:-1"},"canonical":"https:\/\/lanoticia507.com\/noticia\/obras-del-nuevo-hospital-del-nino-alcanzan-un-55-de-ejecucion-en-su-torre-principal\/","og_locale":"es_ES","og_type":"article","og_title":"Obras del nuevo Hospital del Ni\u00f1o alcanzan un 55% de ejecuci\u00f3n en su torre principal -","og_description":"El presidente de la Rep\u00fablica, Jos\u00e9 Ra\u00fal Mulino Quintero, junto al ministro de Salud, Fernando Boyd Galindo, realizaron","og_url":"https:\/\/lanoticia507.com\/noticia\/obras-del-nuevo-hospital-del-nino-alcanzan-un-55-de-ejecucion-en-su-torre-principal\/","article_published_time":"2026-05-01T00:02:36+00:00","article_modified_time":"2026-05-01T00:02:38+00:00","og_image":[{"width":1500,"height":1000,"url":"https:\/\/lanoticia507.com\/noticia\/wp-content\/uploads\/2026\/05\/WhatsApp-Image-2026-04-30-at-11.59.44-AM.jpeg","type":"image\/jpeg"}],"author":"lanoticia507","twitter_card":"summary_large_image","twitter_misc":{"Escrito por":"lanoticia507","Tiempo de lectura":"2 minutos"},"schema":{"@context":"https:\/\/schema.org","@graph":[{"@type":"Article","@id":"https:\/\/lanoticia507.com\/noticia\/obras-del-nuevo-hospital-del-nino-alcanzan-un-55-de-ejecucion-en-su-torre-principal\/#article","isPartOf":{"@id":"https:\/\/lanoticia507.com\/noticia\/obras-del-nuevo-hospital-del-nino-alcanzan-un-55-de-ejecucion-en-su-torre-principal\/"},"author":{"name":"lanoticia507","@id":"https:\/\/lanoticia507.com\/noticia\/#\/schema\/person\/ef09ab363a6586838f4fe9d2ba0f2f8b"},"headline":"Obras del nuevo Hospital del Ni\u00f1o alcanzan un 55% de ejecuci\u00f3n en su torre principal","datePublished":"2026-05-01T00:02:36+00:00","dateModified":"2026-05-01T00:02:38+00:00","mainEntityOfPage":{"@id":"https:\/\/lanoticia507.com\/noticia\/obras-del-nuevo-hospital-del-nino-alcanzan-un-55-de-ejecucion-en-su-torre-principal\/"},"wordCount":341,"commentCount":0,"publisher":{"@id":"https:\/\/lanoticia507.com\/noticia\/#organization"},"image":{"@id":"https:\/\/lanoticia507.com\/noticia\/obras-del-nuevo-hospital-del-nino-alcanzan-un-55-de-ejecucion-en-su-torre-principal\/#primaryimage"},"thumbnailUrl":"https:\/\/lanoticia507.com\/noticia\/wp-content\/uploads\/2026\/05\/WhatsApp-Image-2026-04-30-at-11.59.44-AM.jpeg","articleSection":["Actualidad Panam\u00e1"],"inLanguage":"es","potentialAction":[{"@type":"CommentAction","name":"Comment","target":["https:\/\/lanoticia507.com\/noticia\/obras-del-nuevo-hospital-del-nino-alcanzan-un-55-de-ejecucion-en-su-torre-principal\/#respond"]}]},{"@type":"WebPage","@id":"https:\/\/lanoticia507.com\/noticia\/obras-del-nuevo-hospital-del-nino-alcanzan-un-55-de-ejecucion-en-su-torre-principal\/","url":"https:\/\/lanoticia507.com\/noticia\/obras-del-nuevo-hospital-del-nino-alcanzan-un-55-de-ejecucion-en-su-torre-principal\/","name":"Obras del nuevo Hospital del Ni\u00f1o alcanzan un 55% de ejecuci\u00f3n en su torre principal -","isPartOf":{"@id":"https:\/\/lanoticia507.com\/noticia\/#website"},"primaryImageOfPage":{"@id":"https:\/\/lanoticia507.com\/noticia\/obras-del-nuevo-hospital-del-nino-alcanzan-un-55-de-ejecucion-en-su-torre-principal\/#primaryimage"},"image":{"@id":"https:\/\/lanoticia507.com\/noticia\/obras-del-nuevo-hospital-del-nino-alcanzan-un-55-de-ejecucion-en-su-torre-principal\/#primaryimage"},"thumbnailUrl":"https:\/\/lanoticia507.com\/noticia\/wp-content\/uploads\/2026\/05\/WhatsApp-Image-2026-04-30-at-11.59.44-AM.jpeg","datePublished":"2026-05-01T00:02:36+00:00","dateModified":"2026-05-01T00:02:38+00:00","breadcrumb":{"@id":"https:\/\/lanoticia507.com\/noticia\/obras-del-nuevo-hospital-del-nino-alcanzan-un-55-de-ejecucion-en-su-torre-principal\/#breadcrumb"},"inLanguage":"es","potentialAction":[{"@type":"ReadAction","target":["https:\/\/lanoticia507.com\/noticia\/obras-del-nuevo-hospital-del-nino-alcanzan-un-55-de-ejecucion-en-su-torre-principal\/"]}]},{"@type":"ImageObject","inLanguage":"es","@id":"https:\/\/lanoticia507.com\/noticia\/obras-del-nuevo-hospital-del-nino-alcanzan-un-55-de-ejecucion-en-su-torre-principal\/#primaryimage","url":"https:\/\/lanoticia507.com\/noticia\/wp-content\/uploads\/2026\/05\/WhatsApp-Image-2026-04-30-at-11.59.44-AM.jpeg","contentUrl":"https:\/\/lanoticia507.com\/noticia\/wp-content\/uploads\/2026\/05\/WhatsApp-Image-2026-04-30-at-11.59.44-AM.jpeg","width":1500,"height":1000},{"@type":"BreadcrumbList","@id":"https:\/\/lanoticia507.com\/noticia\/obras-del-nuevo-hospital-del-nino-alcanzan-un-55-de-ejecucion-en-su-torre-principal\/#breadcrumb","itemListElement":[{"@type":"ListItem","position":1,"name":"Portada","item":"https:\/\/lanoticia507.com\/noticia\/"},{"@type":"ListItem","position":2,"name":"Obras del nuevo Hospital del Ni\u00f1o alcanzan un 55% de ejecuci\u00f3n en su torre principal"}]},{"@type":"WebSite","@id":"https:\/\/lanoticia507.com\/noticia\/#website","url":"https:\/\/lanoticia507.com\/noticia\/","name":"Noticias de Panam\u00e1 | \u00daltimas noticias de Panam\u00e1 | La Noticia 507","description":"","publisher":{"@id":"https:\/\/lanoticia507.com\/noticia\/#organization"},"potentialAction":[{"@type":"SearchAction","target":{"@type":"EntryPoint","urlTemplate":"https:\/\/lanoticia507.com\/noticia\/?s={search_term_string}"},"query-input":{"@type":"PropertyValueSpecification","valueRequired":true,"valueName":"search_term_string"}}],"inLanguage":"es"},{"@type":"Organization","@id":"https:\/\/lanoticia507.com\/noticia\/#organization","name":"Noticias de Panam\u00e1 | \u00daltimas noticias de Panam\u00e1 | La Noticia 507","url":"https:\/\/lanoticia507.com\/noticia\/","logo":{"@type":"ImageObject","inLanguage":"es","@id":"https:\/\/lanoticia507.com\/noticia\/#\/schema\/logo\/image\/","url":"https:\/\/lanoticia507.com\/noticia\/wp-content\/uploads\/2025\/04\/logo-la-noticia-507-150-sombra.png","contentUrl":"https:\/\/lanoticia507.com\/noticia\/wp-content\/uploads\/2025\/04\/logo-la-noticia-507-150-sombra.png","width":170,"height":170,"caption":"Noticias de Panam\u00e1 | \u00daltimas noticias de Panam\u00e1 | La Noticia 507"},"image":{"@id":"https:\/\/lanoticia507.com\/noticia\/#\/schema\/logo\/image\/"},"sameAs":["https:\/\/www.instagram.com\/lanoticia507","https:\/\/www.tiktok.com\/@lanoticia507"]},{"@type":"Person","@id":"https:\/\/lanoticia507.com\/noticia\/#\/schema\/person\/ef09ab363a6586838f4fe9d2ba0f2f8b","name":"lanoticia507","image":{"@type":"ImageObject","inLanguage":"es","@id":"https:\/\/lanoticia507.com\/noticia\/#\/schema\/person\/image\/","url":"https:\/\/secure.gravatar.com\/avatar\/e1934cbec687ee9715cc234eb1a6c727dfe980db8f0b92ad6e6bbb395ff2c52b?s=96&d=mm&r=g","contentUrl":"https:\/\/secure.gravatar.com\/avatar\/e1934cbec687ee9715cc234eb1a6c727dfe980db8f0b92ad6e6bbb395ff2c52b?s=96&d=mm&r=g","caption":"lanoticia507"},"url":"https:\/\/lanoticia507.com\/noticia\/author\/c2791082\/"}]}},"featured_image_urls":{"full":["https:\/\/lanoticia507.com\/noticia\/wp-content\/uploads\/2026\/05\/WhatsApp-Image-2026-04-30-at-11.59.44-AM.jpeg",1500,1000,false],"thumbnail":["https:\/\/lanoticia507.com\/noticia\/wp-content\/uploads\/2026\/05\/WhatsApp-Image-2026-04-30-at-11.59.44-AM-150x150.jpeg",150,150,true],"medium":["https:\/\/lanoticia507.com\/noticia\/wp-content\/uploads\/2026\/05\/WhatsApp-Image-2026-04-30-at-11.59.44-AM-300x200.jpeg",300,200,true],"medium_large":["https:\/\/lanoticia507.com\/noticia\/wp-content\/uploads\/2026\/05\/WhatsApp-Image-2026-04-30-at-11.59.44-AM-768x512.jpeg",640,427,true],"large":["https:\/\/lanoticia507.com\/noticia\/wp-content\/uploads\/2026\/05\/WhatsApp-Image-2026-04-30-at-11.59.44-AM-1024x683.jpeg",640,427,true],"1536x1536":["https:\/\/lanoticia507.com\/noticia\/wp-content\/uploads\/2026\/05\/WhatsApp-Image-2026-04-30-at-11.59.44-AM.jpeg",1500,1000,false],"2048x2048":["https:\/\/lanoticia507.com\/noticia\/wp-content\/uploads\/2026\/05\/WhatsApp-Image-2026-04-30-at-11.59.44-AM.jpeg",1500,1000,false],"morenews-featured":["https:\/\/lanoticia507.com\/noticia\/wp-content\/uploads\/2026\/05\/WhatsApp-Image-2026-04-30-at-11.59.44-AM-1024x683.jpeg",1024,683,true],"morenews-large":["https:\/\/lanoticia507.com\/noticia\/wp-content\/uploads\/2026\/05\/WhatsApp-Image-2026-04-30-at-11.59.44-AM-825x575.jpeg",825,575,true],"morenews-medium":["https:\/\/lanoticia507.com\/noticia\/wp-content\/uploads\/2026\/05\/WhatsApp-Image-2026-04-30-at-11.59.44-AM-590x410.jpeg",590,410,true]},"author_info":{"display_name":"lanoticia507","author_link":"https:\/\/lanoticia507.com\/noticia\/author\/c2791082\/"},"category_info":"<a href=\"https:\/\/lanoticia507.com\/noticia\/category\/actualidad-panama\/\" rel=\"category tag\">Actualidad Panam\u00e1<\/a>","tag_info":"Actualidad Panam\u00e1","comment_count":"0","_links":{"self":[{"href":"https:\/\/lanoticia507.com\/noticia\/wp-json\/wp\/v2\/posts\/2820","targetHints":{"allow":["GET"]}}],"collection":[{"href":"https:\/\/lanoticia507.com\/noticia\/wp-json\/wp\/v2\/posts"}],"about":[{"href":"https:\/\/lanoticia507.com\/noticia\/wp-json\/wp\/v2\/types\/post"}],"author":[{"embeddable":true,"href":"https:\/\/lanoticia507.com\/noticia\/wp-json\/wp\/v2\/users\/2"}],"replies":[{"embeddable":true,"href":"https:\/\/lanoticia507.com\/noticia\/wp-json\/wp\/v2\/comments?post=2820"}],"version-history":[{"count":1,"href":"https:\/\/lanoticia507.com\/noticia\/wp-json\/wp\/v2\/posts\/2820\/revisions"}],"predecessor-version":[{"id":2822,"href":"https:\/\/lanoticia507.com\/noticia\/wp-json\/wp\/v2\/posts\/2820\/revisions\/2822"}],"wp:featuredmedia":[{"embeddable":true,"href":"https:\/\/lanoticia507.com\/noticia\/wp-json\/wp\/v2\/media\/2821"}],"wp:attachment":[{"href":"https:\/\/lanoticia507.com\/noticia\/wp-json\/wp\/v2\/media?parent=2820"}],"wp:term":[{"taxonomy":"category","embeddable":true,"href":"https:\/\/lanoticia507.com\/noticia\/wp-json\/wp\/v2\/categories?post=2820"},{"taxonomy":"post_tag","embeddable":true,"href":"https:\/\/lanoticia507.com\/noticia\/wp-json\/wp\/v2\/tags?post=2820"}],"curies":[{"name":"wp","href":"https:\/\/api.w.org\/{rel}","templated":true}]}}