{"id":3142,"date":"2026-09-01T14:20:25","date_gmt":"2026-09-01T14:20:25","guid":{"rendered":"https:\/\/lanoticia507.com\/noticia\/?p=3142"},"modified":"2026-09-01T14:20:32","modified_gmt":"2026-09-01T14:20:32","slug":"en-bayano-el-senafront-aprehende-a-ciudadano-con-98-paquetes-de-presunta-cocaina","status":"publish","type":"post","link":"https:\/\/lanoticia507.com\/noticia\/en-bayano-el-senafront-aprehende-a-ciudadano-con-98-paquetes-de-presunta-cocaina\/","title":{"rendered":"EN BAYANO, EL SENAFRONT APREHENDE A CIUDADANO CON 98 PAQUETES DE PRESUNTA COCA\u00cdNA"},"content":{"rendered":"\n<p class=\"wp-block-paragraph\">Un ciudadano fue aprehendido por unidades de antinarc\u00f3tico de la 3ra. Brigada Este del Servicio Nacional de Fronteras, luego de ser sorprendido en posesi\u00f3n de 98 paquetes rectangulares que, presuntamente conten\u00edan sustancia il\u00edcita conocida como coca\u00edna.<\/p>\n\n\n\n<p class=\"wp-block-paragraph\">La acci\u00f3n se desarroll\u00f3 mediante labores de perfilamiento realizadas en el Puesto de Control de Bayano, en Chepo, donde fue verificado un veh\u00edculo, el cual manten\u00eda en su interior los paquetes con la presunta droga.<\/p>\n\n\n\n<p class=\"wp-block-paragraph\">Tras el hallazgo, tanto el ciudadano aprehendido como los indicios fueron puestos a disposici\u00f3n de las autoridades competentes.<\/p>\n\n\n\n<p class=\"wp-block-paragraph\">El SENAFRONT contin\u00faa con su ofensiva en puntos estrat\u00e9gicos como parte del Plan Firmeza y su estrategia contra el tr\u00e1fico de drogas il\u00edcitas para llevar ante la justicia a quienes pretendan quebrantar la ley.<\/p>\n","protected":false},"excerpt":{"rendered":"<p>Un ciudadano fue aprehendido por unidades de antinarc\u00f3tico de la 3ra. Brigada Este del Servicio Nacional de Fronteras,<\/p>\n","protected":false},"author":2,"featured_media":3143,"comment_status":"open","ping_status":"open","sticky":false,"template":"","format":"standard","meta":{"footnotes":""},"categories":[5],"tags":[],"class_list":["post-3142","post","type-post","status-publish","format-standard","has-post-thumbnail","hentry","category-sucesos"],"yoast_head":"<!-- This site is optimized with the Yoast SEO plugin v25.2 - https:\/\/yoast.com\/wordpress\/plugins\/seo\/ -->\n<title>EN BAYANO, EL SENAFRONT APREHENDE A CIUDADANO CON 98 PAQUETES DE PRESUNTA COCA\u00cdNA -<\/title>\n<meta name=\"robots\" content=\"index, follow, max-snippet:-1, max-image-preview:large, max-video-preview:-1\" \/>\n<link rel=\"canonical\" href=\"https:\/\/lanoticia507.com\/noticia\/en-bayano-el-senafront-aprehende-a-ciudadano-con-98-paquetes-de-presunta-cocaina\/\" \/>\n<meta property=\"og:locale\" content=\"es_ES\" \/>\n<meta property=\"og:type\" content=\"article\" \/>\n<meta property=\"og:title\" content=\"EN BAYANO, EL SENAFRONT APREHENDE A CIUDADANO CON 98 PAQUETES DE PRESUNTA COCA\u00cdNA -\" \/>\n<meta property=\"og:description\" content=\"Un ciudadano fue aprehendido por unidades de antinarc\u00f3tico de la 3ra. Brigada Este del Servicio Nacional de Fronteras,\" \/>\n<meta property=\"og:url\" content=\"https:\/\/lanoticia507.com\/noticia\/en-bayano-el-senafront-aprehende-a-ciudadano-con-98-paquetes-de-presunta-cocaina\/\" \/>\n<meta property=\"article:published_time\" content=\"2026-09-01T14:20:25+00:00\" \/>\n<meta property=\"article:modified_time\" content=\"2026-09-01T14:20:32+00:00\" \/>\n<meta property=\"og:image\" content=\"https:\/\/lanoticia507.com\/noticia\/wp-content\/uploads\/2026\/09\/WhatsApp-Image-2026-09-01-at-7.31.50-AM.jpeg\" \/>\n\t<meta property=\"og:image:width\" content=\"1600\" \/>\n\t<meta property=\"og:image:height\" content=\"1200\" \/>\n\t<meta property=\"og:image:type\" content=\"image\/jpeg\" \/>\n<meta name=\"author\" content=\"lanoticia507\" \/>\n<meta name=\"twitter:card\" content=\"summary_large_image\" \/>\n<meta name=\"twitter:label1\" content=\"Escrito por\" \/>\n\t<meta name=\"twitter:data1\" content=\"lanoticia507\" \/>\n\t<meta name=\"twitter:label2\" content=\"Tiempo de lectura\" \/>\n\t<meta name=\"twitter:data2\" content=\"1 minuto\" \/>\n<script type=\"application\/ld+json\" class=\"yoast-schema-graph\">{\"@context\":\"https:\/\/schema.org\",\"@graph\":[{\"@type\":\"Article\",\"@id\":\"https:\/\/lanoticia507.com\/noticia\/en-bayano-el-senafront-aprehende-a-ciudadano-con-98-paquetes-de-presunta-cocaina\/#article\",\"isPartOf\":{\"@id\":\"https:\/\/lanoticia507.com\/noticia\/en-bayano-el-senafront-aprehende-a-ciudadano-con-98-paquetes-de-presunta-cocaina\/\"},\"author\":{\"name\":\"lanoticia507\",\"@id\":\"https:\/\/lanoticia507.com\/noticia\/#\/schema\/person\/ef09ab363a6586838f4fe9d2ba0f2f8b\"},\"headline\":\"EN BAYANO, EL SENAFRONT APREHENDE A CIUDADANO CON 98 PAQUETES DE PRESUNTA COCA\u00cdNA\",\"datePublished\":\"2026-09-01T14:20:25+00:00\",\"dateModified\":\"2026-09-01T14:20:32+00:00\",\"mainEntityOfPage\":{\"@id\":\"https:\/\/lanoticia507.com\/noticia\/en-bayano-el-senafront-aprehende-a-ciudadano-con-98-paquetes-de-presunta-cocaina\/\"},\"wordCount\":148,\"commentCount\":0,\"publisher\":{\"@id\":\"https:\/\/lanoticia507.com\/noticia\/#organization\"},\"image\":{\"@id\":\"https:\/\/lanoticia507.com\/noticia\/en-bayano-el-senafront-aprehende-a-ciudadano-con-98-paquetes-de-presunta-cocaina\/#primaryimage\"},\"thumbnailUrl\":\"https:\/\/lanoticia507.com\/noticia\/wp-content\/uploads\/2026\/09\/WhatsApp-Image-2026-09-01-at-7.31.50-AM.jpeg\",\"articleSection\":[\"Sucesos\"],\"inLanguage\":\"es\",\"potentialAction\":[{\"@type\":\"CommentAction\",\"name\":\"Comment\",\"target\":[\"https:\/\/lanoticia507.com\/noticia\/en-bayano-el-senafront-aprehende-a-ciudadano-con-98-paquetes-de-presunta-cocaina\/#respond\"]}]},{\"@type\":\"WebPage\",\"@id\":\"https:\/\/lanoticia507.com\/noticia\/en-bayano-el-senafront-aprehende-a-ciudadano-con-98-paquetes-de-presunta-cocaina\/\",\"url\":\"https:\/\/lanoticia507.com\/noticia\/en-bayano-el-senafront-aprehende-a-ciudadano-con-98-paquetes-de-presunta-cocaina\/\",\"name\":\"EN BAYANO, EL SENAFRONT APREHENDE A CIUDADANO CON 98 PAQUETES DE PRESUNTA COCA\u00cdNA -\",\"isPartOf\":{\"@id\":\"https:\/\/lanoticia507.com\/noticia\/#website\"},\"primaryImageOfPage\":{\"@id\":\"https:\/\/lanoticia507.com\/noticia\/en-bayano-el-senafront-aprehende-a-ciudadano-con-98-paquetes-de-presunta-cocaina\/#primaryimage\"},\"image\":{\"@id\":\"https:\/\/lanoticia507.com\/noticia\/en-bayano-el-senafront-aprehende-a-ciudadano-con-98-paquetes-de-presunta-cocaina\/#primaryimage\"},\"thumbnailUrl\":\"https:\/\/lanoticia507.com\/noticia\/wp-content\/uploads\/2026\/09\/WhatsApp-Image-2026-09-01-at-7.31.50-AM.jpeg\",\"datePublished\":\"2026-09-01T14:20:25+00:00\",\"dateModified\":\"2026-09-01T14:20:32+00:00\",\"breadcrumb\":{\"@id\":\"https:\/\/lanoticia507.com\/noticia\/en-bayano-el-senafront-aprehende-a-ciudadano-con-98-paquetes-de-presunta-cocaina\/#breadcrumb\"},\"inLanguage\":\"es\",\"potentialAction\":[{\"@type\":\"ReadAction\",\"target\":[\"https:\/\/lanoticia507.com\/noticia\/en-bayano-el-senafront-aprehende-a-ciudadano-con-98-paquetes-de-presunta-cocaina\/\"]}]},{\"@type\":\"ImageObject\",\"inLanguage\":\"es\",\"@id\":\"https:\/\/lanoticia507.com\/noticia\/en-bayano-el-senafront-aprehende-a-ciudadano-con-98-paquetes-de-presunta-cocaina\/#primaryimage\",\"url\":\"https:\/\/lanoticia507.com\/noticia\/wp-content\/uploads\/2026\/09\/WhatsApp-Image-2026-09-01-at-7.31.50-AM.jpeg\",\"contentUrl\":\"https:\/\/lanoticia507.com\/noticia\/wp-content\/uploads\/2026\/09\/WhatsApp-Image-2026-09-01-at-7.31.50-AM.jpeg\",\"width\":1600,\"height\":1200},{\"@type\":\"BreadcrumbList\",\"@id\":\"https:\/\/lanoticia507.com\/noticia\/en-bayano-el-senafront-aprehende-a-ciudadano-con-98-paquetes-de-presunta-cocaina\/#breadcrumb\",\"itemListElement\":[{\"@type\":\"ListItem\",\"position\":1,\"name\":\"Portada\",\"item\":\"https:\/\/lanoticia507.com\/noticia\/\"},{\"@type\":\"ListItem\",\"position\":2,\"name\":\"EN BAYANO, EL SENAFRONT APREHENDE A CIUDADANO CON 98 PAQUETES DE PRESUNTA COCA\u00cdNA\"}]},{\"@type\":\"WebSite\",\"@id\":\"https:\/\/lanoticia507.com\/noticia\/#website\",\"url\":\"https:\/\/lanoticia507.com\/noticia\/\",\"name\":\"Noticias de Panam\u00e1 | \u00daltimas noticias de Panam\u00e1 | La Noticia 507\",\"description\":\"\",\"publisher\":{\"@id\":\"https:\/\/lanoticia507.com\/noticia\/#organization\"},\"potentialAction\":[{\"@type\":\"SearchAction\",\"target\":{\"@type\":\"EntryPoint\",\"urlTemplate\":\"https:\/\/lanoticia507.com\/noticia\/?s={search_term_string}\"},\"query-input\":{\"@type\":\"PropertyValueSpecification\",\"valueRequired\":true,\"valueName\":\"search_term_string\"}}],\"inLanguage\":\"es\"},{\"@type\":\"Organization\",\"@id\":\"https:\/\/lanoticia507.com\/noticia\/#organization\",\"name\":\"Noticias de Panam\u00e1 | \u00daltimas noticias de Panam\u00e1 | La Noticia 507\",\"url\":\"https:\/\/lanoticia507.com\/noticia\/\",\"logo\":{\"@type\":\"ImageObject\",\"inLanguage\":\"es\",\"@id\":\"https:\/\/lanoticia507.com\/noticia\/#\/schema\/logo\/image\/\",\"url\":\"https:\/\/lanoticia507.com\/noticia\/wp-content\/uploads\/2025\/04\/logo-la-noticia-507-150-sombra.png\",\"contentUrl\":\"https:\/\/lanoticia507.com\/noticia\/wp-content\/uploads\/2025\/04\/logo-la-noticia-507-150-sombra.png\",\"width\":170,\"height\":170,\"caption\":\"Noticias de Panam\u00e1 | \u00daltimas noticias de Panam\u00e1 | La Noticia 507\"},\"image\":{\"@id\":\"https:\/\/lanoticia507.com\/noticia\/#\/schema\/logo\/image\/\"},\"sameAs\":[\"https:\/\/www.instagram.com\/lanoticia507\",\"https:\/\/www.tiktok.com\/@lanoticia507\"]},{\"@type\":\"Person\",\"@id\":\"https:\/\/lanoticia507.com\/noticia\/#\/schema\/person\/ef09ab363a6586838f4fe9d2ba0f2f8b\",\"name\":\"lanoticia507\",\"image\":{\"@type\":\"ImageObject\",\"inLanguage\":\"es\",\"@id\":\"https:\/\/lanoticia507.com\/noticia\/#\/schema\/person\/image\/\",\"url\":\"https:\/\/secure.gravatar.com\/avatar\/e1934cbec687ee9715cc234eb1a6c727dfe980db8f0b92ad6e6bbb395ff2c52b?s=96&d=mm&r=g\",\"contentUrl\":\"https:\/\/secure.gravatar.com\/avatar\/e1934cbec687ee9715cc234eb1a6c727dfe980db8f0b92ad6e6bbb395ff2c52b?s=96&d=mm&r=g\",\"caption\":\"lanoticia507\"},\"url\":\"https:\/\/lanoticia507.com\/noticia\/author\/c2791082\/\"}]}<\/script>\n<!-- \/ Yoast SEO plugin. -->","yoast_head_json":{"title":"EN BAYANO, EL SENAFRONT APREHENDE A CIUDADANO CON 98 PAQUETES DE PRESUNTA COCA\u00cdNA -","robots":{"index":"index","follow":"follow","max-snippet":"max-snippet:-1","max-image-preview":"max-image-preview:large","max-video-preview":"max-video-preview:-1"},"canonical":"https:\/\/lanoticia507.com\/noticia\/en-bayano-el-senafront-aprehende-a-ciudadano-con-98-paquetes-de-presunta-cocaina\/","og_locale":"es_ES","og_type":"article","og_title":"EN BAYANO, EL SENAFRONT APREHENDE A CIUDADANO CON 98 PAQUETES DE PRESUNTA COCA\u00cdNA -","og_description":"Un ciudadano fue aprehendido por unidades de antinarc\u00f3tico de la 3ra. Brigada Este del Servicio Nacional de Fronteras,","og_url":"https:\/\/lanoticia507.com\/noticia\/en-bayano-el-senafront-aprehende-a-ciudadano-con-98-paquetes-de-presunta-cocaina\/","article_published_time":"2026-09-01T14:20:25+00:00","article_modified_time":"2026-09-01T14:20:32+00:00","og_image":[{"width":1600,"height":1200,"url":"https:\/\/lanoticia507.com\/noticia\/wp-content\/uploads\/2026\/09\/WhatsApp-Image-2026-09-01-at-7.31.50-AM.jpeg","type":"image\/jpeg"}],"author":"lanoticia507","twitter_card":"summary_large_image","twitter_misc":{"Escrito por":"lanoticia507","Tiempo de lectura":"1 minuto"},"schema":{"@context":"https:\/\/schema.org","@graph":[{"@type":"Article","@id":"https:\/\/lanoticia507.com\/noticia\/en-bayano-el-senafront-aprehende-a-ciudadano-con-98-paquetes-de-presunta-cocaina\/#article","isPartOf":{"@id":"https:\/\/lanoticia507.com\/noticia\/en-bayano-el-senafront-aprehende-a-ciudadano-con-98-paquetes-de-presunta-cocaina\/"},"author":{"name":"lanoticia507","@id":"https:\/\/lanoticia507.com\/noticia\/#\/schema\/person\/ef09ab363a6586838f4fe9d2ba0f2f8b"},"headline":"EN BAYANO, EL SENAFRONT APREHENDE A CIUDADANO CON 98 PAQUETES DE PRESUNTA COCA\u00cdNA","datePublished":"2026-09-01T14:20:25+00:00","dateModified":"2026-09-01T14:20:32+00:00","mainEntityOfPage":{"@id":"https:\/\/lanoticia507.com\/noticia\/en-bayano-el-senafront-aprehende-a-ciudadano-con-98-paquetes-de-presunta-cocaina\/"},"wordCount":148,"commentCount":0,"publisher":{"@id":"https:\/\/lanoticia507.com\/noticia\/#organization"},"image":{"@id":"https:\/\/lanoticia507.com\/noticia\/en-bayano-el-senafront-aprehende-a-ciudadano-con-98-paquetes-de-presunta-cocaina\/#primaryimage"},"thumbnailUrl":"https:\/\/lanoticia507.com\/noticia\/wp-content\/uploads\/2026\/09\/WhatsApp-Image-2026-09-01-at-7.31.50-AM.jpeg","articleSection":["Sucesos"],"inLanguage":"es","potentialAction":[{"@type":"CommentAction","name":"Comment","target":["https:\/\/lanoticia507.com\/noticia\/en-bayano-el-senafront-aprehende-a-ciudadano-con-98-paquetes-de-presunta-cocaina\/#respond"]}]},{"@type":"WebPage","@id":"https:\/\/lanoticia507.com\/noticia\/en-bayano-el-senafront-aprehende-a-ciudadano-con-98-paquetes-de-presunta-cocaina\/","url":"https:\/\/lanoticia507.com\/noticia\/en-bayano-el-senafront-aprehende-a-ciudadano-con-98-paquetes-de-presunta-cocaina\/","name":"EN BAYANO, EL SENAFRONT APREHENDE A CIUDADANO CON 98 PAQUETES DE PRESUNTA COCA\u00cdNA -","isPartOf":{"@id":"https:\/\/lanoticia507.com\/noticia\/#website"},"primaryImageOfPage":{"@id":"https:\/\/lanoticia507.com\/noticia\/en-bayano-el-senafront-aprehende-a-ciudadano-con-98-paquetes-de-presunta-cocaina\/#primaryimage"},"image":{"@id":"https:\/\/lanoticia507.com\/noticia\/en-bayano-el-senafront-aprehende-a-ciudadano-con-98-paquetes-de-presunta-cocaina\/#primaryimage"},"thumbnailUrl":"https:\/\/lanoticia507.com\/noticia\/wp-content\/uploads\/2026\/09\/WhatsApp-Image-2026-09-01-at-7.31.50-AM.jpeg","datePublished":"2026-09-01T14:20:25+00:00","dateModified":"2026-09-01T14:20:32+00:00","breadcrumb":{"@id":"https:\/\/lanoticia507.com\/noticia\/en-bayano-el-senafront-aprehende-a-ciudadano-con-98-paquetes-de-presunta-cocaina\/#breadcrumb"},"inLanguage":"es","potentialAction":[{"@type":"ReadAction","target":["https:\/\/lanoticia507.com\/noticia\/en-bayano-el-senafront-aprehende-a-ciudadano-con-98-paquetes-de-presunta-cocaina\/"]}]},{"@type":"ImageObject","inLanguage":"es","@id":"https:\/\/lanoticia507.com\/noticia\/en-bayano-el-senafront-aprehende-a-ciudadano-con-98-paquetes-de-presunta-cocaina\/#primaryimage","url":"https:\/\/lanoticia507.com\/noticia\/wp-content\/uploads\/2026\/09\/WhatsApp-Image-2026-09-01-at-7.31.50-AM.jpeg","contentUrl":"https:\/\/lanoticia507.com\/noticia\/wp-content\/uploads\/2026\/09\/WhatsApp-Image-2026-09-01-at-7.31.50-AM.jpeg","width":1600,"height":1200},{"@type":"BreadcrumbList","@id":"https:\/\/lanoticia507.com\/noticia\/en-bayano-el-senafront-aprehende-a-ciudadano-con-98-paquetes-de-presunta-cocaina\/#breadcrumb","itemListElement":[{"@type":"ListItem","position":1,"name":"Portada","item":"https:\/\/lanoticia507.com\/noticia\/"},{"@type":"ListItem","position":2,"name":"EN BAYANO, EL SENAFRONT APREHENDE A CIUDADANO CON 98 PAQUETES DE PRESUNTA COCA\u00cdNA"}]},{"@type":"WebSite","@id":"https:\/\/lanoticia507.com\/noticia\/#website","url":"https:\/\/lanoticia507.com\/noticia\/","name":"Noticias de Panam\u00e1 | \u00daltimas noticias de Panam\u00e1 | La Noticia 507","description":"","publisher":{"@id":"https:\/\/lanoticia507.com\/noticia\/#organization"},"potentialAction":[{"@type":"SearchAction","target":{"@type":"EntryPoint","urlTemplate":"https:\/\/lanoticia507.com\/noticia\/?s={search_term_string}"},"query-input":{"@type":"PropertyValueSpecification","valueRequired":true,"valueName":"search_term_string"}}],"inLanguage":"es"},{"@type":"Organization","@id":"https:\/\/lanoticia507.com\/noticia\/#organization","name":"Noticias de Panam\u00e1 | \u00daltimas noticias de Panam\u00e1 | La Noticia 507","url":"https:\/\/lanoticia507.com\/noticia\/","logo":{"@type":"ImageObject","inLanguage":"es","@id":"https:\/\/lanoticia507.com\/noticia\/#\/schema\/logo\/image\/","url":"https:\/\/lanoticia507.com\/noticia\/wp-content\/uploads\/2025\/04\/logo-la-noticia-507-150-sombra.png","contentUrl":"https:\/\/lanoticia507.com\/noticia\/wp-content\/uploads\/2025\/04\/logo-la-noticia-507-150-sombra.png","width":170,"height":170,"caption":"Noticias de Panam\u00e1 | \u00daltimas noticias de Panam\u00e1 | La Noticia 507"},"image":{"@id":"https:\/\/lanoticia507.com\/noticia\/#\/schema\/logo\/image\/"},"sameAs":["https:\/\/www.instagram.com\/lanoticia507","https:\/\/www.tiktok.com\/@lanoticia507"]},{"@type":"Person","@id":"https:\/\/lanoticia507.com\/noticia\/#\/schema\/person\/ef09ab363a6586838f4fe9d2ba0f2f8b","name":"lanoticia507","image":{"@type":"ImageObject","inLanguage":"es","@id":"https:\/\/lanoticia507.com\/noticia\/#\/schema\/person\/image\/","url":"https:\/\/secure.gravatar.com\/avatar\/e1934cbec687ee9715cc234eb1a6c727dfe980db8f0b92ad6e6bbb395ff2c52b?s=96&d=mm&r=g","contentUrl":"https:\/\/secure.gravatar.com\/avatar\/e1934cbec687ee9715cc234eb1a6c727dfe980db8f0b92ad6e6bbb395ff2c52b?s=96&d=mm&r=g","caption":"lanoticia507"},"url":"https:\/\/lanoticia507.com\/noticia\/author\/c2791082\/"}]}},"featured_image_urls":{"full":["https:\/\/lanoticia507.com\/noticia\/wp-content\/uploads\/2026\/09\/WhatsApp-Image-2026-09-01-at-7.31.50-AM.jpeg",1600,1200,false],"thumbnail":["https:\/\/lanoticia507.com\/noticia\/wp-content\/uploads\/2026\/09\/WhatsApp-Image-2026-09-01-at-7.31.50-AM-150x150.jpeg",150,150,true],"medium":["https:\/\/lanoticia507.com\/noticia\/wp-content\/uploads\/2026\/09\/WhatsApp-Image-2026-09-01-at-7.31.50-AM-300x225.jpeg",300,225,true],"medium_large":["https:\/\/lanoticia507.com\/noticia\/wp-content\/uploads\/2026\/09\/WhatsApp-Image-2026-09-01-at-7.31.50-AM-768x576.jpeg",640,480,true],"large":["https:\/\/lanoticia507.com\/noticia\/wp-content\/uploads\/2026\/09\/WhatsApp-Image-2026-09-01-at-7.31.50-AM-1024x768.jpeg",640,480,true],"1536x1536":["https:\/\/lanoticia507.com\/noticia\/wp-content\/uploads\/2026\/09\/WhatsApp-Image-2026-09-01-at-7.31.50-AM-1536x1152.jpeg",1536,1152,true],"2048x2048":["https:\/\/lanoticia507.com\/noticia\/wp-content\/uploads\/2026\/09\/WhatsApp-Image-2026-09-01-at-7.31.50-AM.jpeg",1600,1200,false],"morenews-featured":["https:\/\/lanoticia507.com\/noticia\/wp-content\/uploads\/2026\/09\/WhatsApp-Image-2026-09-01-at-7.31.50-AM-1024x768.jpeg",1024,768,true],"morenews-large":["https:\/\/lanoticia507.com\/noticia\/wp-content\/uploads\/2026\/09\/WhatsApp-Image-2026-09-01-at-7.31.50-AM-825x575.jpeg",825,575,true],"morenews-medium":["https:\/\/lanoticia507.com\/noticia\/wp-content\/uploads\/2026\/09\/WhatsApp-Image-2026-09-01-at-7.31.50-AM-590x410.jpeg",590,410,true]},"author_info":{"display_name":"lanoticia507","author_link":"https:\/\/lanoticia507.com\/noticia\/author\/c2791082\/"},"category_info":"<a href=\"https:\/\/lanoticia507.com\/noticia\/category\/sucesos\/\" rel=\"category tag\">Sucesos<\/a>","tag_info":"Sucesos","comment_count":"0","_links":{"self":[{"href":"https:\/\/lanoticia507.com\/noticia\/wp-json\/wp\/v2\/posts\/3142","targetHints":{"allow":["GET"]}}],"collection":[{"href":"https:\/\/lanoticia507.com\/noticia\/wp-json\/wp\/v2\/posts"}],"about":[{"href":"https:\/\/lanoticia507.com\/noticia\/wp-json\/wp\/v2\/types\/post"}],"author":[{"embeddable":true,"href":"https:\/\/lanoticia507.com\/noticia\/wp-json\/wp\/v2\/users\/2"}],"replies":[{"embeddable":true,"href":"https:\/\/lanoticia507.com\/noticia\/wp-json\/wp\/v2\/comments?post=3142"}],"version-history":[{"count":1,"href":"https:\/\/lanoticia507.com\/noticia\/wp-json\/wp\/v2\/posts\/3142\/revisions"}],"predecessor-version":[{"id":3144,"href":"https:\/\/lanoticia507.com\/noticia\/wp-json\/wp\/v2\/posts\/3142\/revisions\/3144"}],"wp:featuredmedia":[{"embeddable":true,"href":"https:\/\/lanoticia507.com\/noticia\/wp-json\/wp\/v2\/media\/3143"}],"wp:attachment":[{"href":"https:\/\/lanoticia507.com\/noticia\/wp-json\/wp\/v2\/media?parent=3142"}],"wp:term":[{"taxonomy":"category","embeddable":true,"href":"https:\/\/lanoticia507.com\/noticia\/wp-json\/wp\/v2\/categories?post=3142"},{"taxonomy":"post_tag","embeddable":true,"href":"https:\/\/lanoticia507.com\/noticia\/wp-json\/wp\/v2\/tags?post=3142"}],"curies":[{"name":"wp","href":"https:\/\/api.w.org\/{rel}","templated":true}]}}