{"id":3153,"date":"2026-09-01T14:26:22","date_gmt":"2026-09-01T14:26:22","guid":{"rendered":"https:\/\/lanoticia507.com\/noticia\/?p=3153"},"modified":"2026-09-01T14:26:23","modified_gmt":"2026-09-01T14:26:23","slug":"rapida-accion-de-los-bomberos-evita-tragedia-durante-incendio-en-villa-zaita","status":"publish","type":"post","link":"https:\/\/lanoticia507.com\/noticia\/rapida-accion-de-los-bomberos-evita-tragedia-durante-incendio-en-villa-zaita\/","title":{"rendered":"R\u00e1pida acci\u00f3n de los bomberos evita tragedia durante incendio en Villa Zaita"},"content":{"rendered":"\n<p class=\"wp-block-paragraph\">La oportuna intervenci\u00f3n del Benem\u00e9rito Cuerpo de Bomberos de la Rep\u00fablica de Panam\u00e1 evit\u00f3 la p\u00e9rdida de vidas humanas y da\u00f1os mayores durante un voraz incendio registrado la noche del lunes 31 de agosto, pasadas las 10:00 p.m., en una f\u00e1brica de colchones ubicada en V\u00eda Zaita, cerca de la L\u00ednea 1 del Metro de Panam\u00e1.<\/p>\n\n\n\n<p class=\"wp-block-paragraph\">De acuerdo con el reporte oficial, las llamas amenazaban con propagarse a las viviendas aleda\u00f1as, lo que gener\u00f3 alarma entre los residentes del sector.<\/p>\n\n\n\n<p class=\"wp-block-paragraph\">Al sitio acudieron unidades de las estaciones de San Miguelito, Alcalde D\u00edaz, Carrasquilla, Calidonia, Juan D\u00edaz y Tocumen, as\u00ed como tanqueros de varias estaciones.<\/p>\n\n\n\n<p class=\"wp-block-paragraph\">Igualmente se despleg\u00f3 personal de rescate de la estaci\u00f3n de Clayton, junto con ambulancias del Sistema de Atenci\u00f3n M\u00e9dica de Emergencias, SAMER.<\/p>\n\n\n\n<p class=\"wp-block-paragraph\">Un total de 70 agentes trabajaron de forma coordinada para controlar el fuego, enfriar las estructuras expuestas y establecer un per\u00edmetro de seguridad que impidi\u00f3 que el incendio alcanzara otras edificaciones, incluyendo el Metro de Panam\u00e1.<\/p>\n\n\n\n<p class=\"wp-block-paragraph\">\u201cGracias a la r\u00e1pida respuesta de nuestras unidades y al trabajo en equipo, logramos contener el incendio y proteger tanto a los vecinos como a la infraestructura p\u00fablica cercana\u201d, se\u00f1al\u00f3 un vocero del Benem\u00e9rito Cuerpo de Bomberos.<\/p>\n\n\n\n<p class=\"wp-block-paragraph\">Las autoridades iniciaron las investigaciones para determinar las causas del siniestro. No se reportaron personas heridas ni v\u00edctimas que lamentar.<\/p>\n\n\n\n<p class=\"wp-block-paragraph\">El Benem\u00e9rito Cuerpo de Bomberos reiter\u00f3 el llamado a la ciudadan\u00eda a mantener las medidas de prevenci\u00f3n y a reportar cualquier emergencia a la l\u00ednea 103.<\/p>\n","protected":false},"excerpt":{"rendered":"<p>La oportuna intervenci\u00f3n del Benem\u00e9rito Cuerpo de Bomberos de la Rep\u00fablica de Panam\u00e1 evit\u00f3 la p\u00e9rdida de vidas<\/p>\n","protected":false},"author":2,"featured_media":3154,"comment_status":"open","ping_status":"open","sticky":false,"template":"","format":"standard","meta":{"footnotes":""},"categories":[5],"tags":[],"class_list":["post-3153","post","type-post","status-publish","format-standard","has-post-thumbnail","hentry","category-sucesos"],"yoast_head":"<!-- This site is optimized with the Yoast SEO plugin v25.2 - https:\/\/yoast.com\/wordpress\/plugins\/seo\/ -->\n<title>R\u00e1pida acci\u00f3n de los bomberos evita tragedia durante incendio en Villa Zaita -<\/title>\n<meta name=\"robots\" content=\"index, follow, max-snippet:-1, max-image-preview:large, max-video-preview:-1\" \/>\n<link rel=\"canonical\" href=\"https:\/\/lanoticia507.com\/noticia\/rapida-accion-de-los-bomberos-evita-tragedia-durante-incendio-en-villa-zaita\/\" \/>\n<meta property=\"og:locale\" content=\"es_ES\" \/>\n<meta property=\"og:type\" content=\"article\" \/>\n<meta property=\"og:title\" content=\"R\u00e1pida acci\u00f3n de los bomberos evita tragedia durante incendio en Villa Zaita -\" \/>\n<meta property=\"og:description\" content=\"La oportuna intervenci\u00f3n del Benem\u00e9rito Cuerpo de Bomberos de la Rep\u00fablica de Panam\u00e1 evit\u00f3 la p\u00e9rdida de vidas\" \/>\n<meta property=\"og:url\" content=\"https:\/\/lanoticia507.com\/noticia\/rapida-accion-de-los-bomberos-evita-tragedia-durante-incendio-en-villa-zaita\/\" \/>\n<meta property=\"article:published_time\" content=\"2026-09-01T14:26:22+00:00\" \/>\n<meta property=\"article:modified_time\" content=\"2026-09-01T14:26:23+00:00\" \/>\n<meta property=\"og:image\" content=\"https:\/\/lanoticia507.com\/noticia\/wp-content\/uploads\/2026\/09\/WhatsApp-Image-2026-09-01-at-4.38.55-AM.jpeg\" \/>\n\t<meta property=\"og:image:width\" content=\"1600\" \/>\n\t<meta property=\"og:image:height\" content=\"1200\" \/>\n\t<meta property=\"og:image:type\" content=\"image\/jpeg\" \/>\n<meta name=\"author\" content=\"lanoticia507\" \/>\n<meta name=\"twitter:card\" content=\"summary_large_image\" \/>\n<meta name=\"twitter:label1\" content=\"Escrito por\" \/>\n\t<meta name=\"twitter:data1\" content=\"lanoticia507\" \/>\n\t<meta name=\"twitter:label2\" content=\"Tiempo de lectura\" \/>\n\t<meta name=\"twitter:data2\" content=\"2 minutos\" \/>\n<script type=\"application\/ld+json\" class=\"yoast-schema-graph\">{\"@context\":\"https:\/\/schema.org\",\"@graph\":[{\"@type\":\"Article\",\"@id\":\"https:\/\/lanoticia507.com\/noticia\/rapida-accion-de-los-bomberos-evita-tragedia-durante-incendio-en-villa-zaita\/#article\",\"isPartOf\":{\"@id\":\"https:\/\/lanoticia507.com\/noticia\/rapida-accion-de-los-bomberos-evita-tragedia-durante-incendio-en-villa-zaita\/\"},\"author\":{\"name\":\"lanoticia507\",\"@id\":\"https:\/\/lanoticia507.com\/noticia\/#\/schema\/person\/ef09ab363a6586838f4fe9d2ba0f2f8b\"},\"headline\":\"R\u00e1pida acci\u00f3n de los bomberos evita tragedia durante incendio en Villa Zaita\",\"datePublished\":\"2026-09-01T14:26:22+00:00\",\"dateModified\":\"2026-09-01T14:26:23+00:00\",\"mainEntityOfPage\":{\"@id\":\"https:\/\/lanoticia507.com\/noticia\/rapida-accion-de-los-bomberos-evita-tragedia-durante-incendio-en-villa-zaita\/\"},\"wordCount\":279,\"commentCount\":0,\"publisher\":{\"@id\":\"https:\/\/lanoticia507.com\/noticia\/#organization\"},\"image\":{\"@id\":\"https:\/\/lanoticia507.com\/noticia\/rapida-accion-de-los-bomberos-evita-tragedia-durante-incendio-en-villa-zaita\/#primaryimage\"},\"thumbnailUrl\":\"https:\/\/lanoticia507.com\/noticia\/wp-content\/uploads\/2026\/09\/WhatsApp-Image-2026-09-01-at-4.38.55-AM.jpeg\",\"articleSection\":[\"Sucesos\"],\"inLanguage\":\"es\",\"potentialAction\":[{\"@type\":\"CommentAction\",\"name\":\"Comment\",\"target\":[\"https:\/\/lanoticia507.com\/noticia\/rapida-accion-de-los-bomberos-evita-tragedia-durante-incendio-en-villa-zaita\/#respond\"]}]},{\"@type\":\"WebPage\",\"@id\":\"https:\/\/lanoticia507.com\/noticia\/rapida-accion-de-los-bomberos-evita-tragedia-durante-incendio-en-villa-zaita\/\",\"url\":\"https:\/\/lanoticia507.com\/noticia\/rapida-accion-de-los-bomberos-evita-tragedia-durante-incendio-en-villa-zaita\/\",\"name\":\"R\u00e1pida acci\u00f3n de los bomberos evita tragedia durante incendio en Villa Zaita -\",\"isPartOf\":{\"@id\":\"https:\/\/lanoticia507.com\/noticia\/#website\"},\"primaryImageOfPage\":{\"@id\":\"https:\/\/lanoticia507.com\/noticia\/rapida-accion-de-los-bomberos-evita-tragedia-durante-incendio-en-villa-zaita\/#primaryimage\"},\"image\":{\"@id\":\"https:\/\/lanoticia507.com\/noticia\/rapida-accion-de-los-bomberos-evita-tragedia-durante-incendio-en-villa-zaita\/#primaryimage\"},\"thumbnailUrl\":\"https:\/\/lanoticia507.com\/noticia\/wp-content\/uploads\/2026\/09\/WhatsApp-Image-2026-09-01-at-4.38.55-AM.jpeg\",\"datePublished\":\"2026-09-01T14:26:22+00:00\",\"dateModified\":\"2026-09-01T14:26:23+00:00\",\"breadcrumb\":{\"@id\":\"https:\/\/lanoticia507.com\/noticia\/rapida-accion-de-los-bomberos-evita-tragedia-durante-incendio-en-villa-zaita\/#breadcrumb\"},\"inLanguage\":\"es\",\"potentialAction\":[{\"@type\":\"ReadAction\",\"target\":[\"https:\/\/lanoticia507.com\/noticia\/rapida-accion-de-los-bomberos-evita-tragedia-durante-incendio-en-villa-zaita\/\"]}]},{\"@type\":\"ImageObject\",\"inLanguage\":\"es\",\"@id\":\"https:\/\/lanoticia507.com\/noticia\/rapida-accion-de-los-bomberos-evita-tragedia-durante-incendio-en-villa-zaita\/#primaryimage\",\"url\":\"https:\/\/lanoticia507.com\/noticia\/wp-content\/uploads\/2026\/09\/WhatsApp-Image-2026-09-01-at-4.38.55-AM.jpeg\",\"contentUrl\":\"https:\/\/lanoticia507.com\/noticia\/wp-content\/uploads\/2026\/09\/WhatsApp-Image-2026-09-01-at-4.38.55-AM.jpeg\",\"width\":1600,\"height\":1200},{\"@type\":\"BreadcrumbList\",\"@id\":\"https:\/\/lanoticia507.com\/noticia\/rapida-accion-de-los-bomberos-evita-tragedia-durante-incendio-en-villa-zaita\/#breadcrumb\",\"itemListElement\":[{\"@type\":\"ListItem\",\"position\":1,\"name\":\"Portada\",\"item\":\"https:\/\/lanoticia507.com\/noticia\/\"},{\"@type\":\"ListItem\",\"position\":2,\"name\":\"R\u00e1pida acci\u00f3n de los bomberos evita tragedia durante incendio en Villa Zaita\"}]},{\"@type\":\"WebSite\",\"@id\":\"https:\/\/lanoticia507.com\/noticia\/#website\",\"url\":\"https:\/\/lanoticia507.com\/noticia\/\",\"name\":\"Noticias de Panam\u00e1 | \u00daltimas noticias de Panam\u00e1 | La Noticia 507\",\"description\":\"\",\"publisher\":{\"@id\":\"https:\/\/lanoticia507.com\/noticia\/#organization\"},\"potentialAction\":[{\"@type\":\"SearchAction\",\"target\":{\"@type\":\"EntryPoint\",\"urlTemplate\":\"https:\/\/lanoticia507.com\/noticia\/?s={search_term_string}\"},\"query-input\":{\"@type\":\"PropertyValueSpecification\",\"valueRequired\":true,\"valueName\":\"search_term_string\"}}],\"inLanguage\":\"es\"},{\"@type\":\"Organization\",\"@id\":\"https:\/\/lanoticia507.com\/noticia\/#organization\",\"name\":\"Noticias de Panam\u00e1 | \u00daltimas noticias de Panam\u00e1 | La Noticia 507\",\"url\":\"https:\/\/lanoticia507.com\/noticia\/\",\"logo\":{\"@type\":\"ImageObject\",\"inLanguage\":\"es\",\"@id\":\"https:\/\/lanoticia507.com\/noticia\/#\/schema\/logo\/image\/\",\"url\":\"https:\/\/lanoticia507.com\/noticia\/wp-content\/uploads\/2025\/04\/logo-la-noticia-507-150-sombra.png\",\"contentUrl\":\"https:\/\/lanoticia507.com\/noticia\/wp-content\/uploads\/2025\/04\/logo-la-noticia-507-150-sombra.png\",\"width\":170,\"height\":170,\"caption\":\"Noticias de Panam\u00e1 | \u00daltimas noticias de Panam\u00e1 | La Noticia 507\"},\"image\":{\"@id\":\"https:\/\/lanoticia507.com\/noticia\/#\/schema\/logo\/image\/\"},\"sameAs\":[\"https:\/\/www.instagram.com\/lanoticia507\",\"https:\/\/www.tiktok.com\/@lanoticia507\"]},{\"@type\":\"Person\",\"@id\":\"https:\/\/lanoticia507.com\/noticia\/#\/schema\/person\/ef09ab363a6586838f4fe9d2ba0f2f8b\",\"name\":\"lanoticia507\",\"image\":{\"@type\":\"ImageObject\",\"inLanguage\":\"es\",\"@id\":\"https:\/\/lanoticia507.com\/noticia\/#\/schema\/person\/image\/\",\"url\":\"https:\/\/secure.gravatar.com\/avatar\/e1934cbec687ee9715cc234eb1a6c727dfe980db8f0b92ad6e6bbb395ff2c52b?s=96&d=mm&r=g\",\"contentUrl\":\"https:\/\/secure.gravatar.com\/avatar\/e1934cbec687ee9715cc234eb1a6c727dfe980db8f0b92ad6e6bbb395ff2c52b?s=96&d=mm&r=g\",\"caption\":\"lanoticia507\"},\"url\":\"https:\/\/lanoticia507.com\/noticia\/author\/c2791082\/\"}]}<\/script>\n<!-- \/ Yoast SEO plugin. -->","yoast_head_json":{"title":"R\u00e1pida acci\u00f3n de los bomberos evita tragedia durante incendio en Villa Zaita -","robots":{"index":"index","follow":"follow","max-snippet":"max-snippet:-1","max-image-preview":"max-image-preview:large","max-video-preview":"max-video-preview:-1"},"canonical":"https:\/\/lanoticia507.com\/noticia\/rapida-accion-de-los-bomberos-evita-tragedia-durante-incendio-en-villa-zaita\/","og_locale":"es_ES","og_type":"article","og_title":"R\u00e1pida acci\u00f3n de los bomberos evita tragedia durante incendio en Villa Zaita -","og_description":"La oportuna intervenci\u00f3n del Benem\u00e9rito Cuerpo de Bomberos de la Rep\u00fablica de Panam\u00e1 evit\u00f3 la p\u00e9rdida de vidas","og_url":"https:\/\/lanoticia507.com\/noticia\/rapida-accion-de-los-bomberos-evita-tragedia-durante-incendio-en-villa-zaita\/","article_published_time":"2026-09-01T14:26:22+00:00","article_modified_time":"2026-09-01T14:26:23+00:00","og_image":[{"width":1600,"height":1200,"url":"https:\/\/lanoticia507.com\/noticia\/wp-content\/uploads\/2026\/09\/WhatsApp-Image-2026-09-01-at-4.38.55-AM.jpeg","type":"image\/jpeg"}],"author":"lanoticia507","twitter_card":"summary_large_image","twitter_misc":{"Escrito por":"lanoticia507","Tiempo de lectura":"2 minutos"},"schema":{"@context":"https:\/\/schema.org","@graph":[{"@type":"Article","@id":"https:\/\/lanoticia507.com\/noticia\/rapida-accion-de-los-bomberos-evita-tragedia-durante-incendio-en-villa-zaita\/#article","isPartOf":{"@id":"https:\/\/lanoticia507.com\/noticia\/rapida-accion-de-los-bomberos-evita-tragedia-durante-incendio-en-villa-zaita\/"},"author":{"name":"lanoticia507","@id":"https:\/\/lanoticia507.com\/noticia\/#\/schema\/person\/ef09ab363a6586838f4fe9d2ba0f2f8b"},"headline":"R\u00e1pida acci\u00f3n de los bomberos evita tragedia durante incendio en Villa Zaita","datePublished":"2026-09-01T14:26:22+00:00","dateModified":"2026-09-01T14:26:23+00:00","mainEntityOfPage":{"@id":"https:\/\/lanoticia507.com\/noticia\/rapida-accion-de-los-bomberos-evita-tragedia-durante-incendio-en-villa-zaita\/"},"wordCount":279,"commentCount":0,"publisher":{"@id":"https:\/\/lanoticia507.com\/noticia\/#organization"},"image":{"@id":"https:\/\/lanoticia507.com\/noticia\/rapida-accion-de-los-bomberos-evita-tragedia-durante-incendio-en-villa-zaita\/#primaryimage"},"thumbnailUrl":"https:\/\/lanoticia507.com\/noticia\/wp-content\/uploads\/2026\/09\/WhatsApp-Image-2026-09-01-at-4.38.55-AM.jpeg","articleSection":["Sucesos"],"inLanguage":"es","potentialAction":[{"@type":"CommentAction","name":"Comment","target":["https:\/\/lanoticia507.com\/noticia\/rapida-accion-de-los-bomberos-evita-tragedia-durante-incendio-en-villa-zaita\/#respond"]}]},{"@type":"WebPage","@id":"https:\/\/lanoticia507.com\/noticia\/rapida-accion-de-los-bomberos-evita-tragedia-durante-incendio-en-villa-zaita\/","url":"https:\/\/lanoticia507.com\/noticia\/rapida-accion-de-los-bomberos-evita-tragedia-durante-incendio-en-villa-zaita\/","name":"R\u00e1pida acci\u00f3n de los bomberos evita tragedia durante incendio en Villa Zaita -","isPartOf":{"@id":"https:\/\/lanoticia507.com\/noticia\/#website"},"primaryImageOfPage":{"@id":"https:\/\/lanoticia507.com\/noticia\/rapida-accion-de-los-bomberos-evita-tragedia-durante-incendio-en-villa-zaita\/#primaryimage"},"image":{"@id":"https:\/\/lanoticia507.com\/noticia\/rapida-accion-de-los-bomberos-evita-tragedia-durante-incendio-en-villa-zaita\/#primaryimage"},"thumbnailUrl":"https:\/\/lanoticia507.com\/noticia\/wp-content\/uploads\/2026\/09\/WhatsApp-Image-2026-09-01-at-4.38.55-AM.jpeg","datePublished":"2026-09-01T14:26:22+00:00","dateModified":"2026-09-01T14:26:23+00:00","breadcrumb":{"@id":"https:\/\/lanoticia507.com\/noticia\/rapida-accion-de-los-bomberos-evita-tragedia-durante-incendio-en-villa-zaita\/#breadcrumb"},"inLanguage":"es","potentialAction":[{"@type":"ReadAction","target":["https:\/\/lanoticia507.com\/noticia\/rapida-accion-de-los-bomberos-evita-tragedia-durante-incendio-en-villa-zaita\/"]}]},{"@type":"ImageObject","inLanguage":"es","@id":"https:\/\/lanoticia507.com\/noticia\/rapida-accion-de-los-bomberos-evita-tragedia-durante-incendio-en-villa-zaita\/#primaryimage","url":"https:\/\/lanoticia507.com\/noticia\/wp-content\/uploads\/2026\/09\/WhatsApp-Image-2026-09-01-at-4.38.55-AM.jpeg","contentUrl":"https:\/\/lanoticia507.com\/noticia\/wp-content\/uploads\/2026\/09\/WhatsApp-Image-2026-09-01-at-4.38.55-AM.jpeg","width":1600,"height":1200},{"@type":"BreadcrumbList","@id":"https:\/\/lanoticia507.com\/noticia\/rapida-accion-de-los-bomberos-evita-tragedia-durante-incendio-en-villa-zaita\/#breadcrumb","itemListElement":[{"@type":"ListItem","position":1,"name":"Portada","item":"https:\/\/lanoticia507.com\/noticia\/"},{"@type":"ListItem","position":2,"name":"R\u00e1pida acci\u00f3n de los bomberos evita tragedia durante incendio en Villa Zaita"}]},{"@type":"WebSite","@id":"https:\/\/lanoticia507.com\/noticia\/#website","url":"https:\/\/lanoticia507.com\/noticia\/","name":"Noticias de Panam\u00e1 | \u00daltimas noticias de Panam\u00e1 | La Noticia 507","description":"","publisher":{"@id":"https:\/\/lanoticia507.com\/noticia\/#organization"},"potentialAction":[{"@type":"SearchAction","target":{"@type":"EntryPoint","urlTemplate":"https:\/\/lanoticia507.com\/noticia\/?s={search_term_string}"},"query-input":{"@type":"PropertyValueSpecification","valueRequired":true,"valueName":"search_term_string"}}],"inLanguage":"es"},{"@type":"Organization","@id":"https:\/\/lanoticia507.com\/noticia\/#organization","name":"Noticias de Panam\u00e1 | \u00daltimas noticias de Panam\u00e1 | La Noticia 507","url":"https:\/\/lanoticia507.com\/noticia\/","logo":{"@type":"ImageObject","inLanguage":"es","@id":"https:\/\/lanoticia507.com\/noticia\/#\/schema\/logo\/image\/","url":"https:\/\/lanoticia507.com\/noticia\/wp-content\/uploads\/2025\/04\/logo-la-noticia-507-150-sombra.png","contentUrl":"https:\/\/lanoticia507.com\/noticia\/wp-content\/uploads\/2025\/04\/logo-la-noticia-507-150-sombra.png","width":170,"height":170,"caption":"Noticias de Panam\u00e1 | \u00daltimas noticias de Panam\u00e1 | La Noticia 507"},"image":{"@id":"https:\/\/lanoticia507.com\/noticia\/#\/schema\/logo\/image\/"},"sameAs":["https:\/\/www.instagram.com\/lanoticia507","https:\/\/www.tiktok.com\/@lanoticia507"]},{"@type":"Person","@id":"https:\/\/lanoticia507.com\/noticia\/#\/schema\/person\/ef09ab363a6586838f4fe9d2ba0f2f8b","name":"lanoticia507","image":{"@type":"ImageObject","inLanguage":"es","@id":"https:\/\/lanoticia507.com\/noticia\/#\/schema\/person\/image\/","url":"https:\/\/secure.gravatar.com\/avatar\/e1934cbec687ee9715cc234eb1a6c727dfe980db8f0b92ad6e6bbb395ff2c52b?s=96&d=mm&r=g","contentUrl":"https:\/\/secure.gravatar.com\/avatar\/e1934cbec687ee9715cc234eb1a6c727dfe980db8f0b92ad6e6bbb395ff2c52b?s=96&d=mm&r=g","caption":"lanoticia507"},"url":"https:\/\/lanoticia507.com\/noticia\/author\/c2791082\/"}]}},"featured_image_urls":{"full":["https:\/\/lanoticia507.com\/noticia\/wp-content\/uploads\/2026\/09\/WhatsApp-Image-2026-09-01-at-4.38.55-AM.jpeg",1600,1200,false],"thumbnail":["https:\/\/lanoticia507.com\/noticia\/wp-content\/uploads\/2026\/09\/WhatsApp-Image-2026-09-01-at-4.38.55-AM-150x150.jpeg",150,150,true],"medium":["https:\/\/lanoticia507.com\/noticia\/wp-content\/uploads\/2026\/09\/WhatsApp-Image-2026-09-01-at-4.38.55-AM-300x225.jpeg",300,225,true],"medium_large":["https:\/\/lanoticia507.com\/noticia\/wp-content\/uploads\/2026\/09\/WhatsApp-Image-2026-09-01-at-4.38.55-AM-768x576.jpeg",640,480,true],"large":["https:\/\/lanoticia507.com\/noticia\/wp-content\/uploads\/2026\/09\/WhatsApp-Image-2026-09-01-at-4.38.55-AM-1024x768.jpeg",640,480,true],"1536x1536":["https:\/\/lanoticia507.com\/noticia\/wp-content\/uploads\/2026\/09\/WhatsApp-Image-2026-09-01-at-4.38.55-AM-1536x1152.jpeg",1536,1152,true],"2048x2048":["https:\/\/lanoticia507.com\/noticia\/wp-content\/uploads\/2026\/09\/WhatsApp-Image-2026-09-01-at-4.38.55-AM.jpeg",1600,1200,false],"morenews-featured":["https:\/\/lanoticia507.com\/noticia\/wp-content\/uploads\/2026\/09\/WhatsApp-Image-2026-09-01-at-4.38.55-AM-1024x768.jpeg",1024,768,true],"morenews-large":["https:\/\/lanoticia507.com\/noticia\/wp-content\/uploads\/2026\/09\/WhatsApp-Image-2026-09-01-at-4.38.55-AM-825x575.jpeg",825,575,true],"morenews-medium":["https:\/\/lanoticia507.com\/noticia\/wp-content\/uploads\/2026\/09\/WhatsApp-Image-2026-09-01-at-4.38.55-AM-590x410.jpeg",590,410,true]},"author_info":{"display_name":"lanoticia507","author_link":"https:\/\/lanoticia507.com\/noticia\/author\/c2791082\/"},"category_info":"<a href=\"https:\/\/lanoticia507.com\/noticia\/category\/sucesos\/\" rel=\"category tag\">Sucesos<\/a>","tag_info":"Sucesos","comment_count":"0","_links":{"self":[{"href":"https:\/\/lanoticia507.com\/noticia\/wp-json\/wp\/v2\/posts\/3153","targetHints":{"allow":["GET"]}}],"collection":[{"href":"https:\/\/lanoticia507.com\/noticia\/wp-json\/wp\/v2\/posts"}],"about":[{"href":"https:\/\/lanoticia507.com\/noticia\/wp-json\/wp\/v2\/types\/post"}],"author":[{"embeddable":true,"href":"https:\/\/lanoticia507.com\/noticia\/wp-json\/wp\/v2\/users\/2"}],"replies":[{"embeddable":true,"href":"https:\/\/lanoticia507.com\/noticia\/wp-json\/wp\/v2\/comments?post=3153"}],"version-history":[{"count":1,"href":"https:\/\/lanoticia507.com\/noticia\/wp-json\/wp\/v2\/posts\/3153\/revisions"}],"predecessor-version":[{"id":3155,"href":"https:\/\/lanoticia507.com\/noticia\/wp-json\/wp\/v2\/posts\/3153\/revisions\/3155"}],"wp:featuredmedia":[{"embeddable":true,"href":"https:\/\/lanoticia507.com\/noticia\/wp-json\/wp\/v2\/media\/3154"}],"wp:attachment":[{"href":"https:\/\/lanoticia507.com\/noticia\/wp-json\/wp\/v2\/media?parent=3153"}],"wp:term":[{"taxonomy":"category","embeddable":true,"href":"https:\/\/lanoticia507.com\/noticia\/wp-json\/wp\/v2\/categories?post=3153"},{"taxonomy":"post_tag","embeddable":true,"href":"https:\/\/lanoticia507.com\/noticia\/wp-json\/wp\/v2\/tags?post=3153"}],"curies":[{"name":"wp","href":"https:\/\/api.w.org\/{rel}","templated":true}]}}